{"id":49648,"date":"2021-06-21T10:37:00","date_gmt":"2021-06-21T10:37:00","guid":{"rendered":"https:\/\/jorgezanoni.com.br\/2019\/?p=49648"},"modified":"2021-06-21T10:37:00","modified_gmt":"2021-06-21T10:37:00","slug":"morre-juliana-cristina-tozeli-aos-38-anos","status":"publish","type":"post","link":"https:\/\/jorgezanoni.com.br\/2019\/morre-juliana-cristina-tozeli-aos-38-anos\/","title":{"rendered":"Morre Juliana Cristina Tozeli aos 38 anos"},"content":{"rendered":"<p style=\"text-align: justify;\">Comunicamos com pesar o falecimento de Juliana Cristina Tozeli de 38 anos. Segundo informa\u00e7\u00f5es obtidas pela reportagem do Site JZ, ela teria sofrido um infarto, foi socorrida ao Pronto Atendimento Municipal e n\u00e3o resistiu, vindo a \u00f3bito.<\/p>\n<p style=\"text-align: justify;\">Deixa esposo, filho, m\u00e3e, demais familiares e amigos.<\/p>\n<p style=\"text-align: justify;\">O seu Corpo est\u00e1 sendo velado no Memorial Vida Prev e o Sepultamento ocorre \u00e1s 13:00 Horas de hoje (21) no Cemit\u00e9rio Municipal de Dracena.<\/p>\n<p style=\"text-align: justify;\">Aos familiares e amigos, os sentimentos do Site JZ neste dif\u00edcil momento.<\/p>\n<p><img loading=\"lazy\" decoding=\"async\" class=\"alignnone size-full wp-image-49649\" src=\"https:\/\/jorgezanoni.com.br\/2019\/wp-content\/uploads\/2021\/06\/Juliana-vida.jpg\" alt=\"\" width=\"540\" height=\"540\" srcset=\"https:\/\/jorgezanoni.com.br\/2019\/wp-content\/uploads\/2021\/06\/Juliana-vida.jpg 540w, https:\/\/jorgezanoni.com.br\/2019\/wp-content\/uploads\/2021\/06\/Juliana-vida-300x300.jpg 300w, https:\/\/jorgezanoni.com.br\/2019\/wp-content\/uploads\/2021\/06\/Juliana-vida-150x150.jpg 150w, https:\/\/jorgezanoni.com.br\/2019\/wp-content\/uploads\/2021\/06\/Juliana-vida-420x420.jpg 420w\" sizes=\"auto, (max-width: 540px) 100vw, 540px\" \/><\/p>\n","protected":false},"excerpt":{"rendered":"<p>Comunicamos com pesar o falecimento de Juliana Cristina Tozeli de 38 anos. Segundo informa\u00e7\u00f5es obtidas pela reportagem do Site JZ, ela teria sofrido um infarto, foi socorrida ao Pronto Atendimento Municipal e n\u00e3o resistiu, vindo a \u00f3bito. Deixa esposo, filho, m\u00e3e, demais familiares e amigos. O seu Corpo est\u00e1 sendo velado no Memorial Vida Prev [&hellip;]<\/p>\n","protected":false},"author":1,"featured_media":49651,"comment_status":"closed","ping_status":"open","sticky":false,"template":"","format":"standard","meta":{"footnotes":""},"categories":[178,110],"tags":[],"class_list":["post-49648","post","type-post","status-publish","format-standard","has-post-thumbnail","hentry","category-notadefalecimento","category-noticiasdestaque"],"_links":{"self":[{"href":"https:\/\/jorgezanoni.com.br\/2019\/wp-json\/wp\/v2\/posts\/49648","targetHints":{"allow":["GET"]}}],"collection":[{"href":"https:\/\/jorgezanoni.com.br\/2019\/wp-json\/wp\/v2\/posts"}],"about":[{"href":"https:\/\/jorgezanoni.com.br\/2019\/wp-json\/wp\/v2\/types\/post"}],"author":[{"embeddable":true,"href":"https:\/\/jorgezanoni.com.br\/2019\/wp-json\/wp\/v2\/users\/1"}],"replies":[{"embeddable":true,"href":"https:\/\/jorgezanoni.com.br\/2019\/wp-json\/wp\/v2\/comments?post=49648"}],"version-history":[{"count":0,"href":"https:\/\/jorgezanoni.com.br\/2019\/wp-json\/wp\/v2\/posts\/49648\/revisions"}],"wp:featuredmedia":[{"embeddable":true,"href":"https:\/\/jorgezanoni.com.br\/2019\/wp-json\/wp\/v2\/media\/49651"}],"wp:attachment":[{"href":"https:\/\/jorgezanoni.com.br\/2019\/wp-json\/wp\/v2\/media?parent=49648"}],"wp:term":[{"taxonomy":"category","embeddable":true,"href":"https:\/\/jorgezanoni.com.br\/2019\/wp-json\/wp\/v2\/categories?post=49648"},{"taxonomy":"post_tag","embeddable":true,"href":"https:\/\/jorgezanoni.com.br\/2019\/wp-json\/wp\/v2\/tags?post=49648"}],"curies":[{"name":"wp","href":"https:\/\/api.w.org\/{rel}","templated":true}]}}