{"id":49645,"date":"2021-06-20T19:29:35","date_gmt":"2021-06-20T19:29:35","guid":{"rendered":"https:\/\/jorgezanoni.com.br\/2019\/?p=49645"},"modified":"2021-06-20T19:29:35","modified_gmt":"2021-06-20T19:29:35","slug":"policia-militar-em-acao-de-forca-tatica-prende-homem-por-trafico-de-drogas-em-dracena","status":"publish","type":"post","link":"https:\/\/jorgezanoni.com.br\/2019\/policia-militar-em-acao-de-forca-tatica-prende-homem-por-trafico-de-drogas-em-dracena\/","title":{"rendered":"Pol\u00edcia Militar em a\u00e7\u00e3o de For\u00e7a T\u00e1tica prende homem por Tr\u00e1fico de Drogas em Dracena"},"content":{"rendered":"<p style=\"text-align: justify;\">Por volta das 19:30 Horas a Equipe de For\u00e7a T\u00e1tica em patrulhamento pela Rua Vendramim nas proximidades do local dos fatos, o qual j\u00e1 \u00e9 de conhecimento ser alvo de diversas den\u00fancias de tr\u00e1fico de drogas em desfavor do Indiciado 01 conhecido sendo avistado o Indiciado 02 sair com algo na m\u00e3o, entrar em seu ve\u00edculo e sair rapidamente. Realizado a abordagem foi localizado uma por\u00e7\u00e3o de Coca\u00edna sendo alegado por este que adquiriu do Indiciado 01 pela quantia de R$400,00 e que seria para seu uso pessoal. Diante dos fatos com o apoio de outra equipe de For\u00e7a T\u00e1tica e ap\u00f3s buscas foi localizado mais 02 por\u00e7\u00f5es da mesma droga e apetrechos para embalar a droga id\u00eanticos ao encontrado com o Indiciado 02. Dado voz de pris\u00e3o ao indiciado permanecendo o Indiciado 01 preso a disposi\u00e7\u00e3o da justi\u00e7a.<\/p>\n<p style=\"text-align: justify;\">Foram indiciados um indiv\u00edduo do sexo masculino de 44 anos e outro de 28 anos por porte. A testemunha foi um idoso de 74 anos.<\/p>\n<p style=\"text-align: justify;\">Foram apreendidos 03 Por\u00e7\u00f5es de Coca\u00edna (0,068 Kg) e Apretrechos para a merc\u00e2ncia de drogas.<\/p>\n<p style=\"text-align: justify;\">Fonte: 25 * BPM\/I &#8211; CIA FT<\/p>\n","protected":false},"excerpt":{"rendered":"<p>Por volta das 19:30 Horas a Equipe de For\u00e7a T\u00e1tica em patrulhamento pela Rua Vendramim nas proximidades do local dos fatos, o qual j\u00e1 \u00e9 de conhecimento ser alvo de diversas den\u00fancias de tr\u00e1fico de drogas em desfavor do Indiciado 01 conhecido sendo avistado o Indiciado 02 sair com algo na m\u00e3o, entrar em seu [&hellip;]<\/p>\n","protected":false},"author":1,"featured_media":49646,"comment_status":"closed","ping_status":"open","sticky":false,"template":"","format":"standard","meta":{"footnotes":""},"categories":[110,2],"tags":[],"class_list":["post-49645","post","type-post","status-publish","format-standard","has-post-thumbnail","hentry","category-noticiasdestaque","category-policial"],"_links":{"self":[{"href":"https:\/\/jorgezanoni.com.br\/2019\/wp-json\/wp\/v2\/posts\/49645","targetHints":{"allow":["GET"]}}],"collection":[{"href":"https:\/\/jorgezanoni.com.br\/2019\/wp-json\/wp\/v2\/posts"}],"about":[{"href":"https:\/\/jorgezanoni.com.br\/2019\/wp-json\/wp\/v2\/types\/post"}],"author":[{"embeddable":true,"href":"https:\/\/jorgezanoni.com.br\/2019\/wp-json\/wp\/v2\/users\/1"}],"replies":[{"embeddable":true,"href":"https:\/\/jorgezanoni.com.br\/2019\/wp-json\/wp\/v2\/comments?post=49645"}],"version-history":[{"count":0,"href":"https:\/\/jorgezanoni.com.br\/2019\/wp-json\/wp\/v2\/posts\/49645\/revisions"}],"wp:featuredmedia":[{"embeddable":true,"href":"https:\/\/jorgezanoni.com.br\/2019\/wp-json\/wp\/v2\/media\/49646"}],"wp:attachment":[{"href":"https:\/\/jorgezanoni.com.br\/2019\/wp-json\/wp\/v2\/media?parent=49645"}],"wp:term":[{"taxonomy":"category","embeddable":true,"href":"https:\/\/jorgezanoni.com.br\/2019\/wp-json\/wp\/v2\/categories?post=49645"},{"taxonomy":"post_tag","embeddable":true,"href":"https:\/\/jorgezanoni.com.br\/2019\/wp-json\/wp\/v2\/tags?post=49645"}],"curies":[{"name":"wp","href":"https:\/\/api.w.org\/{rel}","templated":true}]}}