{"id":4963,"date":"2019-08-31T21:07:28","date_gmt":"2019-08-31T21:07:28","guid":{"rendered":"https:\/\/jorgezanoni.com.br\/2019\/?p=4963"},"modified":"2019-08-31T21:07:28","modified_gmt":"2019-08-31T21:07:28","slug":"escola-municipal-ottilia-braz-noguerol-desenvolve-projeto-de-pequenos-empreendedores","status":"publish","type":"post","link":"https:\/\/jorgezanoni.com.br\/2019\/escola-municipal-ottilia-braz-noguerol-desenvolve-projeto-de-pequenos-empreendedores\/","title":{"rendered":"Escola Municipal Ott\u00edlia Braz Noguerol desenvolve projeto de pequenos empreendedores"},"content":{"rendered":"<p style=\"text-align: justify;\">Alunos do 2\u00ba ano 5, da professora Renata Matias, da EMEFI Ott\u00edlia Braz Noguerol, est\u00e3o desenvolvendo o projeto \u201cTemperos Naturais\u201d, uma parceria da Prefeitura Municipal de Dracena, atrav\u00e9s da Secretaria de Educa\u00e7\u00e3o, com o SEBRAE (Servi\u00e7o Brasileiro de Apoio \u00e0s Micro e Pequenas Empresas).<\/p>\n<p><img loading=\"lazy\" decoding=\"async\" class=\"alignnone size-full wp-image-4964\" src=\"https:\/\/jorgezanoni.com.br\/2019\/wp-content\/uploads\/2019\/08\/otilia.jpeg\" alt=\"\" width=\"581\" height=\"1032\" srcset=\"https:\/\/jorgezanoni.com.br\/2019\/wp-content\/uploads\/2019\/08\/otilia.jpeg 581w, https:\/\/jorgezanoni.com.br\/2019\/wp-content\/uploads\/2019\/08\/otilia-169x300.jpeg 169w, https:\/\/jorgezanoni.com.br\/2019\/wp-content\/uploads\/2019\/08\/otilia-576x1024.jpeg 576w, https:\/\/jorgezanoni.com.br\/2019\/wp-content\/uploads\/2019\/08\/otilia-236x420.jpeg 236w\" sizes=\"auto, (max-width: 581px) 100vw, 581px\" \/><\/p>\n<p style=\"text-align: justify;\">De acordo com a diretora da escola, Rosana Santos da Silva Crist\u00f3fani, o objetivo \u00e9 fomentar a cultura empreendedora, considerando a autonomia do aluno para aprender, desenvolver atributos e atitudes necess\u00e1rios para a ger\u00eancia da pr\u00f3pria vida.<\/p>\n<p><img loading=\"lazy\" decoding=\"async\" class=\"alignnone size-full wp-image-4965\" src=\"https:\/\/jorgezanoni.com.br\/2019\/wp-content\/uploads\/2019\/08\/otilia2.jpeg\" alt=\"\" width=\"869\" height=\"1158\" srcset=\"https:\/\/jorgezanoni.com.br\/2019\/wp-content\/uploads\/2019\/08\/otilia2.jpeg 869w, https:\/\/jorgezanoni.com.br\/2019\/wp-content\/uploads\/2019\/08\/otilia2-225x300.jpeg 225w, https:\/\/jorgezanoni.com.br\/2019\/wp-content\/uploads\/2019\/08\/otilia2-768x1024.jpeg 768w, https:\/\/jorgezanoni.com.br\/2019\/wp-content\/uploads\/2019\/08\/otilia2-696x927.jpeg 696w, https:\/\/jorgezanoni.com.br\/2019\/wp-content\/uploads\/2019\/08\/otilia2-315x420.jpeg 315w\" sizes=\"auto, (max-width: 869px) 100vw, 869px\" \/><\/p>\n<p style=\"text-align: justify;\">O projeto coloca em pr\u00e1tica os quatro pilares da educa\u00e7\u00e3o: aprender a conhecer; aprender a fazer; aprender a viver juntos e aprender a ser.\u00a0 \u00c9 um trabalho coletivo para alcan\u00e7ar um objetivo comum, explorando e conhecendo o trabalho no campo, do plantio \u00e0 venda de produtos e entre eles os temperos.<\/p>\n<p><img loading=\"lazy\" decoding=\"async\" class=\"alignnone size-full wp-image-4966\" src=\"https:\/\/jorgezanoni.com.br\/2019\/wp-content\/uploads\/2019\/08\/otilia3.jpeg\" alt=\"\" width=\"581\" height=\"1032\" srcset=\"https:\/\/jorgezanoni.com.br\/2019\/wp-content\/uploads\/2019\/08\/otilia3.jpeg 581w, https:\/\/jorgezanoni.com.br\/2019\/wp-content\/uploads\/2019\/08\/otilia3-169x300.jpeg 169w, https:\/\/jorgezanoni.com.br\/2019\/wp-content\/uploads\/2019\/08\/otilia3-576x1024.jpeg 576w, https:\/\/jorgezanoni.com.br\/2019\/wp-content\/uploads\/2019\/08\/otilia3-236x420.jpeg 236w\" sizes=\"auto, (max-width: 581px) 100vw, 581px\" \/><\/p>\n<p style=\"text-align: justify;\">\u201cAp\u00f3s os alunos conhecerem, eles estudaram o or\u00e9gano e o manjeric\u00e3o, que s\u00e3o utilizados no preparo da pizza. Ent\u00e3o, os pequenos empreendedores planejaram a venda de pizzas com esses temperos\u201d, informou a coordenadora pedag\u00f3gica da EMEFI Ott\u00edlia Braz Ana Fl\u00e1via Bordoni.<\/p>\n<p><img loading=\"lazy\" decoding=\"async\" class=\"alignnone size-full wp-image-4967\" src=\"https:\/\/jorgezanoni.com.br\/2019\/wp-content\/uploads\/2019\/08\/otilia4.jpeg\" alt=\"\" width=\"581\" height=\"1032\" srcset=\"https:\/\/jorgezanoni.com.br\/2019\/wp-content\/uploads\/2019\/08\/otilia4.jpeg 581w, https:\/\/jorgezanoni.com.br\/2019\/wp-content\/uploads\/2019\/08\/otilia4-169x300.jpeg 169w, https:\/\/jorgezanoni.com.br\/2019\/wp-content\/uploads\/2019\/08\/otilia4-576x1024.jpeg 576w, https:\/\/jorgezanoni.com.br\/2019\/wp-content\/uploads\/2019\/08\/otilia4-236x420.jpeg 236w\" sizes=\"auto, (max-width: 581px) 100vw, 581px\" \/><\/p>\n<p style=\"text-align: justify;\">Durante o preparo das pizzas com os alunos, a professora Renata explorou diversos conte\u00fados de sala de aula, principalmente a matem\u00e1tica. A culmin\u00e2ncia do projeto ser\u00e1 uma feira empreendedora para mostrar os produtos elaborados nesse espa\u00e7o.<\/p>\n<p style=\"text-align: justify;\">Na oportunidade, as crian\u00e7as apresentar\u00e3o e vender\u00e3o seus produtos para os colegas, pais, professores e convidados, decidindo o que fazer com os lucros obtidos, no papel de protagonistas, com melhor vis\u00e3o do retorno de seus esfor\u00e7os.<\/p>\n<p style=\"text-align: justify;\">Para a Secret\u00e1ria de Educa\u00e7\u00e3o Prof\u00aa. Ms. Vanessa Maria Red\u00edgollo Castilho, \u201cesse programa de Educa\u00e7\u00e3o Empreendedora do SEBRAE \u00e9 de grande import\u00e2ncia, pois visa ampliar, promover e disseminar o aprendizado sobre empreendedorismo nas institui\u00e7\u00f5es de ensino como forma de contribuir para o sucesso de novas gera\u00e7\u00f5es\u201d.<\/p>\n<p>Fonte: Diretoria de Comunica\u00e7\u00e3o<\/p>\n","protected":false},"excerpt":{"rendered":"<p>Alunos do 2\u00ba ano 5, da professora Renata Matias, da EMEFI Ott\u00edlia Braz Noguerol, est\u00e3o desenvolvendo o projeto \u201cTemperos Naturais\u201d, uma parceria da Prefeitura Municipal de Dracena, atrav\u00e9s da Secretaria de Educa\u00e7\u00e3o, com o SEBRAE (Servi\u00e7o Brasileiro de Apoio \u00e0s Micro e Pequenas Empresas). De acordo com a diretora da escola, Rosana Santos da Silva [&hellip;]<\/p>\n","protected":false},"author":1,"featured_media":4968,"comment_status":"closed","ping_status":"open","sticky":false,"template":"","format":"standard","meta":{"footnotes":""},"categories":[122],"tags":[],"class_list":["post-4963","post","type-post","status-publish","format-standard","has-post-thumbnail","hentry","category-saudeeducacaoeconcurso"],"_links":{"self":[{"href":"https:\/\/jorgezanoni.com.br\/2019\/wp-json\/wp\/v2\/posts\/4963","targetHints":{"allow":["GET"]}}],"collection":[{"href":"https:\/\/jorgezanoni.com.br\/2019\/wp-json\/wp\/v2\/posts"}],"about":[{"href":"https:\/\/jorgezanoni.com.br\/2019\/wp-json\/wp\/v2\/types\/post"}],"author":[{"embeddable":true,"href":"https:\/\/jorgezanoni.com.br\/2019\/wp-json\/wp\/v2\/users\/1"}],"replies":[{"embeddable":true,"href":"https:\/\/jorgezanoni.com.br\/2019\/wp-json\/wp\/v2\/comments?post=4963"}],"version-history":[{"count":0,"href":"https:\/\/jorgezanoni.com.br\/2019\/wp-json\/wp\/v2\/posts\/4963\/revisions"}],"wp:featuredmedia":[{"embeddable":true,"href":"https:\/\/jorgezanoni.com.br\/2019\/wp-json\/wp\/v2\/media\/4968"}],"wp:attachment":[{"href":"https:\/\/jorgezanoni.com.br\/2019\/wp-json\/wp\/v2\/media?parent=4963"}],"wp:term":[{"taxonomy":"category","embeddable":true,"href":"https:\/\/jorgezanoni.com.br\/2019\/wp-json\/wp\/v2\/categories?post=4963"},{"taxonomy":"post_tag","embeddable":true,"href":"https:\/\/jorgezanoni.com.br\/2019\/wp-json\/wp\/v2\/tags?post=4963"}],"curies":[{"name":"wp","href":"https:\/\/api.w.org\/{rel}","templated":true}]}}