{"id":49612,"date":"2021-06-19T19:26:49","date_gmt":"2021-06-19T19:26:49","guid":{"rendered":"https:\/\/jorgezanoni.com.br\/2019\/?p=49612"},"modified":"2021-06-19T19:26:49","modified_gmt":"2021-06-19T19:26:49","slug":"fique-informado-sobre-o-dia-da-vacinacao-da-covid-em-dracena","status":"publish","type":"post","link":"https:\/\/jorgezanoni.com.br\/2019\/fique-informado-sobre-o-dia-da-vacinacao-da-covid-em-dracena\/","title":{"rendered":"Fique informado sobre o dia da Vacina\u00e7\u00e3o da COVID em Dracena"},"content":{"rendered":"<p style=\"text-align: justify;\">\ud83d\udc89\ud83e\udda0\ud83d\udc89VACINA COVID: NA SEGUNDA SER\u00c1 PARA 49 ANOS OU MAIS<br \/>\n\ud83d\udc49A Vigil\u00e2ncia Epidemiol\u00f3gica informa que esta semana em Dracena, de segunda at\u00e9 hoje, 18, foram vacinadas 3.590 pessoas contra a covid 19.<\/p>\n<p style=\"text-align: justify;\">\ud83d\udc49Na segunda-feira, 21, a vacina ser\u00e1 para as pessoas com 49 anos ou mais. Aqueles contemplados com a vacina que ainda n\u00e3o foram receber o imunizante devem comparecer aos postos de vacina\u00e7\u00e3o. Nesta semana foram atendidas pessoas na faixa et\u00e1ria de 50 a 59 anos.<\/p>\n<p style=\"text-align: justify;\">\ud83d\udc49O p\u00fablico que est\u00e1 com a segunda dose agendada precisa verificar a data no cart\u00e3o vacinal e procurar pelo servi\u00e7o no dia certo, porque o esquema vacinal s\u00f3 estar\u00e1 completo com as duas doses.<\/p>\n<p style=\"text-align: justify;\">POSTOS DE VACINA\u00c7\u00c3O:<br \/>\nCEP-UME das 8h \u00e0s 13 (Rua Brasil, 1.478, Centro)<br \/>\nESCOLA MUNICIPAL JO\u00c3O VENDRAMINI das 8h \u00e0s 12h (Rua Edson Silveira Campos, 1.645, Centro)<\/p>\n<p style=\"text-align: justify;\">\ud83d\udc49Acompanhe o site, o Facebook e Instagram oficial do munic\u00edpio para ficar por dentro das informa\u00e7\u00f5es quanto o cronograma da vacina e outras not\u00edcias.<\/p>\n<p style=\"text-align: justify;\">Fonte: Diretoria de Comunica\u00e7\u00e3o<\/p>\n","protected":false},"excerpt":{"rendered":"<p>\ud83d\udc89\ud83e\udda0\ud83d\udc89VACINA COVID: NA SEGUNDA SER\u00c1 PARA 49 ANOS OU MAIS \ud83d\udc49A Vigil\u00e2ncia Epidemiol\u00f3gica informa que esta semana em Dracena, de segunda at\u00e9 hoje, 18, foram vacinadas 3.590 pessoas contra a covid 19. \ud83d\udc49Na segunda-feira, 21, a vacina ser\u00e1 para as pessoas com 49 anos ou mais. Aqueles contemplados com a vacina que ainda n\u00e3o foram [&hellip;]<\/p>\n","protected":false},"author":1,"featured_media":49613,"comment_status":"closed","ping_status":"open","sticky":false,"template":"","format":"standard","meta":{"footnotes":""},"categories":[179,184,110],"tags":[],"class_list":["post-49612","post","type-post","status-publish","format-standard","has-post-thumbnail","hentry","category-cidadeseregiao","category-dracena","category-noticiasdestaque"],"_links":{"self":[{"href":"https:\/\/jorgezanoni.com.br\/2019\/wp-json\/wp\/v2\/posts\/49612","targetHints":{"allow":["GET"]}}],"collection":[{"href":"https:\/\/jorgezanoni.com.br\/2019\/wp-json\/wp\/v2\/posts"}],"about":[{"href":"https:\/\/jorgezanoni.com.br\/2019\/wp-json\/wp\/v2\/types\/post"}],"author":[{"embeddable":true,"href":"https:\/\/jorgezanoni.com.br\/2019\/wp-json\/wp\/v2\/users\/1"}],"replies":[{"embeddable":true,"href":"https:\/\/jorgezanoni.com.br\/2019\/wp-json\/wp\/v2\/comments?post=49612"}],"version-history":[{"count":0,"href":"https:\/\/jorgezanoni.com.br\/2019\/wp-json\/wp\/v2\/posts\/49612\/revisions"}],"wp:featuredmedia":[{"embeddable":true,"href":"https:\/\/jorgezanoni.com.br\/2019\/wp-json\/wp\/v2\/media\/49613"}],"wp:attachment":[{"href":"https:\/\/jorgezanoni.com.br\/2019\/wp-json\/wp\/v2\/media?parent=49612"}],"wp:term":[{"taxonomy":"category","embeddable":true,"href":"https:\/\/jorgezanoni.com.br\/2019\/wp-json\/wp\/v2\/categories?post=49612"},{"taxonomy":"post_tag","embeddable":true,"href":"https:\/\/jorgezanoni.com.br\/2019\/wp-json\/wp\/v2\/tags?post=49612"}],"curies":[{"name":"wp","href":"https:\/\/api.w.org\/{rel}","templated":true}]}}