{"id":49609,"date":"2021-06-19T19:06:07","date_gmt":"2021-06-19T19:06:07","guid":{"rendered":"https:\/\/jorgezanoni.com.br\/2019\/?p=49609"},"modified":"2021-06-19T19:06:07","modified_gmt":"2021-06-19T19:06:07","slug":"medico-e-agredido-por-preso-na-penitenciaria-de-dracena","status":"publish","type":"post","link":"https:\/\/jorgezanoni.com.br\/2019\/medico-e-agredido-por-preso-na-penitenciaria-de-dracena\/","title":{"rendered":"M\u00e9dico \u00e9 agredido por preso na Penitenci\u00e1ria de Dracena"},"content":{"rendered":"<p style=\"text-align: justify;\"><strong><em>Ap\u00f3s m\u00e9dico avaliar falta de necessidade de medicamento contra diabetes, detento destruiu portas de vidro de arm\u00e1rios de rem\u00e9dios, cadeira, espelho, e acabou ferindo profissional da sa\u00fade.<\/em><\/strong><\/p>\n<p style=\"text-align: justify;\">Um detento destruiu quase toda a sala de atendimento m\u00e9dico e agrediu um profissional de sa\u00fade na Penitenci\u00e1ria de Dracena, durante a manh\u00e3 desta sexta-feira (18). Ap\u00f3s medir o n\u00edvel glic\u00eamico do preso, o m\u00e9dico constatou a falta de necessidade de medica\u00e7\u00e3o para diabetes. No entanto, o sentenciado insistiu em receber os rem\u00e9dios, passando a atirar objetos contra o servidor, causando diversos danos na sala.<\/p>\n<p style=\"text-align: justify;\">O m\u00e9dico ficou ferido com corte e escoria\u00e7\u00e3o nos cotovelos. Pelo menos um negatosc\u00f3pio (painel de luz para leitura de exames), um quadro, uma cadeira, uma mesa, um espelho e quatro portas de vidro de dois arm\u00e1rios de rem\u00e9dios foram danificados.<\/p>\n<p style=\"text-align: justify;\">Mesmo diante de v\u00e1rias ordens para que o preso parasse de arremessar objetos, o mesmo s\u00f3 foi contido ap\u00f3s a chegada do refor\u00e7o de policiais penais. Todos os cuidados junto a diretoria do pres\u00eddio est\u00e3o sendo tomados, assim como os procedimentos administrativos neste tipo de ocasi\u00e3o. O fato tamb\u00e9m foi registrado em boletim de ocorr\u00eancia na delegacia da cidade.<\/p>\n<p style=\"text-align: justify;\">Com capacidade para 844 presos, a Penitenci\u00e1ria de Dracena tem uma popula\u00e7\u00e3o prisional de 1312, o que representa uma superlota\u00e7\u00e3o acima de 55%, de acordo com informa\u00e7\u00f5es da Secretaria de Administra\u00e7\u00e3o Penitenci\u00e1ria (SAP).<\/p>\n<p style=\"text-align: justify;\">O Sindicato dos Funcion\u00e1rios do Sistema Prisional do Estado de S\u00e3o Paulo (SIFUSPESP) esteve em contato com o servidor agredido, por meio de seus representantes, para dar o devido respaldo em apoio ao trabalhador.<\/p>\n<p style=\"text-align: justify;\">https:\/\/www.sifuspesp.org.br\/noticias\/8907-medico-e-agredido-por-preso-na-penitenciaria-de-dracena#deny<\/p>\n","protected":false},"excerpt":{"rendered":"<p>Ap\u00f3s m\u00e9dico avaliar falta de necessidade de medicamento contra diabetes, detento destruiu portas de vidro de arm\u00e1rios de rem\u00e9dios, cadeira, espelho, e acabou ferindo profissional da sa\u00fade. Um detento destruiu quase toda a sala de atendimento m\u00e9dico e agrediu um profissional de sa\u00fade na Penitenci\u00e1ria de Dracena, durante a manh\u00e3 desta sexta-feira (18). Ap\u00f3s medir [&hellip;]<\/p>\n","protected":false},"author":1,"featured_media":49610,"comment_status":"closed","ping_status":"open","sticky":false,"template":"","format":"standard","meta":{"footnotes":""},"categories":[110,2],"tags":[],"class_list":["post-49609","post","type-post","status-publish","format-standard","has-post-thumbnail","hentry","category-noticiasdestaque","category-policial"],"_links":{"self":[{"href":"https:\/\/jorgezanoni.com.br\/2019\/wp-json\/wp\/v2\/posts\/49609","targetHints":{"allow":["GET"]}}],"collection":[{"href":"https:\/\/jorgezanoni.com.br\/2019\/wp-json\/wp\/v2\/posts"}],"about":[{"href":"https:\/\/jorgezanoni.com.br\/2019\/wp-json\/wp\/v2\/types\/post"}],"author":[{"embeddable":true,"href":"https:\/\/jorgezanoni.com.br\/2019\/wp-json\/wp\/v2\/users\/1"}],"replies":[{"embeddable":true,"href":"https:\/\/jorgezanoni.com.br\/2019\/wp-json\/wp\/v2\/comments?post=49609"}],"version-history":[{"count":0,"href":"https:\/\/jorgezanoni.com.br\/2019\/wp-json\/wp\/v2\/posts\/49609\/revisions"}],"wp:featuredmedia":[{"embeddable":true,"href":"https:\/\/jorgezanoni.com.br\/2019\/wp-json\/wp\/v2\/media\/49610"}],"wp:attachment":[{"href":"https:\/\/jorgezanoni.com.br\/2019\/wp-json\/wp\/v2\/media?parent=49609"}],"wp:term":[{"taxonomy":"category","embeddable":true,"href":"https:\/\/jorgezanoni.com.br\/2019\/wp-json\/wp\/v2\/categories?post=49609"},{"taxonomy":"post_tag","embeddable":true,"href":"https:\/\/jorgezanoni.com.br\/2019\/wp-json\/wp\/v2\/tags?post=49609"}],"curies":[{"name":"wp","href":"https:\/\/api.w.org\/{rel}","templated":true}]}}