{"id":49597,"date":"2021-06-19T17:15:46","date_gmt":"2021-06-19T17:15:46","guid":{"rendered":"https:\/\/jorgezanoni.com.br\/2019\/?p=49597"},"modified":"2021-06-19T17:15:46","modified_gmt":"2021-06-19T17:15:46","slug":"aniversariantes-do-dia-19-06-21","status":"publish","type":"post","link":"https:\/\/jorgezanoni.com.br\/2019\/aniversariantes-do-dia-19-06-21\/","title":{"rendered":"Aniversariantes do Dia 19\/06\/21"},"content":{"rendered":"<p>PARABENIZAMOS OS ANIVERSARIANTES DE HOJE:<\/p>\n<p><img loading=\"lazy\" decoding=\"async\" class=\"alignnone size-full wp-image-49598\" src=\"https:\/\/jorgezanoni.com.br\/2019\/wp-content\/uploads\/2021\/06\/Carmen-Silvia-Cavalheiro-\u00c2ngelo.jpg\" alt=\"\" width=\"467\" height=\"542\" srcset=\"https:\/\/jorgezanoni.com.br\/2019\/wp-content\/uploads\/2021\/06\/Carmen-Silvia-Cavalheiro-\u00c2ngelo.jpg 467w, https:\/\/jorgezanoni.com.br\/2019\/wp-content\/uploads\/2021\/06\/Carmen-Silvia-Cavalheiro-\u00c2ngelo-258x300.jpg 258w, https:\/\/jorgezanoni.com.br\/2019\/wp-content\/uploads\/2021\/06\/Carmen-Silvia-Cavalheiro-\u00c2ngelo-362x420.jpg 362w\" sizes=\"auto, (max-width: 467px) 100vw, 467px\" \/>Carmen Silvia Cavalheiro \u00c2ngelo<\/p>\n<p><img loading=\"lazy\" decoding=\"async\" class=\"alignnone size-full wp-image-49599\" src=\"https:\/\/jorgezanoni.com.br\/2019\/wp-content\/uploads\/2021\/06\/Cidinha-Pessoa.jpg\" alt=\"\" width=\"958\" height=\"960\" srcset=\"https:\/\/jorgezanoni.com.br\/2019\/wp-content\/uploads\/2021\/06\/Cidinha-Pessoa.jpg 958w, https:\/\/jorgezanoni.com.br\/2019\/wp-content\/uploads\/2021\/06\/Cidinha-Pessoa-300x300.jpg 300w, https:\/\/jorgezanoni.com.br\/2019\/wp-content\/uploads\/2021\/06\/Cidinha-Pessoa-150x150.jpg 150w, https:\/\/jorgezanoni.com.br\/2019\/wp-content\/uploads\/2021\/06\/Cidinha-Pessoa-768x770.jpg 768w, https:\/\/jorgezanoni.com.br\/2019\/wp-content\/uploads\/2021\/06\/Cidinha-Pessoa-696x697.jpg 696w, https:\/\/jorgezanoni.com.br\/2019\/wp-content\/uploads\/2021\/06\/Cidinha-Pessoa-419x420.jpg 419w\" sizes=\"auto, (max-width: 958px) 100vw, 958px\" \/>Cidinha Pessoa<\/p>\n<p><img loading=\"lazy\" decoding=\"async\" class=\"alignnone size-full wp-image-49600\" src=\"https:\/\/jorgezanoni.com.br\/2019\/wp-content\/uploads\/2021\/06\/Edson-Carrasco-2.jpg\" alt=\"\" width=\"773\" height=\"623\" srcset=\"https:\/\/jorgezanoni.com.br\/2019\/wp-content\/uploads\/2021\/06\/Edson-Carrasco-2.jpg 773w, https:\/\/jorgezanoni.com.br\/2019\/wp-content\/uploads\/2021\/06\/Edson-Carrasco-2-300x242.jpg 300w, https:\/\/jorgezanoni.com.br\/2019\/wp-content\/uploads\/2021\/06\/Edson-Carrasco-2-768x619.jpg 768w, https:\/\/jorgezanoni.com.br\/2019\/wp-content\/uploads\/2021\/06\/Edson-Carrasco-2-696x561.jpg 696w, https:\/\/jorgezanoni.com.br\/2019\/wp-content\/uploads\/2021\/06\/Edson-Carrasco-2-521x420.jpg 521w\" sizes=\"auto, (max-width: 773px) 100vw, 773px\" \/>Edson Carrasco<\/p>\n<p><img loading=\"lazy\" decoding=\"async\" class=\"alignnone size-full wp-image-49601\" src=\"https:\/\/jorgezanoni.com.br\/2019\/wp-content\/uploads\/2021\/06\/Edson-Lopes-2.jpg\" alt=\"\" width=\"309\" height=\"326\" srcset=\"https:\/\/jorgezanoni.com.br\/2019\/wp-content\/uploads\/2021\/06\/Edson-Lopes-2.jpg 309w, https:\/\/jorgezanoni.com.br\/2019\/wp-content\/uploads\/2021\/06\/Edson-Lopes-2-284x300.jpg 284w\" sizes=\"auto, (max-width: 309px) 100vw, 309px\" \/>Edson Lopes<\/p>\n<p><img loading=\"lazy\" decoding=\"async\" class=\"alignnone size-full wp-image-49602\" src=\"https:\/\/jorgezanoni.com.br\/2019\/wp-content\/uploads\/2021\/06\/F\u00e1tima-Portari-Della-Bandeira.jpg\" alt=\"\" width=\"951\" height=\"960\" srcset=\"https:\/\/jorgezanoni.com.br\/2019\/wp-content\/uploads\/2021\/06\/F\u00e1tima-Portari-Della-Bandeira.jpg 951w, https:\/\/jorgezanoni.com.br\/2019\/wp-content\/uploads\/2021\/06\/F\u00e1tima-Portari-Della-Bandeira-297x300.jpg 297w, https:\/\/jorgezanoni.com.br\/2019\/wp-content\/uploads\/2021\/06\/F\u00e1tima-Portari-Della-Bandeira-150x150.jpg 150w, https:\/\/jorgezanoni.com.br\/2019\/wp-content\/uploads\/2021\/06\/F\u00e1tima-Portari-Della-Bandeira-768x775.jpg 768w, https:\/\/jorgezanoni.com.br\/2019\/wp-content\/uploads\/2021\/06\/F\u00e1tima-Portari-Della-Bandeira-696x703.jpg 696w, https:\/\/jorgezanoni.com.br\/2019\/wp-content\/uploads\/2021\/06\/F\u00e1tima-Portari-Della-Bandeira-416x420.jpg 416w\" sizes=\"auto, (max-width: 951px) 100vw, 951px\" \/>F\u00e1tima Portari Della Bandeira<\/p>\n<p><img loading=\"lazy\" decoding=\"async\" class=\"alignnone size-full wp-image-49603\" src=\"https:\/\/jorgezanoni.com.br\/2019\/wp-content\/uploads\/2021\/06\/Leila-de-Siqueira-Vichietti-2.jpg\" alt=\"\" width=\"488\" height=\"477\" srcset=\"https:\/\/jorgezanoni.com.br\/2019\/wp-content\/uploads\/2021\/06\/Leila-de-Siqueira-Vichietti-2.jpg 488w, https:\/\/jorgezanoni.com.br\/2019\/wp-content\/uploads\/2021\/06\/Leila-de-Siqueira-Vichietti-2-300x293.jpg 300w, https:\/\/jorgezanoni.com.br\/2019\/wp-content\/uploads\/2021\/06\/Leila-de-Siqueira-Vichietti-2-430x420.jpg 430w\" sizes=\"auto, (max-width: 488px) 100vw, 488px\" \/>Leila de Siqueira Vichietti<\/p>\n<p><img loading=\"lazy\" decoding=\"async\" class=\"alignnone size-full wp-image-49604\" src=\"https:\/\/jorgezanoni.com.br\/2019\/wp-content\/uploads\/2021\/06\/Leticia-Fernandes.jpg\" alt=\"\" width=\"677\" height=\"697\" srcset=\"https:\/\/jorgezanoni.com.br\/2019\/wp-content\/uploads\/2021\/06\/Leticia-Fernandes.jpg 677w, https:\/\/jorgezanoni.com.br\/2019\/wp-content\/uploads\/2021\/06\/Leticia-Fernandes-291x300.jpg 291w, https:\/\/jorgezanoni.com.br\/2019\/wp-content\/uploads\/2021\/06\/Leticia-Fernandes-408x420.jpg 408w\" sizes=\"auto, (max-width: 677px) 100vw, 677px\" \/>Let\u00edcia Fernandes<\/p>\n<p><img loading=\"lazy\" decoding=\"async\" class=\"alignnone size-full wp-image-49605\" src=\"https:\/\/jorgezanoni.com.br\/2019\/wp-content\/uploads\/2021\/06\/Patricia-Tagliari.jpg\" alt=\"\" width=\"720\" height=\"731\" srcset=\"https:\/\/jorgezanoni.com.br\/2019\/wp-content\/uploads\/2021\/06\/Patricia-Tagliari.jpg 720w, https:\/\/jorgezanoni.com.br\/2019\/wp-content\/uploads\/2021\/06\/Patricia-Tagliari-295x300.jpg 295w, https:\/\/jorgezanoni.com.br\/2019\/wp-content\/uploads\/2021\/06\/Patricia-Tagliari-696x707.jpg 696w, https:\/\/jorgezanoni.com.br\/2019\/wp-content\/uploads\/2021\/06\/Patricia-Tagliari-414x420.jpg 414w\" sizes=\"auto, (max-width: 720px) 100vw, 720px\" \/>Patr\u00edcia Tagliari<\/p>\n<p><img loading=\"lazy\" decoding=\"async\" class=\"alignnone size-full wp-image-49606\" src=\"https:\/\/jorgezanoni.com.br\/2019\/wp-content\/uploads\/2021\/06\/Pedro-Luiz.jpg\" alt=\"\" width=\"1504\" height=\"2015\" srcset=\"https:\/\/jorgezanoni.com.br\/2019\/wp-content\/uploads\/2021\/06\/Pedro-Luiz.jpg 1504w, https:\/\/jorgezanoni.com.br\/2019\/wp-content\/uploads\/2021\/06\/Pedro-Luiz-224x300.jpg 224w, https:\/\/jorgezanoni.com.br\/2019\/wp-content\/uploads\/2021\/06\/Pedro-Luiz-764x1024.jpg 764w, https:\/\/jorgezanoni.com.br\/2019\/wp-content\/uploads\/2021\/06\/Pedro-Luiz-768x1029.jpg 768w, https:\/\/jorgezanoni.com.br\/2019\/wp-content\/uploads\/2021\/06\/Pedro-Luiz-1146x1536.jpg 1146w, https:\/\/jorgezanoni.com.br\/2019\/wp-content\/uploads\/2021\/06\/Pedro-Luiz-696x932.jpg 696w, https:\/\/jorgezanoni.com.br\/2019\/wp-content\/uploads\/2021\/06\/Pedro-Luiz-1068x1431.jpg 1068w, https:\/\/jorgezanoni.com.br\/2019\/wp-content\/uploads\/2021\/06\/Pedro-Luiz-313x420.jpg 313w\" sizes=\"auto, (max-width: 1504px) 100vw, 1504px\" \/>Pedro Luiz<\/p>\n<p><img loading=\"lazy\" decoding=\"async\" class=\"alignnone size-full wp-image-49607\" src=\"https:\/\/jorgezanoni.com.br\/2019\/wp-content\/uploads\/2021\/06\/Sonia-Calais.jpg\" alt=\"\" width=\"391\" height=\"391\" srcset=\"https:\/\/jorgezanoni.com.br\/2019\/wp-content\/uploads\/2021\/06\/Sonia-Calais.jpg 391w, https:\/\/jorgezanoni.com.br\/2019\/wp-content\/uploads\/2021\/06\/Sonia-Calais-300x300.jpg 300w, https:\/\/jorgezanoni.com.br\/2019\/wp-content\/uploads\/2021\/06\/Sonia-Calais-150x150.jpg 150w\" sizes=\"auto, (max-width: 391px) 100vw, 391px\" \/>Sonia Calais<\/p>\n","protected":false},"excerpt":{"rendered":"<p>PARABENIZAMOS OS ANIVERSARIANTES DE HOJE: Carmen Silvia Cavalheiro \u00c2ngelo Cidinha Pessoa Edson Carrasco Edson Lopes F\u00e1tima Portari Della Bandeira Leila de Siqueira Vichietti Let\u00edcia Fernandes Patr\u00edcia Tagliari Pedro Luiz Sonia Calais<\/p>\n","protected":false},"author":1,"featured_media":49598,"comment_status":"closed","ping_status":"open","sticky":false,"template":"","format":"standard","meta":{"footnotes":""},"categories":[174],"tags":[],"class_list":["post-49597","post","type-post","status-publish","format-standard","has-post-thumbnail","hentry","category-aniversariantes"],"_links":{"self":[{"href":"https:\/\/jorgezanoni.com.br\/2019\/wp-json\/wp\/v2\/posts\/49597","targetHints":{"allow":["GET"]}}],"collection":[{"href":"https:\/\/jorgezanoni.com.br\/2019\/wp-json\/wp\/v2\/posts"}],"about":[{"href":"https:\/\/jorgezanoni.com.br\/2019\/wp-json\/wp\/v2\/types\/post"}],"author":[{"embeddable":true,"href":"https:\/\/jorgezanoni.com.br\/2019\/wp-json\/wp\/v2\/users\/1"}],"replies":[{"embeddable":true,"href":"https:\/\/jorgezanoni.com.br\/2019\/wp-json\/wp\/v2\/comments?post=49597"}],"version-history":[{"count":0,"href":"https:\/\/jorgezanoni.com.br\/2019\/wp-json\/wp\/v2\/posts\/49597\/revisions"}],"wp:featuredmedia":[{"embeddable":true,"href":"https:\/\/jorgezanoni.com.br\/2019\/wp-json\/wp\/v2\/media\/49598"}],"wp:attachment":[{"href":"https:\/\/jorgezanoni.com.br\/2019\/wp-json\/wp\/v2\/media?parent=49597"}],"wp:term":[{"taxonomy":"category","embeddable":true,"href":"https:\/\/jorgezanoni.com.br\/2019\/wp-json\/wp\/v2\/categories?post=49597"},{"taxonomy":"post_tag","embeddable":true,"href":"https:\/\/jorgezanoni.com.br\/2019\/wp-json\/wp\/v2\/tags?post=49597"}],"curies":[{"name":"wp","href":"https:\/\/api.w.org\/{rel}","templated":true}]}}