{"id":49586,"date":"2021-06-19T01:39:04","date_gmt":"2021-06-19T01:39:04","guid":{"rendered":"https:\/\/jorgezanoni.com.br\/2019\/?p=49586"},"modified":"2021-06-19T01:40:43","modified_gmt":"2021-06-19T01:40:43","slug":"policia-civil-prende-autores-dos-furtos-de-tres-motocicletas-ocorridos-em-dracena","status":"publish","type":"post","link":"https:\/\/jorgezanoni.com.br\/2019\/policia-civil-prende-autores-dos-furtos-de-tres-motocicletas-ocorridos-em-dracena\/","title":{"rendered":"Pol\u00edcia Civil prende autores dos furtos de tr\u00eas motocicletas ocorridos em Dracena"},"content":{"rendered":"<p style=\"text-align: justify;\">Em 27\/11\/2020, no per\u00edodo da manh\u00e3, ocorreu um furto de motocicleta na regi\u00e3o central da cidade. Com o registro da ocorr\u00eancia, agentes da D.I.G.\/D.I.S.E. de Dracena empreenderam dilig\u00eancias no sentido de levantar informa\u00e7\u00f5es que pudessem auxiliar na localiza\u00e7\u00e3o da motocicleta, bem como no esclarecimento da autoria. As informa\u00e7\u00f5es eram repassadas imediatamente a agentes do Centro de Intelig\u00eancia Policial (C.I.P.) da Delegacia Seccional de Dracena que, por meio de t\u00e9cnicas de intelig\u00eancia policial, conseguiram levantar que o ve\u00edculo, do tipo caminhonete, empregado na a\u00e7\u00e3o criminosa, era utilizado por um homem de 57 anos de idade, morador do munic\u00edpio de Brasil\u00e2ndia\/MS. Com base nestas informa\u00e7\u00f5es, foi solicitado apoio \u00e0 Pol\u00edcia Civil daquele munic\u00edpio.<br \/>\nNos dias 03\/12\/2020 e 23\/02\/2021 ocorreram mais dois furtos de motocicletas neste munic\u00edpio de Dracena. Verificou-se que as motocicletas furtadas neste per\u00edodo possu\u00edam as mesmas caracter\u00edsticas da motocicleta furtada em 27\/11\/2020.<br \/>\nEm 26\/02\/2021, agentes da Delegacia de Pol\u00edcia do Munic\u00edpio de Brasil\u00e2ndia\/MS, ap\u00f3s as informa\u00e7\u00f5es repassadas pela D.I.G.\/D.I.S.E. de Dracena, localizaram e apreenderam, nas depend\u00eancias de uma ind\u00fastria cer\u00e2mica daquele munic\u00edpio, a motocicleta furtada em Dracena, no dia 27\/11\/2020. Prosseguindo com as dilig\u00eancias, agentes da Delegacia de Pol\u00edcia do Munic\u00edpio de Brasil\u00e2ndia\/MS localizaram o homem de 57 anos de idade cuja caminhonete havia sido empregada na a\u00e7\u00e3o criminosa. Ele informou, em solo policial, que a caminhonete pertence \u00e0 sua fam\u00edlia e que, no m\u00eas de novembro, um colega (um homem de 25 anos idade) lhe solicitou uma carona para buscar uma moto no munic\u00edpio de Dracena e que talvez a moto n\u00e3o iria funcionar por estar com problemas mec\u00e2nicos, sendo necess\u00e1rio traz\u00ea-la na ca\u00e7amba da caminhonete. Ele tamb\u00e9m informou que n\u00e3o sabia que a motocicleta era produto de furto. Com base nestas informa\u00e7\u00f5es pelo homem de 57 anos de idade, o homem de 25 anos idade, morador do munic\u00edpio de Panorama\/SP, foi identificado e conduzido \u00e0 Delegacia de Pol\u00edcia de Brasil\u00e2ndia\/MS onde, em solo policial, assumiu a pr\u00e1tica dos tr\u00eas furtos de motocicletas ocorridos em Dracena. Ele tamb\u00e9m informou que contou com a participa\u00e7\u00e3o do colega (homem de 57 anos de idade), desde o in\u00edcio, e n\u00e3o apenas no transporte das motos e que eles j\u00e1 sa\u00edram de Brasil\u00e2ndia com o objetivo de furtar as motocicletas, j\u00e1 previamente acordado.<br \/>\nEm 02\/03\/2021, agentes da Delegacia de Pol\u00edcia do Munic\u00edpio de Brasil\u00e2ndia\/MS localizaram em uma borracharia, localizada pr\u00f3ximo ao portal de sa\u00edda para o munic\u00edpio de Tr\u00eas Lagoas\/MS, a motocicleta furtada no dia 23\/02\/2021. E no dia 03\/03\/2021, localizaram em uma fazenda, localizada, localizada no Bairro C\u00f3rrego Azul, a motocicleta furtada no dia 03\/12\/2020.<br \/>\nA motocicletas recuperadas foram trazidas ao munic\u00edpio de Dracena por agentes da D.I.G.\/D.I.S.E. local e restitu\u00eddas aos seus propriet\u00e1rios.<br \/>\nDiante do exposto, a Autoridade Policial titular da Delegacia de Investiga\u00e7\u00f5es Gerais de Dracena\/SP representou pelos Mandados de Pris\u00e3o Preventiva em desfavor dos dois homens, os quais foram deferidos pela Excelent\u00edssima Ju\u00edza de Direito da 3\u00aa Vara do Foro da Comarca de Dracena\/SP.<br \/>\nNo dia 16\/06\/2021, agentes da Delegacia de Pol\u00edcia do Munic\u00edpio de Panorama\/SP, em apoio a agentes da D.I.G.\/D.I.S.E. de Dracena, efetuaram a pris\u00e3o do homem de 25 anos de idade, no munic\u00edpio de Panorama\/SP. E no dia 17\/06\/2021, agentes da Delegacia de Pol\u00edcia do Munic\u00edpio de Brasil\u00e2ndia\/MS, em apoio a agentes da D.I.G.\/D.I.S.E. de Dracena, efetuaram a pris\u00e3o do homem de 57 anos de idade, no munic\u00edpio de Brasil\u00e2ndia\/MS. Os presos foram encaminhados a uma unidade regional da Secretaria da Administra\u00e7\u00e3o Penitenci\u00e1ria onde se encontram \u00e0 disposi\u00e7\u00e3o da Justi\u00e7a.<\/p>\n<p><img loading=\"lazy\" decoding=\"async\" class=\"alignnone size-full wp-image-49589\" src=\"https:\/\/jorgezanoni.com.br\/2019\/wp-content\/uploads\/2021\/06\/Moto-1.jpg\" alt=\"\" width=\"1156\" height=\"534\" srcset=\"https:\/\/jorgezanoni.com.br\/2019\/wp-content\/uploads\/2021\/06\/Moto-1.jpg 1156w, https:\/\/jorgezanoni.com.br\/2019\/wp-content\/uploads\/2021\/06\/Moto-1-300x139.jpg 300w, https:\/\/jorgezanoni.com.br\/2019\/wp-content\/uploads\/2021\/06\/Moto-1-1024x473.jpg 1024w, https:\/\/jorgezanoni.com.br\/2019\/wp-content\/uploads\/2021\/06\/Moto-1-768x355.jpg 768w, https:\/\/jorgezanoni.com.br\/2019\/wp-content\/uploads\/2021\/06\/Moto-1-696x322.jpg 696w, https:\/\/jorgezanoni.com.br\/2019\/wp-content\/uploads\/2021\/06\/Moto-1-1068x493.jpg 1068w, https:\/\/jorgezanoni.com.br\/2019\/wp-content\/uploads\/2021\/06\/Moto-1-909x420.jpg 909w\" sizes=\"auto, (max-width: 1156px) 100vw, 1156px\" \/>Fonte: Com. Social Pol\u00edcia Civil<\/p>\n","protected":false},"excerpt":{"rendered":"<p>Em 27\/11\/2020, no per\u00edodo da manh\u00e3, ocorreu um furto de motocicleta na regi\u00e3o central da cidade. Com o registro da ocorr\u00eancia, agentes da D.I.G.\/D.I.S.E. de Dracena empreenderam dilig\u00eancias no sentido de levantar informa\u00e7\u00f5es que pudessem auxiliar na localiza\u00e7\u00e3o da motocicleta, bem como no esclarecimento da autoria. As informa\u00e7\u00f5es eram repassadas imediatamente a agentes do Centro [&hellip;]<\/p>\n","protected":false},"author":1,"featured_media":49588,"comment_status":"closed","ping_status":"open","sticky":false,"template":"","format":"standard","meta":{"footnotes":""},"categories":[110,2],"tags":[],"class_list":["post-49586","post","type-post","status-publish","format-standard","has-post-thumbnail","hentry","category-noticiasdestaque","category-policial"],"_links":{"self":[{"href":"https:\/\/jorgezanoni.com.br\/2019\/wp-json\/wp\/v2\/posts\/49586","targetHints":{"allow":["GET"]}}],"collection":[{"href":"https:\/\/jorgezanoni.com.br\/2019\/wp-json\/wp\/v2\/posts"}],"about":[{"href":"https:\/\/jorgezanoni.com.br\/2019\/wp-json\/wp\/v2\/types\/post"}],"author":[{"embeddable":true,"href":"https:\/\/jorgezanoni.com.br\/2019\/wp-json\/wp\/v2\/users\/1"}],"replies":[{"embeddable":true,"href":"https:\/\/jorgezanoni.com.br\/2019\/wp-json\/wp\/v2\/comments?post=49586"}],"version-history":[{"count":0,"href":"https:\/\/jorgezanoni.com.br\/2019\/wp-json\/wp\/v2\/posts\/49586\/revisions"}],"wp:featuredmedia":[{"embeddable":true,"href":"https:\/\/jorgezanoni.com.br\/2019\/wp-json\/wp\/v2\/media\/49588"}],"wp:attachment":[{"href":"https:\/\/jorgezanoni.com.br\/2019\/wp-json\/wp\/v2\/media?parent=49586"}],"wp:term":[{"taxonomy":"category","embeddable":true,"href":"https:\/\/jorgezanoni.com.br\/2019\/wp-json\/wp\/v2\/categories?post=49586"},{"taxonomy":"post_tag","embeddable":true,"href":"https:\/\/jorgezanoni.com.br\/2019\/wp-json\/wp\/v2\/tags?post=49586"}],"curies":[{"name":"wp","href":"https:\/\/api.w.org\/{rel}","templated":true}]}}