{"id":49582,"date":"2021-06-18T15:26:03","date_gmt":"2021-06-18T15:26:03","guid":{"rendered":"https:\/\/jorgezanoni.com.br\/2019\/?p=49582"},"modified":"2021-06-18T15:26:03","modified_gmt":"2021-06-18T15:26:03","slug":"caso-sara-scarabelli-sessao-extra-na-camara-hoje-define-futuro-da-vereadora","status":"publish","type":"post","link":"https:\/\/jorgezanoni.com.br\/2019\/caso-sara-scarabelli-sessao-extra-na-camara-hoje-define-futuro-da-vereadora\/","title":{"rendered":"CASO SARA SCARABELLI: Sess\u00e3o Extra na C\u00e2mara hoje, define futuro da Vereadora"},"content":{"rendered":"<p style=\"text-align: justify;\">Caso n\u00e3o haja intercorr\u00eancia de \u00faltima hora, acontece hoje (18), a partir das 14:30 Horas, a Sess\u00e3o Extra na C\u00e2mara Municipal de Dracena para vota\u00e7\u00e3o da den\u00fancia contra a Vereadora Sara Scarabelli.<\/p>\n<p style=\"text-align: justify;\">Anteriormente a Sess\u00e3o j\u00e1 foi adiada por duas v\u00eazes inclusive por conta de Liminares. Hoje a popula\u00e7\u00e3o espera que o caso que ainda pode ter desdobramentos na Justi\u00e7a e se arrastar por um longo per\u00edodo que seja definido se a Vereadora faltou ou n\u00e3o com o Decoro Parlamentar e consta como culpada ou inocente.<\/p>\n<p style=\"text-align: justify;\">O Presidente da C\u00e2mara Claudinei Millan (Mel\u00e3o) n\u00e3o participa por estar internado. Tamb\u00e9m n\u00e3o votam a pr\u00f3pria Vereadora denunciada e o Vereador denunciante Davi Silva. Os tr\u00eas que n\u00e3o votam ter\u00e3o os Suplentes compondo a Sess\u00e3o de hoje.<\/p>\n<p style=\"text-align: justify;\">O Site JZ estar\u00e1 presente na Sess\u00e3o Extra e trar\u00e1 o resultado ao Vivo para conhecimento da popula\u00e7\u00e3o e eleitores dracenenses.<\/p>\n<p style=\"text-align: justify;\">Jorge Zanoni<\/p>\n<p>&nbsp;<\/p>\n","protected":false},"excerpt":{"rendered":"<p>Caso n\u00e3o haja intercorr\u00eancia de \u00faltima hora, acontece hoje (18), a partir das 14:30 Horas, a Sess\u00e3o Extra na C\u00e2mara Municipal de Dracena para vota\u00e7\u00e3o da den\u00fancia contra a Vereadora Sara Scarabelli. Anteriormente a Sess\u00e3o j\u00e1 foi adiada por duas v\u00eazes inclusive por conta de Liminares. Hoje a popula\u00e7\u00e3o espera que o caso que ainda [&hellip;]<\/p>\n","protected":false},"author":1,"featured_media":49583,"comment_status":"closed","ping_status":"open","sticky":false,"template":"","format":"standard","meta":{"footnotes":""},"categories":[110,116],"tags":[],"class_list":["post-49582","post","type-post","status-publish","format-standard","has-post-thumbnail","hentry","category-noticiasdestaque","category-politicaeeconomia"],"_links":{"self":[{"href":"https:\/\/jorgezanoni.com.br\/2019\/wp-json\/wp\/v2\/posts\/49582","targetHints":{"allow":["GET"]}}],"collection":[{"href":"https:\/\/jorgezanoni.com.br\/2019\/wp-json\/wp\/v2\/posts"}],"about":[{"href":"https:\/\/jorgezanoni.com.br\/2019\/wp-json\/wp\/v2\/types\/post"}],"author":[{"embeddable":true,"href":"https:\/\/jorgezanoni.com.br\/2019\/wp-json\/wp\/v2\/users\/1"}],"replies":[{"embeddable":true,"href":"https:\/\/jorgezanoni.com.br\/2019\/wp-json\/wp\/v2\/comments?post=49582"}],"version-history":[{"count":0,"href":"https:\/\/jorgezanoni.com.br\/2019\/wp-json\/wp\/v2\/posts\/49582\/revisions"}],"wp:featuredmedia":[{"embeddable":true,"href":"https:\/\/jorgezanoni.com.br\/2019\/wp-json\/wp\/v2\/media\/49583"}],"wp:attachment":[{"href":"https:\/\/jorgezanoni.com.br\/2019\/wp-json\/wp\/v2\/media?parent=49582"}],"wp:term":[{"taxonomy":"category","embeddable":true,"href":"https:\/\/jorgezanoni.com.br\/2019\/wp-json\/wp\/v2\/categories?post=49582"},{"taxonomy":"post_tag","embeddable":true,"href":"https:\/\/jorgezanoni.com.br\/2019\/wp-json\/wp\/v2\/tags?post=49582"}],"curies":[{"name":"wp","href":"https:\/\/api.w.org\/{rel}","templated":true}]}}