{"id":49558,"date":"2021-06-18T00:32:19","date_gmt":"2021-06-18T00:32:19","guid":{"rendered":"https:\/\/jorgezanoni.com.br\/2019\/?p=49558"},"modified":"2021-06-18T00:32:19","modified_gmt":"2021-06-18T00:32:19","slug":"tiago-leifert-substitui-faustao-nas-tardes-de-domingo-da-globo-ate-estreia-de-luciano-huck","status":"publish","type":"post","link":"https:\/\/jorgezanoni.com.br\/2019\/tiago-leifert-substitui-faustao-nas-tardes-de-domingo-da-globo-ate-estreia-de-luciano-huck\/","title":{"rendered":"Tiago Leifert substitui Faust\u00e3o nas tardes de domingo da Globo at\u00e9 estreia de Luciano Huck"},"content":{"rendered":"<h2 class=\"content-head__subtitle\" style=\"text-align: justify;\"><strong>Segundo comunicado, emissora tomou a decis\u00e3o de antecipar a sa\u00edda de Fausto Silva do programa, e juntos decidiram formalizar o distrato.<\/strong><\/h2>\n<div class=\"mc-column content-text active-extra-styles \" style=\"text-align: justify;\" data-block-type=\"unstyled\" data-block-weight=\"27\" data-block-id=\"2\">\n<p class=\"content-text__container \" data-track-category=\"Link no Texto\" data-track-links=\"\">Tiago Leifert vai substituir Fausto Silva e\u00a0<span class=\"highlight highlighted\">assumir as tardes de domingo da TV Globo at\u00e9 a estreia do novo projeto em desenvolvimento com Luciano Huck.<\/span><\/p>\n<\/div>\n<div class=\"wall protected-content\">\n<div class=\"mc-column content-text active-extra-styles \" style=\"text-align: justify;\" data-block-type=\"unstyled\" data-block-weight=\"35\" data-block-id=\"3\">\n<p class=\"content-text__container \" data-track-category=\"Link no Texto\" data-track-links=\"\">Segundo comunicado enviado pela emissora na tarde desta quinta-feira (17), &#8220;por raz\u00f5es estrat\u00e9gicas e internas, a Globo tomou a decis\u00e3o de antecipar a sa\u00edda de Fausto Silva do programa, e juntos decidiram formalizar o distrato&#8221;.<\/p>\n<\/div>\n<div class=\"mc-column content-text active-extra-styles \" data-block-type=\"unstyled\" data-block-weight=\"49\" data-block-id=\"4\">\n<p class=\"content-text__container \" style=\"text-align: justify;\" data-track-category=\"Link no Texto\" data-track-links=\"\"><a href=\"https:\/\/g1.globo.com\/pop-arte\/noticia\/2021\/01\/25\/faustao-deixa-tv-globo-no-final-de-2021.ghtml\">Fausto Silva confirmou em janeiro que deixaria o &#8220;Doming\u00e3o do Faust\u00e3o&#8221; e a TV Globo no fim de 2021<\/a>. Em nota na \u00e9poca, a emissora afirmou que Fausto decidiu &#8220;encerrar sua jornada \u00e0 frente de programas semanais&#8221; neste \u00faltimo ano de seu contrato. Foram 32 anos comandando o programa.<\/p>\n<div class=\"mc-column content-text active-extra-styles \" style=\"text-align: justify;\" data-block-type=\"unstyled\" data-block-weight=\"25\" data-block-id=\"8\">\n<p class=\"content-text__container \" data-track-category=\"Link no Texto\" data-track-links=\"\">Tiago j\u00e1 havia ocupado o lugar de Faust\u00e3o no \u00faltimo domingo (13),\u00a0<a href=\"https:\/\/g1.globo.com\/pop-arte\/noticia\/2021\/06\/10\/tiago-leifert-vai-apresentar-o-domingao-do-faustao-neste-domingo.ghtml\">ap\u00f3s o apresentador ficar afastado da atra\u00e7\u00e3o por causa de uma infec\u00e7\u00e3o urin\u00e1ria.<\/a><\/p>\n<\/div>\n<div class=\"mc-column content-text active-extra-styles \" style=\"text-align: justify;\" data-block-type=\"unstyled\" data-block-weight=\"26\" data-block-id=\"9\">\n<p class=\"content-text__container \" data-track-category=\"Link no Texto\" data-track-links=\"\">Nesta ter\u00e7a-feira (15),\u00a0<a href=\"https:\/\/g1.globo.com\/pop-arte\/noticia\/2021\/06\/16\/luciano-huck-vai-substituir-faustao-aos-domingos-diz-apresentador-em-conversa-com-bial.ghtml\">Luciano Huck confirmou em entrevista ao programa &#8220;Conversa com Bial&#8221;<\/a>\u00a0que ser\u00e1 o respons\u00e1vel por assumir o hor\u00e1rio deixado por Fausto Silva.<\/p>\n<\/div>\n<div class=\"mc-column content-text active-extra-styles \" style=\"text-align: justify;\" data-block-type=\"unstyled\" data-block-weight=\"20\" data-block-id=\"10\">\n<p class=\"content-text__container \" data-track-category=\"Link no Texto\" data-track-links=\"\">&#8220;Tenho enorme respeito pelo Faust\u00e3o. Ele sempre foi muito generoso. Ser\u00e1 um privil\u00e9gio enorme ocupar o hor\u00e1rio dele&#8221;, afirmou Huck.<\/p>\n<\/div>\n<div class=\"mc-column content-text active-extra-styles \" style=\"text-align: justify;\" data-block-type=\"unstyled\" data-block-weight=\"27\" data-block-id=\"11\">\n<p class=\"content-text__container \" data-track-category=\"Link no Texto\" data-track-links=\"\">Ele ainda estuda a f\u00f3rmula para o novo programa e o fato de trocar o s\u00e1bado pelo domingo. O nome da nova atra\u00e7\u00e3o tamb\u00e9m n\u00e3o est\u00e1 definido.<\/p>\n<\/div>\n<div class=\"mc-column content-text active-extra-styles\" style=\"text-align: justify;\" data-block-type=\"raw\" data-block-weight=\"15\" data-block-id=\"12\">\n<blockquote class=\"content-blockquote theme-border-color-primary-before\"><p>&#8220;\u00c9 p\u00e1gina em branco. Vamos trabalhar. Mas vamos respeitar o h\u00e1bito do telespectador&#8221;, disse Luciano.<\/p><\/blockquote>\n<\/div>\n<div class=\"mc-column content-text active-extra-styles\" data-block-type=\"raw\" data-block-weight=\"9\" data-block-id=\"13\">\n<ul class=\"content-unordered-list\" style=\"text-align: justify;\">\n<li><a href=\"https:\/\/globoplay.globo.com\/v\/9600229\/programa\/?s=0s?origemId=1374&amp;utm_source=g1&amp;utm_medium=materia&amp;utm_campaign=g1_materia_generica&amp;utm_term=materias_generica\"><strong>Reveja Tiago Leifert no comando do &#8220;Doming\u00e3o do Faust\u00e3o&#8221;<\/strong><\/a><\/li>\n<\/ul>\n<div class=\"mc-column content-text active-extra-styles\" style=\"text-align: justify;\" data-block-type=\"raw\" data-block-weight=\"4\" data-block-id=\"16\">\n<div class=\"content-intertitle\">\n<h2>&#8216;Super dan\u00e7a dos famosos&#8217;<\/h2>\n<\/div>\n<\/div>\n<div class=\"mc-column content-text active-extra-styles \" style=\"text-align: justify;\" data-block-type=\"unstyled\" data-block-weight=\"46\" data-block-id=\"17\">\n<p class=\"content-text__container \" data-track-category=\"Link no Texto\" data-track-links=\"\">Neste domingo (20), vai ao ar no &#8220;Doming\u00e3o do Faust\u00e3o&#8221; a \u00faltima rodada do mata-mata do &#8220;Super Dan\u00e7a dos Famosos&#8221;. O quadro revelar\u00e1 quem se juntar\u00e1 ao grupo de semifinalistas, que j\u00e1 conta com Maria Joana, Marcello Melo Jr, Paolla Oliveira, Lucy Ramos e Dandara Mariana.<\/p>\n<\/div>\n<div class=\"mc-column content-text active-extra-styles \" style=\"text-align: justify;\" data-block-type=\"unstyled\" data-block-weight=\"15\" data-block-id=\"18\">\n<p class=\"content-text__container \" data-track-category=\"Link no Texto\" data-track-links=\"\">Dan\u00e7ando os ritmos forr\u00f3 e rock, tr\u00eas casais se apresentam para garantir vaga na semifinal.<\/p>\n<\/div>\n<div class=\"mc-column content-text active-extra-styles\" style=\"text-align: justify;\" data-block-type=\"raw\" data-block-weight=\"60\" data-block-id=\"19\">\n<ul class=\"content-unordered-list\">\n<li>Christiane Torloni, vencedora da edi\u00e7\u00e3o de 2008 do quadro, com o professor \u00c1lvaro Reys<\/li>\n<li>Odilon Wagner, que ficou em terceiro lugar em 2011, com a bailarina Yasmin Marinho<\/li>\n<li>Tiago Abravanel, terceiro colocado de 2013 &#8212; devido a uma les\u00e3o de Nathalia Zannin, Tiago dan\u00e7a com Brennda Martins, que j\u00e1 esteve como professora no \u2018Dan\u00e7a dos famosos\u2019 em 2018 e 2020.<\/li>\n<\/ul>\n<\/div>\n<div class=\"row medium-uncollapsed content-media content-photo\" style=\"text-align: justify;\" data-block-type=\"backstage-photo\" data-block-id=\"20\">\n<div class=\"mc-column content-media__container\">\n<div class=\"content-media-container glb-skeleton-box\">\n<figure class=\"content-media-figure\"><img decoding=\"async\" class=\"i-amphtml-fill-content i-amphtml-replaced-content\" src=\"https:\/\/s2.glbimg.com\/ioXoyZ4EBA5Wc88hS46NP8LXCVI=\/0x0:1920x1080\/984x0\/smart\/filters:strip_icc()\/i.s3.glbimg.com\/v1\/AUTH_59edd422c0c84a879bd37670ae4f538a\/internal_photos\/bs\/2021\/t\/g\/bl6RBZSWiORkURf7oiCg\/2021-06-17-5-.png\" sizes=\"(max-width: 1366px) 648px, 100vw\" srcset=\"https:\/\/s2.glbimg.com\/0XgXLeI_xLcquFCjhysVKiiU1Q4=\/0x0:1920x1080\/1000x0\/smart\/filters:strip_icc()\/i.s3.glbimg.com\/v1\/AUTH_59edd422c0c84a879bd37670ae4f538a\/internal_photos\/bs\/2021\/t\/g\/bl6RBZSWiORkURf7oiCg\/2021-06-17-5-.png 1000w, https:\/\/s2.glbimg.com\/ioXoyZ4EBA5Wc88hS46NP8LXCVI=\/0x0:1920x1080\/984x0\/smart\/filters:strip_icc()\/i.s3.glbimg.com\/v1\/AUTH_59edd422c0c84a879bd37670ae4f538a\/internal_photos\/bs\/2021\/t\/g\/bl6RBZSWiORkURf7oiCg\/2021-06-17-5-.png 984w, https:\/\/s2.glbimg.com\/nBYBorkOC3nVDT1SKkcM_uZuEV4=\/0x0:1920x1080\/640x0\/smart\/filters:strip_icc()\/i.s3.glbimg.com\/v1\/AUTH_59edd422c0c84a879bd37670ae4f538a\/internal_photos\/bs\/2021\/t\/g\/bl6RBZSWiORkURf7oiCg\/2021-06-17-5-.png 640w, https:\/\/s2.glbimg.com\/a13vwxo1foZIKsgwBid43Ml89pQ=\/0x0:1920x1080\/600x0\/smart\/filters:strip_icc()\/i.s3.glbimg.com\/v1\/AUTH_59edd422c0c84a879bd37670ae4f538a\/internal_photos\/bs\/2021\/t\/g\/bl6RBZSWiORkURf7oiCg\/2021-06-17-5-.png 600w\" alt=\"Tiago Leifert apresentou o 'Doming\u00e3o do Faust\u00e3o' no dia 13 de junho  \u2014 Foto: Reprodu\u00e7\u00e3o\/TV Globo\" \/><\/figure>\n<\/div>\n<p class=\"content-media__description \">Tiago Leifert apresentou o &#8216;Doming\u00e3o do Faust\u00e3o&#8217; no dia 13 de junho \u2014 Foto: Reprodu\u00e7\u00e3o\/TV Globo<\/p>\n<\/div>\n<\/div>\n<div class=\"mc-column content-text active-extra-styles \" style=\"text-align: justify;\" data-block-type=\"unstyled\" data-block-weight=\"27\" data-block-id=\"21\">\n<p class=\"content-text__container \" data-track-category=\"Link no Texto\" data-track-links=\"\">J\u00e1 na pr\u00f3xima semana come\u00e7a a fase de repescagem, em que os outros nomes da competi\u00e7\u00e3o ainda n\u00e3o classificados para a semifinal tentam voltar ao jogo.<\/p>\n<\/div>\n<div class=\"mc-column content-text active-extra-styles \" style=\"text-align: justify;\" data-block-type=\"unstyled\" data-block-weight=\"24\" data-block-id=\"22\">\n<p class=\"content-text__container \" data-track-category=\"Link no Texto\" data-track-links=\"\">S\u00e3o eles: Mariana Santos, Claudia Ohana, Rodrigo Simas, Juliana Didone, Arthur Aguiar, Viviane Ara\u00fajo, Carmo Dalla Vecchia, Nelson Freitas, Sophia Abrah\u00e3o e Robson Caetano.<\/p>\n<\/div>\n<div class=\"mc-column content-text active-extra-styles \" data-block-type=\"unstyled\" data-block-weight=\"9\" data-block-id=\"23\">\n<p style=\"text-align: justify;\" data-track-category=\"Link no Texto\" data-track-links=\"\">Fonte: https:\/\/g1.globo.com\/pop-arte\/noticia\/2021\/06\/17\/tiago-leifert-substitui-faustao-nas-tardes-de-domingo-da-globo-ate-estreia-de-projeto-com-luciano-huck.ghtml<\/p>\n<\/div>\n<\/div>\n<\/div>\n<\/div>\n","protected":false},"excerpt":{"rendered":"<p>Segundo comunicado, emissora tomou a decis\u00e3o de antecipar a sa\u00edda de Fausto Silva do programa, e juntos decidiram formalizar o distrato. Tiago Leifert vai substituir Fausto Silva e\u00a0assumir as tardes de domingo da TV Globo at\u00e9 a estreia do novo projeto em desenvolvimento com Luciano Huck. Segundo comunicado enviado pela emissora na tarde desta quinta-feira [&hellip;]<\/p>\n","protected":false},"author":1,"featured_media":49559,"comment_status":"closed","ping_status":"open","sticky":false,"template":"","format":"standard","meta":{"footnotes":""},"categories":[114,110],"tags":[],"class_list":["post-49558","post","type-post","status-publish","format-standard","has-post-thumbnail","hentry","category-geralecomercio","category-noticiasdestaque"],"_links":{"self":[{"href":"https:\/\/jorgezanoni.com.br\/2019\/wp-json\/wp\/v2\/posts\/49558","targetHints":{"allow":["GET"]}}],"collection":[{"href":"https:\/\/jorgezanoni.com.br\/2019\/wp-json\/wp\/v2\/posts"}],"about":[{"href":"https:\/\/jorgezanoni.com.br\/2019\/wp-json\/wp\/v2\/types\/post"}],"author":[{"embeddable":true,"href":"https:\/\/jorgezanoni.com.br\/2019\/wp-json\/wp\/v2\/users\/1"}],"replies":[{"embeddable":true,"href":"https:\/\/jorgezanoni.com.br\/2019\/wp-json\/wp\/v2\/comments?post=49558"}],"version-history":[{"count":0,"href":"https:\/\/jorgezanoni.com.br\/2019\/wp-json\/wp\/v2\/posts\/49558\/revisions"}],"wp:featuredmedia":[{"embeddable":true,"href":"https:\/\/jorgezanoni.com.br\/2019\/wp-json\/wp\/v2\/media\/49559"}],"wp:attachment":[{"href":"https:\/\/jorgezanoni.com.br\/2019\/wp-json\/wp\/v2\/media?parent=49558"}],"wp:term":[{"taxonomy":"category","embeddable":true,"href":"https:\/\/jorgezanoni.com.br\/2019\/wp-json\/wp\/v2\/categories?post=49558"},{"taxonomy":"post_tag","embeddable":true,"href":"https:\/\/jorgezanoni.com.br\/2019\/wp-json\/wp\/v2\/tags?post=49558"}],"curies":[{"name":"wp","href":"https:\/\/api.w.org\/{rel}","templated":true}]}}