{"id":49548,"date":"2021-06-17T22:36:11","date_gmt":"2021-06-17T22:36:11","guid":{"rendered":"https:\/\/jorgezanoni.com.br\/2019\/?p=49548"},"modified":"2021-06-17T22:36:11","modified_gmt":"2021-06-17T22:36:11","slug":"morre-aos-65-anos-o-ex-prefeito-de-tupa-manoel-gaspar","status":"publish","type":"post","link":"https:\/\/jorgezanoni.com.br\/2019\/morre-aos-65-anos-o-ex-prefeito-de-tupa-manoel-gaspar\/","title":{"rendered":"Morre aos 65 anos o Ex-Prefeito de Tup\u00e3 Manoel Gaspar"},"content":{"rendered":"<p style=\"text-align: justify;\">\u00c9 com imensa tristeza que informamos o falecimento do Ex-Prefeito Manoel Ferreira de Souza Gaspar.<\/p>\n<p style=\"text-align: justify;\">Gaspar lutava h\u00e1 4 anos contra um agressivo c\u00e2ncer no pulm\u00e3o. Al\u00e9m de ter sido, na opini\u00e3o de alguns especialistas em pol\u00edtica, o melhor prefeito que Tup\u00e3 j\u00e1 teve, era um arrojado empres\u00e1rio e um pai de fam\u00edlia exemplar. Ele deixa um legado para cidade de Tup\u00e3.<\/p>\n<p style=\"text-align: justify;\">Manoel tamb\u00e9m deixa tr\u00eas filhos, esposa e netos. O vel\u00f3rio dever\u00e1 ocorrer em uma cerim\u00f4nia privada destinada apenas aos familiares e amigos pr\u00f3ximos.<\/p>\n<p style=\"text-align: justify;\">Fonte: Mais Tup\u00e3<\/p>\n","protected":false},"excerpt":{"rendered":"<p>\u00c9 com imensa tristeza que informamos o falecimento do Ex-Prefeito Manoel Ferreira de Souza Gaspar. Gaspar lutava h\u00e1 4 anos contra um agressivo c\u00e2ncer no pulm\u00e3o. Al\u00e9m de ter sido, na opini\u00e3o de alguns especialistas em pol\u00edtica, o melhor prefeito que Tup\u00e3 j\u00e1 teve, era um arrojado empres\u00e1rio e um pai de fam\u00edlia exemplar. Ele [&hellip;]<\/p>\n","protected":false},"author":1,"featured_media":49549,"comment_status":"closed","ping_status":"open","sticky":false,"template":"","format":"standard","meta":{"footnotes":""},"categories":[178,110],"tags":[],"class_list":["post-49548","post","type-post","status-publish","format-standard","has-post-thumbnail","hentry","category-notadefalecimento","category-noticiasdestaque"],"_links":{"self":[{"href":"https:\/\/jorgezanoni.com.br\/2019\/wp-json\/wp\/v2\/posts\/49548","targetHints":{"allow":["GET"]}}],"collection":[{"href":"https:\/\/jorgezanoni.com.br\/2019\/wp-json\/wp\/v2\/posts"}],"about":[{"href":"https:\/\/jorgezanoni.com.br\/2019\/wp-json\/wp\/v2\/types\/post"}],"author":[{"embeddable":true,"href":"https:\/\/jorgezanoni.com.br\/2019\/wp-json\/wp\/v2\/users\/1"}],"replies":[{"embeddable":true,"href":"https:\/\/jorgezanoni.com.br\/2019\/wp-json\/wp\/v2\/comments?post=49548"}],"version-history":[{"count":0,"href":"https:\/\/jorgezanoni.com.br\/2019\/wp-json\/wp\/v2\/posts\/49548\/revisions"}],"wp:featuredmedia":[{"embeddable":true,"href":"https:\/\/jorgezanoni.com.br\/2019\/wp-json\/wp\/v2\/media\/49549"}],"wp:attachment":[{"href":"https:\/\/jorgezanoni.com.br\/2019\/wp-json\/wp\/v2\/media?parent=49548"}],"wp:term":[{"taxonomy":"category","embeddable":true,"href":"https:\/\/jorgezanoni.com.br\/2019\/wp-json\/wp\/v2\/categories?post=49548"},{"taxonomy":"post_tag","embeddable":true,"href":"https:\/\/jorgezanoni.com.br\/2019\/wp-json\/wp\/v2\/tags?post=49548"}],"curies":[{"name":"wp","href":"https:\/\/api.w.org\/{rel}","templated":true}]}}