{"id":49538,"date":"2021-06-17T21:06:33","date_gmt":"2021-06-17T21:06:33","guid":{"rendered":"https:\/\/jorgezanoni.com.br\/2019\/?p=49538"},"modified":"2021-06-17T21:06:33","modified_gmt":"2021-06-17T21:06:33","slug":"grupo-big-mart-centro-de-compras-anuncia-compra-de-area-em-dracena","status":"publish","type":"post","link":"https:\/\/jorgezanoni.com.br\/2019\/grupo-big-mart-centro-de-compras-anuncia-compra-de-area-em-dracena\/","title":{"rendered":"Grupo Big Mart centro de Compras anuncia compra de \u00e1rea em Dracena"},"content":{"rendered":"<div class=\"ntc_resumo_noticia sw_lato_bold\" style=\"text-align: justify;\"><strong>O prefeito Andr\u00e9 Lemos recebeu nesta manh\u00e3, o diretor presidente da rede Big Mart Centro de Compras Ltda., Marco Ant\u00f4nio Rasquel, e comemorou: empreendimento vai gerar cerca de 120 empregos diretos.<\/strong><\/div>\n<div><\/div>\n<div class=\"ntc_descricao_noticia\">\n<div class=\"ntc_cont_descricao_noticia sw_txteditor\" style=\"text-align: justify;\">Hoje, 17, o prefeito Andr\u00e9 Lemos recebeu o diretor presidente da rede Big Mart Centro de Compras Ltda., Marco Ant\u00f4nio Rasquel, cuja matriz est\u00e1 em Gar\u00e7a, no gabinete municipal. A visita marca um momento hist\u00f3rico para o munic\u00edpio e para a empresa, com a instala\u00e7\u00e3o da 23\u00aa loja do grupo Big Mart.<br \/>\nH\u00e1 Big Mart em Gar\u00e7a; Andradina; Cafel\u00e2ndia; Guararapes; Ibitinga; Novo Horizonte; Pen\u00e1polis; Promiss\u00e3o e Tr\u00eas Lagoas (MS); s\u00e3o 18 supermercados e quatro lojas de m\u00f3veis e eletrodom\u00e9sticos.<br \/>\nO prefeito Andr\u00e9 Lemos deu as boas-vindas a Rasquel e assim como toda equipe municipal comemora a chegada do empreendimento \u00e0 cidade, que tem previs\u00e3o de oferecer 120 empregos diretos, sem falar nos empregos que dever\u00e3o ser criados com a constru\u00e7\u00e3o da loja e ainda os indiretos.<br \/>\n\u201cMesmo estando enfrentando um momento dif\u00edcil com a pandemia, estamos podendo anunciar uma not\u00edcia t\u00e3o boa aos dracenenses, com a vinda deste grupo a Dracena, que certamente ser\u00e1 muito ben\u00e9fico para n\u00f3s e a regi\u00e3o\u201d, afirmou o prefeito com alegria tamb\u00e9m se referindo \u00e0 gera\u00e7\u00e3o de empregos.<br \/>\nO diretor presidente Marco Ant\u00f4nio Rasquel, da Big Mart disse que Dracena \u00e9 uma das cinco cidades escolhidas pelo grupo para receber lojas novinhas, dentro de um plano de a\u00e7\u00e3o da empresa que celebra um crescimento acelerado.<br \/>\n\u201cEscolhemos Dracena por observar que \u00e9 uma cidade organizada, um dos munic\u00edpios melhores de toda regi\u00e3o e, por admirarmos o desenvolvimento que vem apresentando ultimamente\u201d, disse Rasquel.<br \/>\nNesta quinta-feira, acompanhado da filha Ma\u00edsa e dos integrantes de sua equipe Jocelym Pinhaneli e Paulo Parra, Rasquel efetivou a compra da \u00e1rea no munic\u00edpio.<br \/>\nO Big Mart ser\u00e1 constru\u00eddo no cruzamento das Avenidas Inglaterra com a dos Mangueirais, sentido ao novo bairro \u2013 o Aroeiras. O local \u00e9 de grande visibilidade tanto para quem entra quanto para quem sai de Dracena, para ingressar na Rodovia Comandante Jo\u00e3o Ribeiro de Barros. Fica no bairro Campo Belo, pr\u00f3ximo aos bairros S\u00e3o Crist\u00f3v\u00e3o; Frei Moacir III e Jardim das Palmeiras.<br \/>\nO prefeito Andr\u00e9 e os secret\u00e1rios de Governo Rodrigo Parra; S\u00e9rgio Ricardo Baravelli (Administra\u00e7\u00e3o); Ademar Alves Pereira (Infraestrutura, Assuntos Vi\u00e1rios e Habita\u00e7\u00e3o) e o diretor de Engenharia, o engenheiro Jean Mateus acompanhou o empres\u00e1rio no local onde ser\u00e1 concretizado o Big Mart.<br \/>\nO supermercado ser\u00e1 constru\u00eddo em uma \u00e1rea de 5 mil metros quadros e a \u00e1rea de constru\u00e7\u00e3o ter\u00e1 10 mil metros quadrados, com amplo estacionamento coberto (cerca de 90 vagas); energia solar; pra\u00e7a de alimenta\u00e7\u00e3o e lojinhas.<br \/>\nRasquel informou que as instala\u00e7\u00f5es ser\u00e3o diferenciadas, num local excelente, fomentando uma concorr\u00eancia excelente aos consumidores locais e regionais. \u201cDracena \u00e9 um polo regional, contundo nosso empreendimento ser\u00e1 uma refer\u00eancia em toda regi\u00e3o\u201d, disse o empres\u00e1rio.<br \/>\nA equipe do Big Mart ainda citou que a instala\u00e7\u00e3o da loja na cidade tamb\u00e9m fortalecer\u00e1 os produtores agr\u00edcolas, porque pretende fazer parcerias na comercializa\u00e7\u00e3o dos produtos.<\/p>\n<\/div>\n<div><img loading=\"lazy\" decoding=\"async\" class=\"alignnone size-full wp-image-49539\" src=\"https:\/\/jorgezanoni.com.br\/2019\/wp-content\/uploads\/2021\/06\/big.jpg\" alt=\"\" width=\"800\" height=\"450\" srcset=\"https:\/\/jorgezanoni.com.br\/2019\/wp-content\/uploads\/2021\/06\/big.jpg 800w, https:\/\/jorgezanoni.com.br\/2019\/wp-content\/uploads\/2021\/06\/big-300x169.jpg 300w, https:\/\/jorgezanoni.com.br\/2019\/wp-content\/uploads\/2021\/06\/big-768x432.jpg 768w, https:\/\/jorgezanoni.com.br\/2019\/wp-content\/uploads\/2021\/06\/big-696x392.jpg 696w, https:\/\/jorgezanoni.com.br\/2019\/wp-content\/uploads\/2021\/06\/big-747x420.jpg 747w\" sizes=\"auto, (max-width: 800px) 100vw, 800px\" \/> <img loading=\"lazy\" decoding=\"async\" class=\"alignnone size-full wp-image-49540\" src=\"https:\/\/jorgezanoni.com.br\/2019\/wp-content\/uploads\/2021\/06\/big1.jpg\" alt=\"\" width=\"800\" height=\"450\" srcset=\"https:\/\/jorgezanoni.com.br\/2019\/wp-content\/uploads\/2021\/06\/big1.jpg 800w, https:\/\/jorgezanoni.com.br\/2019\/wp-content\/uploads\/2021\/06\/big1-300x169.jpg 300w, https:\/\/jorgezanoni.com.br\/2019\/wp-content\/uploads\/2021\/06\/big1-768x432.jpg 768w, https:\/\/jorgezanoni.com.br\/2019\/wp-content\/uploads\/2021\/06\/big1-696x392.jpg 696w, https:\/\/jorgezanoni.com.br\/2019\/wp-content\/uploads\/2021\/06\/big1-747x420.jpg 747w\" sizes=\"auto, (max-width: 800px) 100vw, 800px\" \/> <img loading=\"lazy\" decoding=\"async\" class=\"alignnone size-full wp-image-49541\" src=\"https:\/\/jorgezanoni.com.br\/2019\/wp-content\/uploads\/2021\/06\/big2.jpg\" alt=\"\" width=\"800\" height=\"450\" srcset=\"https:\/\/jorgezanoni.com.br\/2019\/wp-content\/uploads\/2021\/06\/big2.jpg 800w, https:\/\/jorgezanoni.com.br\/2019\/wp-content\/uploads\/2021\/06\/big2-300x169.jpg 300w, https:\/\/jorgezanoni.com.br\/2019\/wp-content\/uploads\/2021\/06\/big2-768x432.jpg 768w, https:\/\/jorgezanoni.com.br\/2019\/wp-content\/uploads\/2021\/06\/big2-696x392.jpg 696w, https:\/\/jorgezanoni.com.br\/2019\/wp-content\/uploads\/2021\/06\/big2-747x420.jpg 747w\" sizes=\"auto, (max-width: 800px) 100vw, 800px\" \/> <img loading=\"lazy\" decoding=\"async\" class=\"alignnone size-full wp-image-49543\" src=\"https:\/\/jorgezanoni.com.br\/2019\/wp-content\/uploads\/2021\/06\/big4.jpg\" alt=\"\" width=\"800\" height=\"450\" srcset=\"https:\/\/jorgezanoni.com.br\/2019\/wp-content\/uploads\/2021\/06\/big4.jpg 800w, https:\/\/jorgezanoni.com.br\/2019\/wp-content\/uploads\/2021\/06\/big4-300x169.jpg 300w, https:\/\/jorgezanoni.com.br\/2019\/wp-content\/uploads\/2021\/06\/big4-768x432.jpg 768w, https:\/\/jorgezanoni.com.br\/2019\/wp-content\/uploads\/2021\/06\/big4-696x392.jpg 696w, https:\/\/jorgezanoni.com.br\/2019\/wp-content\/uploads\/2021\/06\/big4-747x420.jpg 747w\" sizes=\"auto, (max-width: 800px) 100vw, 800px\" \/><\/div>\n<div style=\"text-align: justify;\">Fonte: Diretoria de Comunica\u00e7\u00e3o<\/div>\n<\/div>\n","protected":false},"excerpt":{"rendered":"<p>O prefeito Andr\u00e9 Lemos recebeu nesta manh\u00e3, o diretor presidente da rede Big Mart Centro de Compras Ltda., Marco Ant\u00f4nio Rasquel, e comemorou: empreendimento vai gerar cerca de 120 empregos diretos. Hoje, 17, o prefeito Andr\u00e9 Lemos recebeu o diretor presidente da rede Big Mart Centro de Compras Ltda., Marco Ant\u00f4nio Rasquel, cuja matriz est\u00e1 [&hellip;]<\/p>\n","protected":false},"author":1,"featured_media":49542,"comment_status":"closed","ping_status":"open","sticky":false,"template":"","format":"standard","meta":{"footnotes":""},"categories":[179,184,114,110],"tags":[],"class_list":["post-49538","post","type-post","status-publish","format-standard","has-post-thumbnail","hentry","category-cidadeseregiao","category-dracena","category-geralecomercio","category-noticiasdestaque"],"_links":{"self":[{"href":"https:\/\/jorgezanoni.com.br\/2019\/wp-json\/wp\/v2\/posts\/49538","targetHints":{"allow":["GET"]}}],"collection":[{"href":"https:\/\/jorgezanoni.com.br\/2019\/wp-json\/wp\/v2\/posts"}],"about":[{"href":"https:\/\/jorgezanoni.com.br\/2019\/wp-json\/wp\/v2\/types\/post"}],"author":[{"embeddable":true,"href":"https:\/\/jorgezanoni.com.br\/2019\/wp-json\/wp\/v2\/users\/1"}],"replies":[{"embeddable":true,"href":"https:\/\/jorgezanoni.com.br\/2019\/wp-json\/wp\/v2\/comments?post=49538"}],"version-history":[{"count":0,"href":"https:\/\/jorgezanoni.com.br\/2019\/wp-json\/wp\/v2\/posts\/49538\/revisions"}],"wp:featuredmedia":[{"embeddable":true,"href":"https:\/\/jorgezanoni.com.br\/2019\/wp-json\/wp\/v2\/media\/49542"}],"wp:attachment":[{"href":"https:\/\/jorgezanoni.com.br\/2019\/wp-json\/wp\/v2\/media?parent=49538"}],"wp:term":[{"taxonomy":"category","embeddable":true,"href":"https:\/\/jorgezanoni.com.br\/2019\/wp-json\/wp\/v2\/categories?post=49538"},{"taxonomy":"post_tag","embeddable":true,"href":"https:\/\/jorgezanoni.com.br\/2019\/wp-json\/wp\/v2\/tags?post=49538"}],"curies":[{"name":"wp","href":"https:\/\/api.w.org\/{rel}","templated":true}]}}