{"id":49515,"date":"2021-06-17T17:33:24","date_gmt":"2021-06-17T17:33:24","guid":{"rendered":"https:\/\/jorgezanoni.com.br\/2019\/?p=49515"},"modified":"2021-06-17T17:33:24","modified_gmt":"2021-06-17T17:33:24","slug":"vereador-e-presidente-da-camara-de-dracena-deixa-a-uti","status":"publish","type":"post","link":"https:\/\/jorgezanoni.com.br\/2019\/vereador-e-presidente-da-camara-de-dracena-deixa-a-uti\/","title":{"rendered":"Vereador e Presidente da C\u00e2mara de Dracena, deixa a UTI"},"content":{"rendered":"<p style=\"text-align: justify;\">O Vereador e Presidente da C\u00e2mara Municipal de Dracena, Claudinei Millan Pessoa (Mel\u00e3o), que est\u00e1 internado em Hospital na Capital Paulista, deixou a UTI hoje (17), e est\u00e1 se recuperando em um quarto.<\/p>\n<p style=\"text-align: justify;\">Segundo informa\u00e7\u00e3o de um familiar, o quadro dele \u00e9 \u00f3timo e j\u00e1 pode se dizer que ele venceu a COVID.<\/p>\n<p style=\"text-align: justify;\">O Site JZ deseja que o Mel\u00e3o retorne em breve ao conv\u00edvio dos familiares e amigos.<\/p>\n<p style=\"text-align: justify;\">Jorge Zanoni<\/p>\n<p>&nbsp;<\/p>\n","protected":false},"excerpt":{"rendered":"<p>O Vereador e Presidente da C\u00e2mara Municipal de Dracena, Claudinei Millan Pessoa (Mel\u00e3o), que est\u00e1 internado em Hospital na Capital Paulista, deixou a UTI hoje (17), e est\u00e1 se recuperando em um quarto. Segundo informa\u00e7\u00e3o de um familiar, o quadro dele \u00e9 \u00f3timo e j\u00e1 pode se dizer que ele venceu a COVID. O Site [&hellip;]<\/p>\n","protected":false},"author":1,"featured_media":49516,"comment_status":"closed","ping_status":"open","sticky":false,"template":"","format":"standard","meta":{"footnotes":""},"categories":[110,116],"tags":[],"class_list":["post-49515","post","type-post","status-publish","format-standard","has-post-thumbnail","hentry","category-noticiasdestaque","category-politicaeeconomia"],"_links":{"self":[{"href":"https:\/\/jorgezanoni.com.br\/2019\/wp-json\/wp\/v2\/posts\/49515","targetHints":{"allow":["GET"]}}],"collection":[{"href":"https:\/\/jorgezanoni.com.br\/2019\/wp-json\/wp\/v2\/posts"}],"about":[{"href":"https:\/\/jorgezanoni.com.br\/2019\/wp-json\/wp\/v2\/types\/post"}],"author":[{"embeddable":true,"href":"https:\/\/jorgezanoni.com.br\/2019\/wp-json\/wp\/v2\/users\/1"}],"replies":[{"embeddable":true,"href":"https:\/\/jorgezanoni.com.br\/2019\/wp-json\/wp\/v2\/comments?post=49515"}],"version-history":[{"count":0,"href":"https:\/\/jorgezanoni.com.br\/2019\/wp-json\/wp\/v2\/posts\/49515\/revisions"}],"wp:featuredmedia":[{"embeddable":true,"href":"https:\/\/jorgezanoni.com.br\/2019\/wp-json\/wp\/v2\/media\/49516"}],"wp:attachment":[{"href":"https:\/\/jorgezanoni.com.br\/2019\/wp-json\/wp\/v2\/media?parent=49515"}],"wp:term":[{"taxonomy":"category","embeddable":true,"href":"https:\/\/jorgezanoni.com.br\/2019\/wp-json\/wp\/v2\/categories?post=49515"},{"taxonomy":"post_tag","embeddable":true,"href":"https:\/\/jorgezanoni.com.br\/2019\/wp-json\/wp\/v2\/tags?post=49515"}],"curies":[{"name":"wp","href":"https:\/\/api.w.org\/{rel}","templated":true}]}}