{"id":49497,"date":"2021-06-17T15:18:29","date_gmt":"2021-06-17T15:18:29","guid":{"rendered":"https:\/\/jorgezanoni.com.br\/2019\/?p=49497"},"modified":"2021-06-17T15:18:29","modified_gmt":"2021-06-17T15:18:29","slug":"prefeito-andre-lemos-reune-autoridades-na-luta-contra-a-pandemia","status":"publish","type":"post","link":"https:\/\/jorgezanoni.com.br\/2019\/prefeito-andre-lemos-reune-autoridades-na-luta-contra-a-pandemia\/","title":{"rendered":"Prefeito Andr\u00e9 Lemos re\u00fane autoridades na luta contra a Pandemia"},"content":{"rendered":"<div class=\"ntc_resumo_noticia sw_lato_bold\" style=\"text-align: justify;\">Na semana passada, o prefeito editou novo decreto estabelecendo medidas que visam o combate \u00e0 pandemia de Covid-19: promotor de justi\u00e7a Ruy Bodini afirma que determina\u00e7\u00e3o deve ser cumprida por todos<\/div>\n<div class=\"ntc_descricao_noticia\">\n<div class=\"ntc_cont_descricao_noticia sw_txteditor\">\n<div style=\"text-align: justify;\">\u00a0O prefeito Andr\u00e9 Lemos se reuniu na manh\u00e3 de hoje, 16, com autoridades do munic\u00edpio, a fim de alinhar a a\u00e7\u00e3o dos poderes no cumprimento pr\u00e1tico do decreto municipal n.\u00ba 7.443 &#8211; de 11 de junho de 2021. O decreto, cujas regras foram determinadas pelo chefe do executivo, disciplina a venda de bebidas alco\u00f3licas e inibe a aglomera\u00e7\u00f5es de pessoas; a\u00e7\u00f5es que visam o enfrentamento da pandemia decorrente do COVID-19.<br \/>\nA reuni\u00e3o ocorreu na sala do cidad\u00e3o, no pa\u00e7o municipal, e contou com as presen\u00e7as de representantes do Legislativo; Vigil\u00e2ncia Sanit\u00e1ria, Fiscaliza\u00e7\u00e3o municipal; das Pol\u00edcias Militar e Civil; Judici\u00e1rio; Minist\u00e9rio P\u00fablico, Associa\u00e7\u00e3o Comercial e Empresarial; Sindicato dos Comerci\u00e1rios; Conselho Tutelar; Conselho Comunit\u00e1rio de Seguran\u00e7a (Conseg). A ju\u00edza Aline Tabuchi da Silva participou de maneira remota e parabenizou o prefeito por tal medida, tamb\u00e9m colocou o Poder Judici\u00e1rio ao dispor do munic\u00edpio.<br \/>\nA ideia do prefeito Andr\u00e9 ao promover o encontro, foi estreitar a parceria com todos os poderes representativos da sociedade em busca de oferecer um servi\u00e7o de qualidade no cumprimento do decreto. \u201cNosso receio \u00e9 de passar por dias piores do que vivemos no per\u00edodo de fevereiro a mar\u00e7o deste ano. Nossa UTI est\u00e1 cheia, assim como a enfermaria, naquela ocasi\u00e3o n\u00e3o tivemos falta de medicamentos, como o kit entuba\u00e7\u00e3o, mas agora j\u00e1 fomos informados pela Santa Casa que poderemos viver dias de falta desses itens t\u00e3o importantes\u201d, explicou o prefeito ressaltando que quando o munic\u00edpio procura comprar esses rem\u00e9dios tamb\u00e9m n\u00e3o est\u00e1 conseguindo, porque est\u00e3o em falta, segundo os fornecedores.<br \/>\nO chefe do executivo, mais uma vez pede a uni\u00e3o dos poderes para apoiar na parte pr\u00e1tica do combate \u00e0 pandemia.<br \/>\nMailson Botelho, chefe de Fiscaliza\u00e7\u00e3o do munic\u00edpio e Aline Andrade, diretora de Vigil\u00e2ncia em Sa\u00fade apresentaram suas dificuldades em algumas ocasi\u00f5es para atuar e foram orientados pelo promotor de justi\u00e7a Ruy Bodini, respons\u00e1vel pela 3\u00aa Promotoria P\u00fablica da Comarca de Dracena, cuja atribui\u00e7\u00e3o \u00e9 a Inf\u00e2ncia e Juventude.<br \/>\nDr. Ruy Bodini deixou bem claro durante a reuni\u00e3o que o decreto municipal tem valor de Lei, portanto \u00e9 uma ordem que deve ser cumprida na cidade. \u201cEstamos vivendo um momento at\u00edpico, com isso, as leis muitas vezes precisam ser interpretadas de maneira excepcional, contudo todos t\u00eam deveres, incluindo as crian\u00e7as e os adolescentes. A Pol\u00edcia e o Conselho Tutelar podem sim abord\u00e1-los quando necess\u00e1rio, dentro de um ambiente legal, e aqueles que se negarem a passar informa\u00e7\u00f5es solicitadas poder\u00e3o ser levados \u00e0 delegacia, l\u00f3gico que sem nenhum tipo de viol\u00eancia\u201d, explicou o promotor de justi\u00e7a em esclarecimento aos participantes.<br \/>\nNo auge da pandemia no in\u00edcio do ano, os poderes constitu\u00eddos se reuniram e numa parceria desenvolveram opera\u00e7\u00f5es que obtiveram resultado satisfat\u00f3rio, com a atua\u00e7\u00e3o de frente das Pol\u00edcias, do Conselho Tutelar, Fiscaliza\u00e7\u00e3o e Vigil\u00e2ncia.<br \/>\nO capit\u00e3o Pedro, que acabou de assumir o comando da 1\u00aa Cia. da Pol\u00edcia Militar na cidade informou durante a reuni\u00e3o que a institui\u00e7\u00e3o ir\u00e1 apoiar no que for poss\u00edvel, assim como o delegado seccional da Pol\u00edcia Civil, dr. Nilton Paschoal. Este disse que n\u00e3o ir\u00e1 deixar de apurar um crime. \u201cSe todos tiverem atuando juntos \u00e9 melhor para todos, nos colocamos a disposi\u00e7\u00e3o para promover opera\u00e7\u00f5es, inclusive utilizando drone\u201d, disse dr. Nilton.<br \/>\nO presidente da Associa\u00e7\u00e3o Comercial Luciano Gerlin da Silva tamb\u00e9m se colocou \u00e0 disposi\u00e7\u00e3o para fazer com que as regras do decreto sejam cumpridas pelos comerciantes. \u201cQueremos continuar oferecendo nosso servi\u00e7o \u00e0 popula\u00e7\u00e3o, o com\u00e9rcio aberto, mas para isso, todos t\u00eam que seguir o que est\u00e1 estabelecido, para n\u00e3o sermos penalizados, tendo que fechar as portas novamente\u201d.<br \/>\nO presidente do Sindicato dos Comerci\u00e1rios, S\u00e9rgio Manoel, chamou a aten\u00e7\u00e3o da popula\u00e7\u00e3o para o uso correto da m\u00e1scara. \u201cEstamos sempre vendo pessoas com m\u00e1scaras nos queixos\u201d, disse S\u00e9rgio sugerindo ainda que as regras para venda de bebidas alc\u00f3olicas sejam mais rigorosas.<br \/>\nO presidente do Conseg, Milton Polon por sua vez, pontuou que tem observado logo cedo botecos j\u00e1 abertos, com pessoas frequentando e o pior sem o uso de m\u00e1scaras. Tamb\u00e9m pediu mais rigor na fiscaliza\u00e7\u00e3o nas filas dos bancos e das lot\u00e9ricas.<br \/>\nFicou estabelecido que nos pr\u00f3ximos dias, as Pol\u00edcias juntas aos setores da Fiscaliza\u00e7\u00e3o, a Vigil\u00e2ncia e o Conselho Tutelar se reunir\u00e3o para tra\u00e7ar metas a serem cumpridas, como um plano de a\u00e7\u00e3o seguro e eficaz.<br \/>\nDr. Ruy se colocou mais uma vez a disposi\u00e7\u00e3o do munic\u00edpio e falou tamb\u00e9m em nomes dos demais tr\u00eas promotores, para dirimir d\u00favidas e colaborar junto aos demais para que seja prestado um servi\u00e7o de qualidade a popula\u00e7\u00e3o.<\/div>\n<div><\/div>\n<div><img loading=\"lazy\" decoding=\"async\" class=\"alignnone size-full wp-image-49499\" src=\"https:\/\/jorgezanoni.com.br\/2019\/wp-content\/uploads\/2021\/06\/pande1.jpg\" alt=\"\" width=\"800\" height=\"598\" srcset=\"https:\/\/jorgezanoni.com.br\/2019\/wp-content\/uploads\/2021\/06\/pande1.jpg 800w, https:\/\/jorgezanoni.com.br\/2019\/wp-content\/uploads\/2021\/06\/pande1-300x224.jpg 300w, https:\/\/jorgezanoni.com.br\/2019\/wp-content\/uploads\/2021\/06\/pande1-768x574.jpg 768w, https:\/\/jorgezanoni.com.br\/2019\/wp-content\/uploads\/2021\/06\/pande1-80x60.jpg 80w, https:\/\/jorgezanoni.com.br\/2019\/wp-content\/uploads\/2021\/06\/pande1-265x198.jpg 265w, https:\/\/jorgezanoni.com.br\/2019\/wp-content\/uploads\/2021\/06\/pande1-696x520.jpg 696w, https:\/\/jorgezanoni.com.br\/2019\/wp-content\/uploads\/2021\/06\/pande1-562x420.jpg 562w\" sizes=\"auto, (max-width: 800px) 100vw, 800px\" \/> <img loading=\"lazy\" decoding=\"async\" class=\"alignnone size-full wp-image-49500\" src=\"https:\/\/jorgezanoni.com.br\/2019\/wp-content\/uploads\/2021\/06\/pande2.jpg\" alt=\"\" width=\"800\" height=\"598\" srcset=\"https:\/\/jorgezanoni.com.br\/2019\/wp-content\/uploads\/2021\/06\/pande2.jpg 800w, https:\/\/jorgezanoni.com.br\/2019\/wp-content\/uploads\/2021\/06\/pande2-300x224.jpg 300w, https:\/\/jorgezanoni.com.br\/2019\/wp-content\/uploads\/2021\/06\/pande2-768x574.jpg 768w, https:\/\/jorgezanoni.com.br\/2019\/wp-content\/uploads\/2021\/06\/pande2-80x60.jpg 80w, https:\/\/jorgezanoni.com.br\/2019\/wp-content\/uploads\/2021\/06\/pande2-265x198.jpg 265w, https:\/\/jorgezanoni.com.br\/2019\/wp-content\/uploads\/2021\/06\/pande2-696x520.jpg 696w, https:\/\/jorgezanoni.com.br\/2019\/wp-content\/uploads\/2021\/06\/pande2-562x420.jpg 562w\" sizes=\"auto, (max-width: 800px) 100vw, 800px\" \/> <img loading=\"lazy\" decoding=\"async\" class=\"alignnone size-full wp-image-49501\" src=\"https:\/\/jorgezanoni.com.br\/2019\/wp-content\/uploads\/2021\/06\/pande3.jpg\" alt=\"\" width=\"800\" height=\"598\" srcset=\"https:\/\/jorgezanoni.com.br\/2019\/wp-content\/uploads\/2021\/06\/pande3.jpg 800w, https:\/\/jorgezanoni.com.br\/2019\/wp-content\/uploads\/2021\/06\/pande3-300x224.jpg 300w, https:\/\/jorgezanoni.com.br\/2019\/wp-content\/uploads\/2021\/06\/pande3-768x574.jpg 768w, https:\/\/jorgezanoni.com.br\/2019\/wp-content\/uploads\/2021\/06\/pande3-80x60.jpg 80w, https:\/\/jorgezanoni.com.br\/2019\/wp-content\/uploads\/2021\/06\/pande3-265x198.jpg 265w, https:\/\/jorgezanoni.com.br\/2019\/wp-content\/uploads\/2021\/06\/pande3-696x520.jpg 696w, https:\/\/jorgezanoni.com.br\/2019\/wp-content\/uploads\/2021\/06\/pande3-562x420.jpg 562w\" sizes=\"auto, (max-width: 800px) 100vw, 800px\" \/> <img loading=\"lazy\" decoding=\"async\" class=\"alignnone size-full wp-image-49502\" src=\"https:\/\/jorgezanoni.com.br\/2019\/wp-content\/uploads\/2021\/06\/pande4.jpg\" alt=\"\" width=\"800\" height=\"598\" srcset=\"https:\/\/jorgezanoni.com.br\/2019\/wp-content\/uploads\/2021\/06\/pande4.jpg 800w, https:\/\/jorgezanoni.com.br\/2019\/wp-content\/uploads\/2021\/06\/pande4-300x224.jpg 300w, https:\/\/jorgezanoni.com.br\/2019\/wp-content\/uploads\/2021\/06\/pande4-768x574.jpg 768w, https:\/\/jorgezanoni.com.br\/2019\/wp-content\/uploads\/2021\/06\/pande4-80x60.jpg 80w, https:\/\/jorgezanoni.com.br\/2019\/wp-content\/uploads\/2021\/06\/pande4-265x198.jpg 265w, https:\/\/jorgezanoni.com.br\/2019\/wp-content\/uploads\/2021\/06\/pande4-696x520.jpg 696w, https:\/\/jorgezanoni.com.br\/2019\/wp-content\/uploads\/2021\/06\/pande4-562x420.jpg 562w\" sizes=\"auto, (max-width: 800px) 100vw, 800px\" \/><\/div>\n<\/div>\n<div class=\"ntc_cont_descricao_noticia sw_txteditor\">\n<div>Fonte: Diretoria de Comunica\u00e7\u00e3o<\/div>\n<\/div>\n<\/div>\n","protected":false},"excerpt":{"rendered":"<p>Na semana passada, o prefeito editou novo decreto estabelecendo medidas que visam o combate \u00e0 pandemia de Covid-19: promotor de justi\u00e7a Ruy Bodini afirma que determina\u00e7\u00e3o deve ser cumprida por todos \u00a0O prefeito Andr\u00e9 Lemos se reuniu na manh\u00e3 de hoje, 16, com autoridades do munic\u00edpio, a fim de alinhar a a\u00e7\u00e3o dos poderes no [&hellip;]<\/p>\n","protected":false},"author":1,"featured_media":49498,"comment_status":"closed","ping_status":"open","sticky":false,"template":"","format":"standard","meta":{"footnotes":""},"categories":[179,184,110],"tags":[],"class_list":["post-49497","post","type-post","status-publish","format-standard","has-post-thumbnail","hentry","category-cidadeseregiao","category-dracena","category-noticiasdestaque"],"_links":{"self":[{"href":"https:\/\/jorgezanoni.com.br\/2019\/wp-json\/wp\/v2\/posts\/49497","targetHints":{"allow":["GET"]}}],"collection":[{"href":"https:\/\/jorgezanoni.com.br\/2019\/wp-json\/wp\/v2\/posts"}],"about":[{"href":"https:\/\/jorgezanoni.com.br\/2019\/wp-json\/wp\/v2\/types\/post"}],"author":[{"embeddable":true,"href":"https:\/\/jorgezanoni.com.br\/2019\/wp-json\/wp\/v2\/users\/1"}],"replies":[{"embeddable":true,"href":"https:\/\/jorgezanoni.com.br\/2019\/wp-json\/wp\/v2\/comments?post=49497"}],"version-history":[{"count":0,"href":"https:\/\/jorgezanoni.com.br\/2019\/wp-json\/wp\/v2\/posts\/49497\/revisions"}],"wp:featuredmedia":[{"embeddable":true,"href":"https:\/\/jorgezanoni.com.br\/2019\/wp-json\/wp\/v2\/media\/49498"}],"wp:attachment":[{"href":"https:\/\/jorgezanoni.com.br\/2019\/wp-json\/wp\/v2\/media?parent=49497"}],"wp:term":[{"taxonomy":"category","embeddable":true,"href":"https:\/\/jorgezanoni.com.br\/2019\/wp-json\/wp\/v2\/categories?post=49497"},{"taxonomy":"post_tag","embeddable":true,"href":"https:\/\/jorgezanoni.com.br\/2019\/wp-json\/wp\/v2\/tags?post=49497"}],"curies":[{"name":"wp","href":"https:\/\/api.w.org\/{rel}","templated":true}]}}