{"id":49463,"date":"2021-06-17T00:50:55","date_gmt":"2021-06-17T00:50:55","guid":{"rendered":"https:\/\/jorgezanoni.com.br\/2019\/?p=49463"},"modified":"2021-06-17T00:50:55","modified_gmt":"2021-06-17T00:50:55","slug":"academicos-do-curso-de-enfermagem-da-unifadra-visitam-hospital-psiquiatrico-espirita-bezerra-de-menezes","status":"publish","type":"post","link":"https:\/\/jorgezanoni.com.br\/2019\/academicos-do-curso-de-enfermagem-da-unifadra-visitam-hospital-psiquiatrico-espirita-bezerra-de-menezes\/","title":{"rendered":"Acad\u00eamicos do curso de Enfermagem da Unifadra visitam Hospital Psiqui\u00e1trico Esp\u00edrita Bezerra de Menezes"},"content":{"rendered":"<p style=\"text-align: justify;\"><span style=\"font-size: large;\">Os alunos do 5\u00ba termo do curso de Enfermagem da Unifadra participaram de uma visita t\u00e9cnica ao Hospital Psiqui\u00e1trico Esp\u00edrita Bezerra de Menezes, em Presidente Prudente, sob orienta\u00e7\u00e3o e supervis\u00e3o da Profa. Ma. Eunice Nelli (Unifadra) e da Prof. Esp. Daniela Maeda (CEP\/UME) &#8211; uma atividade da disciplina pr\u00e1tica de Enfermagem em Sa\u00fade Mental.<\/span><\/p>\n<p><span style=\"font-size: large;\">&#8220;O mercado de trabalho para Enfermagem est\u00e1 crescendo cada vez mais e visitas como estas auxiliam os alunos a enxergar a vasta \u00e1rea em que eles poder\u00e3o atuar depois de formados&#8221;, afirma a Prof. Ma. Eunice.<\/span><\/p>\n<p><span style=\"font-size: large;\">Segundo a coordenadora do curso de\u00a0<\/span>Enfermagem, Profa. Dra.<span style=\"font-size: large;\">\u00a0Lilian Carla Ferrari Sossai\u00a0<\/span>Pan\u00edcio,<span style=\"font-size: large;\">\u00a0o objetivo da visita foi verificar as particularidades do trabalho do enfermeiro que atua na \u00e1rea da psiquiatria, bem como observar na pr\u00e1tica a maneira como \u00e9 realizado o trabalho do enfermeiro na aten\u00e7\u00e3o psiqui\u00e1trica.<\/span><\/p>\n<p><span style=\"font-size: large;\">As visitas t\u00e9cnicas propiciam ao estudante a oportunidade de aprimorar a sua forma\u00e7\u00e3o profissional e pessoal, enriquecem o conhecimento cient\u00edfico e contribuem com o aprendizado significativo no cen\u00e1rio da pr\u00e1tica.<\/span><\/p>\n<p><span style=\"font-size: large;\"><b>Hospital Psiqui\u00e1trico Esp\u00edrita Bezerra de Menezes<\/b><\/span><br \/>\n<span style=\"font-size: large;\">Fundado em 1975, o hospital \u00e9 uma das unidades mantidas pela Associa\u00e7\u00e3o Assistencial Adolpho Bezerra de Menezes e oferece servi\u00e7os diferenciados e humanizados pelo Sistema \u00danico de Sa\u00fade (SUS) \u00e0s pessoas com necessidades ps\u00edquicas e dependentes qu\u00edmicos. Desenvolve atendimento individual e em grupos, terapia ocupacional, atividades recreativas, atividades de socializa\u00e7\u00e3o, fisioterapia, atendimento m\u00e9dico cl\u00ednico e atendimento odontol\u00f3gico.<\/span><br \/>\n<span style=\"font-size: large;\">Mais informa\u00e7\u00f5es: (18) 3902-4111<\/span><\/p>\n<p>Fonte: Departamento de Comunica\u00e7\u00e3o da Fundec<\/p>\n","protected":false},"excerpt":{"rendered":"<p>Os alunos do 5\u00ba termo do curso de Enfermagem da Unifadra participaram de uma visita t\u00e9cnica ao Hospital Psiqui\u00e1trico Esp\u00edrita Bezerra de Menezes, em Presidente Prudente, sob orienta\u00e7\u00e3o e supervis\u00e3o da Profa. Ma. Eunice Nelli (Unifadra) e da Prof. Esp. Daniela Maeda (CEP\/UME) &#8211; uma atividade da disciplina pr\u00e1tica de Enfermagem em Sa\u00fade Mental. &#8220;O [&hellip;]<\/p>\n","protected":false},"author":1,"featured_media":49464,"comment_status":"closed","ping_status":"open","sticky":false,"template":"","format":"standard","meta":{"footnotes":""},"categories":[122],"tags":[],"class_list":["post-49463","post","type-post","status-publish","format-standard","has-post-thumbnail","hentry","category-saudeeducacaoeconcurso"],"_links":{"self":[{"href":"https:\/\/jorgezanoni.com.br\/2019\/wp-json\/wp\/v2\/posts\/49463","targetHints":{"allow":["GET"]}}],"collection":[{"href":"https:\/\/jorgezanoni.com.br\/2019\/wp-json\/wp\/v2\/posts"}],"about":[{"href":"https:\/\/jorgezanoni.com.br\/2019\/wp-json\/wp\/v2\/types\/post"}],"author":[{"embeddable":true,"href":"https:\/\/jorgezanoni.com.br\/2019\/wp-json\/wp\/v2\/users\/1"}],"replies":[{"embeddable":true,"href":"https:\/\/jorgezanoni.com.br\/2019\/wp-json\/wp\/v2\/comments?post=49463"}],"version-history":[{"count":0,"href":"https:\/\/jorgezanoni.com.br\/2019\/wp-json\/wp\/v2\/posts\/49463\/revisions"}],"wp:featuredmedia":[{"embeddable":true,"href":"https:\/\/jorgezanoni.com.br\/2019\/wp-json\/wp\/v2\/media\/49464"}],"wp:attachment":[{"href":"https:\/\/jorgezanoni.com.br\/2019\/wp-json\/wp\/v2\/media?parent=49463"}],"wp:term":[{"taxonomy":"category","embeddable":true,"href":"https:\/\/jorgezanoni.com.br\/2019\/wp-json\/wp\/v2\/categories?post=49463"},{"taxonomy":"post_tag","embeddable":true,"href":"https:\/\/jorgezanoni.com.br\/2019\/wp-json\/wp\/v2\/tags?post=49463"}],"curies":[{"name":"wp","href":"https:\/\/api.w.org\/{rel}","templated":true}]}}