{"id":49460,"date":"2021-06-17T00:43:04","date_gmt":"2021-06-17T00:43:04","guid":{"rendered":"https:\/\/jorgezanoni.com.br\/2019\/?p=49460"},"modified":"2021-06-17T00:43:04","modified_gmt":"2021-06-17T00:43:04","slug":"vi-semana-de-inclusao-lancou-novo-olhar-sobre-o-tema","status":"publish","type":"post","link":"https:\/\/jorgezanoni.com.br\/2019\/vi-semana-de-inclusao-lancou-novo-olhar-sobre-o-tema\/","title":{"rendered":"VI Semana de Inclus\u00e3o lan\u00e7ou novo olhar sobre o tema"},"content":{"rendered":"<p style=\"text-align: justify;\"><span style=\"font-size: large;\">Os alunos do 9\u00ba termo do curso de Psicologia da Unifadra realizaram a VI Semana de Inclus\u00e3o da Pessoa com Defici\u00eancia nos dias 26 a 28 de maio. O evento \u00e9 realizado anualmente desde 2016 e, a partir de 2020, foi adaptado para as plataformas digitais.<\/span><\/p>\n<p><span style=\"font-size: large;\">A atividade reuniu estudantes de outras universidades e professores de diferentes \u00e1reas, em especial Psicologia e Pedagogia, al\u00e9m de professores da Rede Municipal de Educa\u00e7\u00e3o de Dracena e do p\u00fablico em geral.<\/span><\/p>\n<p><span style=\"font-size: large;\">A abertura da Semana contou com a palestra &#8220;Educa\u00e7\u00e3o, tecnologia e a filosofia da diferen\u00e7a&#8221;, ministrada pela\u00a0<\/span>Profa. Dra.<span style=\"font-size: large;\">\u00a0Elisa Tomoe Moriya Schl\u00fcnzen e o Prof.\u00a0<\/span>Dr.<span style=\"font-size: large;\">\u00a0Jos\u00e9 Eduardo de Oliveira Evangelista Lanuti. Quem perdeu ainda pode assistir pelo link:\u00a0<a href=\"https:\/\/youtu.be\/7lY29ztiW2s\" target=\"_blank\" rel=\"noopener noreferrer\">https:\/\/youtu.be\/7lY29ztiW2s<\/a><\/span><\/p>\n<p><span style=\"font-size: large;\">No dia 27, houve o lan\u00e7amento dos document\u00e1rios produzidos pelos alunos do 9\u00ba termo de Psicologia com os temas &#8220;Ado\u00e7\u00e3o de crian\u00e7as com defici\u00eancias&#8221; e &#8220;Espa\u00e7o na moda, corpo e mente: valorizando a beleza natural&#8221;.<\/span><\/p>\n<p><span style=\"font-size: large;\">A coordenadora desta sexta\u00a0<\/span>edi\u00e7\u00e3o, Profa.<span style=\"font-size: large;\">\u00a0Esp. La\u00edzi Santos, ressaltou que &#8220;o evento proporcionou um lugar de fala aos sujeitos envolvidos nos projetos e trouxe informa\u00e7\u00f5es \u00e0 popula\u00e7\u00e3o sobre diversas tem\u00e1ticas, ampliando a possibilidade de pr\u00e1ticas inclusivas em todos os setores da sociedade&#8221;.<\/span><\/p>\n<p><span style=\"font-size: large;\">No \u00faltimo dia foi realizado o Sarau da Inclus\u00e3o, que apresentou m\u00fasicas, poemas e cr\u00f4nicas, assim como materiais que auxiliam profissionais e comunidade; sobre inclus\u00e3o escolar, inclus\u00e3o de pacientes renais cr\u00f4nicos, defici\u00eancia e o mundo do trabalho, olhar a inclus\u00e3o e o morador de rua e inclus\u00e3o de autistas.<\/span><\/p>\n<p><span style=\"font-size: large;\">&#8220;Promovemos um espa\u00e7o de reflex\u00e3o e constru\u00e7\u00e3o de discuss\u00f5es a respeito da pessoa com defici\u00eancia, possibilitando a expans\u00e3o do conhecimento do aluno de gradua\u00e7\u00e3o, profissionais e comunidade, a fim de promover maior sa\u00fade nas rela\u00e7\u00f5es interpessoais e no manejo profissional, al\u00e9m de ampliar as possibilidades de promo\u00e7\u00e3o de uma sociedade mais inclusiva&#8221;, acrescentou a professora.<\/span><\/p>\n<p><span style=\"font-size: large;\">&#8220;As atividades propiciaram a reflex\u00e3o de acad\u00eamicos de Psicologia sobre um mundo de trabalho que atenda \u00e0s pessoas com defici\u00eancias, possibilitando despertar um interesse pelo desenvolvimento de pesquisas e projetos vinculados ao tema, ampliando os espa\u00e7os de discuss\u00f5es sobre tem\u00e1ticas inclusivas&#8221;, finalizou La\u00edzi.<\/span><\/p>\n<p><span style=\"font-size: large;\">Segundo a coordenadora do curso de Psicologia da\u00a0<\/span>Unifadra, Profa.<span style=\"font-size: large;\">\u00a0Ma. Andr\u00e9a\u00a0<\/span>Frizo<span style=\"font-size: large;\">\u00a0de C. Barbosa, &#8220;foram noites fant\u00e1sticas, de muitas reflex\u00f5es e aprendizagem. Tanto os discentes, como outros profissionais e membros da comunidade, puderam ampliar seus conhecimentos sobre o tema inclus\u00e3o, refletindo sobre os diversos grupos de exclu\u00eddos que s\u00e3o produzidos em nossa sociedade, e sobre estrat\u00e9gias capazes de promover a transforma\u00e7\u00e3o desse cen\u00e1rio, a partir de uma educa\u00e7\u00e3o inclusiva e de recursos tecnol\u00f3gicos.&#8221;<\/span><\/p>\n<p><span style=\"font-size: large;\">A coordena\u00e7\u00e3o finaliza agradecendo aos professores\u00a0<\/span>convidados, \u00a0Profa. Dra.<span style=\"font-size: large;\">\u00a0Elisa e o Prof.\u00a0<\/span>Dr.<span style=\"font-size: large;\">\u00a0Jos\u00e9 Eduardo, que gentilmente abrilhantaram o evento com seus conhecimentos e experi\u00eancias de vida, assim como, a Profa. Esp. Laizi e todos os acad\u00eamicos do 9\u00ba termo do curso de Psicologia.<\/span><\/p>\n<p><span style=\"font-size: large;\">Para o diretor acad\u00eamico\u00a0<\/span>Prof. Dr.<span style=\"font-size: large;\">\u00a0Enio Garbelini, &#8220;a Semana de Inclus\u00e3o tanto amplia o entendimento do aluno no campo da Psicologia quanto apresenta ao p\u00fablico em geral novas formas de olhar para o tema da inclus\u00e3o&#8221;.<\/span><\/p>\n<p>Fonte: Departamento de Comunica\u00e7\u00e3o Fundec<\/p>\n","protected":false},"excerpt":{"rendered":"<p>Os alunos do 9\u00ba termo do curso de Psicologia da Unifadra realizaram a VI Semana de Inclus\u00e3o da Pessoa com Defici\u00eancia nos dias 26 a 28 de maio. O evento \u00e9 realizado anualmente desde 2016 e, a partir de 2020, foi adaptado para as plataformas digitais. A atividade reuniu estudantes de outras universidades e professores [&hellip;]<\/p>\n","protected":false},"author":1,"featured_media":49461,"comment_status":"closed","ping_status":"open","sticky":false,"template":"","format":"standard","meta":{"footnotes":""},"categories":[122],"tags":[],"class_list":["post-49460","post","type-post","status-publish","format-standard","has-post-thumbnail","hentry","category-saudeeducacaoeconcurso"],"_links":{"self":[{"href":"https:\/\/jorgezanoni.com.br\/2019\/wp-json\/wp\/v2\/posts\/49460","targetHints":{"allow":["GET"]}}],"collection":[{"href":"https:\/\/jorgezanoni.com.br\/2019\/wp-json\/wp\/v2\/posts"}],"about":[{"href":"https:\/\/jorgezanoni.com.br\/2019\/wp-json\/wp\/v2\/types\/post"}],"author":[{"embeddable":true,"href":"https:\/\/jorgezanoni.com.br\/2019\/wp-json\/wp\/v2\/users\/1"}],"replies":[{"embeddable":true,"href":"https:\/\/jorgezanoni.com.br\/2019\/wp-json\/wp\/v2\/comments?post=49460"}],"version-history":[{"count":0,"href":"https:\/\/jorgezanoni.com.br\/2019\/wp-json\/wp\/v2\/posts\/49460\/revisions"}],"wp:featuredmedia":[{"embeddable":true,"href":"https:\/\/jorgezanoni.com.br\/2019\/wp-json\/wp\/v2\/media\/49461"}],"wp:attachment":[{"href":"https:\/\/jorgezanoni.com.br\/2019\/wp-json\/wp\/v2\/media?parent=49460"}],"wp:term":[{"taxonomy":"category","embeddable":true,"href":"https:\/\/jorgezanoni.com.br\/2019\/wp-json\/wp\/v2\/categories?post=49460"},{"taxonomy":"post_tag","embeddable":true,"href":"https:\/\/jorgezanoni.com.br\/2019\/wp-json\/wp\/v2\/tags?post=49460"}],"curies":[{"name":"wp","href":"https:\/\/api.w.org\/{rel}","templated":true}]}}