{"id":49457,"date":"2021-06-17T00:25:45","date_gmt":"2021-06-17T00:25:45","guid":{"rendered":"https:\/\/jorgezanoni.com.br\/2019\/?p=49457"},"modified":"2021-06-17T00:25:45","modified_gmt":"2021-06-17T00:25:45","slug":"orientacao-pedagogica-na-educacao-infantil-foi-tema-de-palestra-na-unifadra","status":"publish","type":"post","link":"https:\/\/jorgezanoni.com.br\/2019\/orientacao-pedagogica-na-educacao-infantil-foi-tema-de-palestra-na-unifadra\/","title":{"rendered":"Orienta\u00e7\u00e3o pedag\u00f3gica na Educa\u00e7\u00e3o Infantil foi tema de palestra na Unifadra"},"content":{"rendered":"<p style=\"text-align: justify;\"><span style=\"font-size: large;\">O curso de Pedagogia da Unifadra realizou, no dia 1\u00ba de junho, uma palestra com Andr\u00e9ia Guilhen Pinto, doutoranda e mestra em Educa\u00e7\u00e3o pela Unesp, com o tema &#8220;O processo de orienta\u00e7\u00e3o pedag\u00f3gica na Educa\u00e7\u00e3o Infantil&#8221;.<\/span><\/p>\n<p><span style=\"font-size: large;\">Participaram do evento cerca de 90 pessoas, dentre elas estudantes de Pedagogia, professores do munic\u00edpio de Presidente Prudente e Presidente Bernardes que atuam na educa\u00e7\u00e3o infantil e gestores escolares desses munic\u00edpios.<\/span><\/p>\n<p><span style=\"font-size: large;\">A coordenadora do curso de Pedagogia da Unifadra,\u00a0<\/span>Profa. Dra.<span style=\"font-size: large;\">\u00a0Vanessa Ribeiro Andreto, ressaltou que &#8220;os alunos participaram de forma muito ativa com questionamentos e puderam compreender melhor o papel do orientador pedag\u00f3gico e a rela\u00e7\u00e3o que deve ser estabelecida entre professor e gest\u00e3o escolar&#8221;.<\/span><\/p>\n<p><span style=\"font-size: large;\">Segundo o diretor acad\u00eamico\u00a0<\/span>Prof. Dr.<span style=\"font-size: large;\">\u00a0Enio Garbelini, &#8220;atividades como esta ampliam o entendimento do aluno e possibilitam esclarecer d\u00favidas referentes \u00e0 viv\u00eancia profissional&#8221;.<\/span><\/p>\n<p><span style=\"font-size: large;\">A dire\u00e7\u00e3o acad\u00eamica e a coordena\u00e7\u00e3o do curso agradecem \u00e0 Profa. Ma. Andr\u00e9ia Guilhen Pinto pela importante contribui\u00e7\u00e3o no processo formativo dos futuros educadores.<\/span><\/p>\n<p>Fonte: Departamento de Comunica\u00e7\u00e3o Fundec<\/p>\n","protected":false},"excerpt":{"rendered":"<p>O curso de Pedagogia da Unifadra realizou, no dia 1\u00ba de junho, uma palestra com Andr\u00e9ia Guilhen Pinto, doutoranda e mestra em Educa\u00e7\u00e3o pela Unesp, com o tema &#8220;O processo de orienta\u00e7\u00e3o pedag\u00f3gica na Educa\u00e7\u00e3o Infantil&#8221;. Participaram do evento cerca de 90 pessoas, dentre elas estudantes de Pedagogia, professores do munic\u00edpio de Presidente Prudente e [&hellip;]<\/p>\n","protected":false},"author":1,"featured_media":49458,"comment_status":"closed","ping_status":"open","sticky":false,"template":"","format":"standard","meta":{"footnotes":""},"categories":[122],"tags":[],"class_list":["post-49457","post","type-post","status-publish","format-standard","has-post-thumbnail","hentry","category-saudeeducacaoeconcurso"],"_links":{"self":[{"href":"https:\/\/jorgezanoni.com.br\/2019\/wp-json\/wp\/v2\/posts\/49457","targetHints":{"allow":["GET"]}}],"collection":[{"href":"https:\/\/jorgezanoni.com.br\/2019\/wp-json\/wp\/v2\/posts"}],"about":[{"href":"https:\/\/jorgezanoni.com.br\/2019\/wp-json\/wp\/v2\/types\/post"}],"author":[{"embeddable":true,"href":"https:\/\/jorgezanoni.com.br\/2019\/wp-json\/wp\/v2\/users\/1"}],"replies":[{"embeddable":true,"href":"https:\/\/jorgezanoni.com.br\/2019\/wp-json\/wp\/v2\/comments?post=49457"}],"version-history":[{"count":0,"href":"https:\/\/jorgezanoni.com.br\/2019\/wp-json\/wp\/v2\/posts\/49457\/revisions"}],"wp:featuredmedia":[{"embeddable":true,"href":"https:\/\/jorgezanoni.com.br\/2019\/wp-json\/wp\/v2\/media\/49458"}],"wp:attachment":[{"href":"https:\/\/jorgezanoni.com.br\/2019\/wp-json\/wp\/v2\/media?parent=49457"}],"wp:term":[{"taxonomy":"category","embeddable":true,"href":"https:\/\/jorgezanoni.com.br\/2019\/wp-json\/wp\/v2\/categories?post=49457"},{"taxonomy":"post_tag","embeddable":true,"href":"https:\/\/jorgezanoni.com.br\/2019\/wp-json\/wp\/v2\/tags?post=49457"}],"curies":[{"name":"wp","href":"https:\/\/api.w.org\/{rel}","templated":true}]}}