{"id":49453,"date":"2021-06-17T00:06:27","date_gmt":"2021-06-17T00:06:27","guid":{"rendered":"https:\/\/jorgezanoni.com.br\/2019\/?p=49453"},"modified":"2021-06-17T01:18:43","modified_gmt":"2021-06-17T01:18:43","slug":"enfermeiro-com-veiculo-placas-de-dracena-e-preso-em-flagrante-com-drogas-na-sp-270","status":"publish","type":"post","link":"https:\/\/jorgezanoni.com.br\/2019\/enfermeiro-com-veiculo-placas-de-dracena-e-preso-em-flagrante-com-drogas-na-sp-270\/","title":{"rendered":"Enfermeiro com ve\u00edculo placas de Dracena \u00e9 preso em flagrante com Drogas na SP-270"},"content":{"rendered":"<p style=\"text-align: justify;\"><strong>Apreens\u00e3o da Droga e pris\u00e3o do motorista aconteceu na\u00a0SP 270\u2013 Rodovia Raposo Tavares, km 654,500 em Presidente Epit\u00e1cio\/SP.<\/strong><\/p>\n<p style=\"text-align: justify;\">Durante a Opera\u00e7\u00e3o \u201cPaz e Prote\u00e7\u00e3o\u201d, a equipe TOR pertencente ao efetivo da 2\u00aa Cia de Pol\u00edcia Rodovi\u00e1ria de Presidente Prudente\/SP, abordou por volta de 14:00 Horas de hoje (16), um GM\/Celta com placas de Dracena\/SP, e durante vistoria foi localizado no porta malas 43 (quarenta e tr\u00eas) tabletes de Maconha, que ap\u00f3s pesados totalizaram 41,070kg (quarenta e um quilos e setenta gramas) da droga.<br \/>\nO condutor (E.H.L) de 35 anos foi preso em flagrante e permanece \u00e0 disposi\u00e7\u00e3o da justi\u00e7a.<\/p>\n<p style=\"text-align: justify;\">Ocorr\u00eancia atendida na \u00e1rea do Policiamento Rodovi\u00e1rio<\/p>\n<p style=\"text-align: justify;\">Fonte: PMR BPO 270\/12 Pres. Epit\u00e1cio<\/p>\n<p class=\"v1MsoNormal\" style=\"text-align: justify;\"><b>2\u00aa DISE\/DEIC 8 PRENDE ENFERMEIRO POR TR\u00c1FICO<\/b><\/p>\n<p class=\"v1MsoNormal\" style=\"text-align: justify;\"><i>Com o apoio da Pol\u00edcia Rodovi\u00e1ria, policiais abordam ve\u00edculo que transportava droga do Mato Grosso do Sul, com destino a regi\u00e3o, a droga seria comercializada e tamb\u00e9m manipulada como medicamento &#8220;canabidiol&#8221;<\/i><\/p>\n<p class=\"v1MsoNormal\" style=\"text-align: justify;\">Na data de hoje (16\/6), Policiais Civis da 2\u00aa DIse-Delegacia de Investiga\u00e7\u00f5es Sobre Entorpecentes da Deic 8, receberam informa\u00e7\u00e3o proveniente de den\u00fancia an\u00f4nima de fonte humana n\u00e3o identificada, dando conta de que um enfermeiro da regi\u00e3o de Dracena estaria adquirindo drogas na cidade de Bataguassu\/MS. A droga seria transportada e comercializada na cidade de Dracena e ainda, parte da dela seria destinada para produzir e manipular medicamento conhecido como &#8220;canabidiol&#8221;, extra\u00eddo da subst\u00e2ncia THC para fins terap\u00eauticos e\/ou medicinais, em um laborat\u00f3rio clandestino.<\/p>\n<p class=\"v1MsoNormal\" style=\"text-align: justify;\">Diante da den\u00fancia recebida, o Setor de Intelig\u00eancia, efetuou uma s\u00e9rie de pesquisas e, por delibera\u00e7\u00e3o da Delegada de Pol\u00edcia foi solicitado o apoio da Pol\u00edcia Rodovi\u00e1ria para a realiza\u00e7\u00e3o de abordagem na entrada do Estado de S\u00e3o Paulo, na cidade de Presidente Epit\u00e1cio. Durante a abordagem, o investigado demonstrou extremo nervosismo, o que motivou a realiza\u00e7\u00e3o de busca veicular.<\/p>\n<p class=\"v1MsoNormal\" style=\"text-align: justify;\">Em busca veicular minuciosa, foi poss\u00edvel constatar que o investigado transportava, sem autoriza\u00e7\u00e3o legal ou regulamentar, no interior do ve\u00edculo,\u00a0\u00a0precisamente no porta malas do ve\u00edculo,\u00a0\u00a043 tijolos com erva ressequida aparentando subst\u00e2ncia an\u00e1loga a &#8220;THC&#8221; (tetrahidrocanabinol), vulgarmente conhecida como maconha, que totalizaram o peso de 41,070 quilos.<\/p>\n<p class=\"v1MsoNormal\" style=\"text-align: justify;\">O abordado confessou ser enfermeiro na cidade de Junqueir\u00f3polis, ter adquirido referida droga em Bataguassu\/MS e alegou que pretendia fabricar e manipular o medicamento conhecido como &#8220;canabidiol&#8221;, extra\u00eddo do THC para fins terap\u00eauticos ou medicinais, alegando que se destinava ao seu consumo pessoal.<\/p>\n<p class=\"v1MsoNormal\" style=\"text-align: justify;\">Diante dos fatos foi exarada voz de pris\u00e3o em flagrante e apresentado na DISE para os procedimentos de Pol\u00edcia Judici\u00e1ria.<\/p>\n<p class=\"v1MsoNormal\" style=\"text-align: justify;\">Durante seu interrogat\u00f3rio confessou j\u00e1 ter manipulado de forma clandestina em sua resid\u00eancia, o medicamento, informando os materiais para isso, informou que possu\u00eda j\u00e1 manipulado onde reside, o &#8220;canabidiol&#8221;, assim como confessou que no im\u00f3vel haveria aproximadamente 5 tijolos de maconha, autorizando, expressamente em seu interrogat\u00f3rio o ingresso dos policiais em sua resid\u00eancia.<\/p>\n<p class=\"v1MsoNormal\" style=\"text-align: justify;\">Diante da confiss\u00e3o do indiciado, os policiais civis se deslocaram at\u00e9 o Dracena, onde reside e com o apoio da DISE DRACENA foram realizadas busca domiciliar. No local foram localizados o medicamento manipulado, al\u00e9m de 5 tijolos \u00edntegros e outros tijolos fracionados de maconha, em c\u00f4modos distintos, balan\u00e7a de precis\u00e3o e demais apetrechos comumente utilizados para embalar drogas para o com\u00e9rcio.<\/p>\n<p class=\"v1MsoNormal\" style=\"text-align: justify;\">O enfermeiro E.H.L. 35 anos ap\u00f3s os trabalhos de Policia Judici\u00e1ria permanecer\u00e1 \u00e0 disposi\u00e7\u00e3o da justi\u00e7a.<\/p>\n<p><img loading=\"lazy\" decoding=\"async\" class=\"alignnone size-full wp-image-49467\" src=\"https:\/\/jorgezanoni.com.br\/2019\/wp-content\/uploads\/2021\/06\/dracena-1.jpg\" alt=\"\" width=\"1280\" height=\"720\" srcset=\"https:\/\/jorgezanoni.com.br\/2019\/wp-content\/uploads\/2021\/06\/dracena-1.jpg 1280w, https:\/\/jorgezanoni.com.br\/2019\/wp-content\/uploads\/2021\/06\/dracena-1-300x169.jpg 300w, https:\/\/jorgezanoni.com.br\/2019\/wp-content\/uploads\/2021\/06\/dracena-1-1024x576.jpg 1024w, https:\/\/jorgezanoni.com.br\/2019\/wp-content\/uploads\/2021\/06\/dracena-1-768x432.jpg 768w, https:\/\/jorgezanoni.com.br\/2019\/wp-content\/uploads\/2021\/06\/dracena-1-696x392.jpg 696w, https:\/\/jorgezanoni.com.br\/2019\/wp-content\/uploads\/2021\/06\/dracena-1-1068x601.jpg 1068w, https:\/\/jorgezanoni.com.br\/2019\/wp-content\/uploads\/2021\/06\/dracena-1-747x420.jpg 747w\" sizes=\"auto, (max-width: 1280px) 100vw, 1280px\" \/><img loading=\"lazy\" decoding=\"async\" class=\"alignnone size-full wp-image-49468\" src=\"https:\/\/jorgezanoni.com.br\/2019\/wp-content\/uploads\/2021\/06\/Dracena1.jpg\" alt=\"\" width=\"676\" height=\"1280\" srcset=\"https:\/\/jorgezanoni.com.br\/2019\/wp-content\/uploads\/2021\/06\/Dracena1.jpg 676w, https:\/\/jorgezanoni.com.br\/2019\/wp-content\/uploads\/2021\/06\/Dracena1-158x300.jpg 158w, https:\/\/jorgezanoni.com.br\/2019\/wp-content\/uploads\/2021\/06\/Dracena1-541x1024.jpg 541w, https:\/\/jorgezanoni.com.br\/2019\/wp-content\/uploads\/2021\/06\/Dracena1-222x420.jpg 222w\" sizes=\"auto, (max-width: 676px) 100vw, 676px\" \/> <img loading=\"lazy\" decoding=\"async\" class=\"alignnone size-full wp-image-49469\" src=\"https:\/\/jorgezanoni.com.br\/2019\/wp-content\/uploads\/2021\/06\/dracena2.jpg\" alt=\"\" width=\"1280\" height=\"887\" srcset=\"https:\/\/jorgezanoni.com.br\/2019\/wp-content\/uploads\/2021\/06\/dracena2.jpg 1280w, https:\/\/jorgezanoni.com.br\/2019\/wp-content\/uploads\/2021\/06\/dracena2-300x208.jpg 300w, https:\/\/jorgezanoni.com.br\/2019\/wp-content\/uploads\/2021\/06\/dracena2-1024x710.jpg 1024w, https:\/\/jorgezanoni.com.br\/2019\/wp-content\/uploads\/2021\/06\/dracena2-768x532.jpg 768w, https:\/\/jorgezanoni.com.br\/2019\/wp-content\/uploads\/2021\/06\/dracena2-100x70.jpg 100w, https:\/\/jorgezanoni.com.br\/2019\/wp-content\/uploads\/2021\/06\/dracena2-218x150.jpg 218w, https:\/\/jorgezanoni.com.br\/2019\/wp-content\/uploads\/2021\/06\/dracena2-696x482.jpg 696w, https:\/\/jorgezanoni.com.br\/2019\/wp-content\/uploads\/2021\/06\/dracena2-1068x740.jpg 1068w, https:\/\/jorgezanoni.com.br\/2019\/wp-content\/uploads\/2021\/06\/dracena2-606x420.jpg 606w\" sizes=\"auto, (max-width: 1280px) 100vw, 1280px\" \/><\/p>\n<p class=\"v1MsoNormal\" style=\"text-align: justify;\">Fonte: DEINTER 8 Presidente Prudente &#8211; Comunica\u00e7\u00e3o Social<\/p>\n<p class=\"v1MsoNormal\">\n","protected":false},"excerpt":{"rendered":"<p>Apreens\u00e3o da Droga e pris\u00e3o do motorista aconteceu na\u00a0SP 270\u2013 Rodovia Raposo Tavares, km 654,500 em Presidente Epit\u00e1cio\/SP. Durante a Opera\u00e7\u00e3o \u201cPaz e Prote\u00e7\u00e3o\u201d, a equipe TOR pertencente ao efetivo da 2\u00aa Cia de Pol\u00edcia Rodovi\u00e1ria de Presidente Prudente\/SP, abordou por volta de 14:00 Horas de hoje (16), um GM\/Celta com placas de Dracena\/SP, e [&hellip;]<\/p>\n","protected":false},"author":1,"featured_media":49455,"comment_status":"closed","ping_status":"open","sticky":false,"template":"","format":"standard","meta":{"footnotes":""},"categories":[110,2],"tags":[],"class_list":["post-49453","post","type-post","status-publish","format-standard","has-post-thumbnail","hentry","category-noticiasdestaque","category-policial"],"_links":{"self":[{"href":"https:\/\/jorgezanoni.com.br\/2019\/wp-json\/wp\/v2\/posts\/49453","targetHints":{"allow":["GET"]}}],"collection":[{"href":"https:\/\/jorgezanoni.com.br\/2019\/wp-json\/wp\/v2\/posts"}],"about":[{"href":"https:\/\/jorgezanoni.com.br\/2019\/wp-json\/wp\/v2\/types\/post"}],"author":[{"embeddable":true,"href":"https:\/\/jorgezanoni.com.br\/2019\/wp-json\/wp\/v2\/users\/1"}],"replies":[{"embeddable":true,"href":"https:\/\/jorgezanoni.com.br\/2019\/wp-json\/wp\/v2\/comments?post=49453"}],"version-history":[{"count":0,"href":"https:\/\/jorgezanoni.com.br\/2019\/wp-json\/wp\/v2\/posts\/49453\/revisions"}],"wp:featuredmedia":[{"embeddable":true,"href":"https:\/\/jorgezanoni.com.br\/2019\/wp-json\/wp\/v2\/media\/49455"}],"wp:attachment":[{"href":"https:\/\/jorgezanoni.com.br\/2019\/wp-json\/wp\/v2\/media?parent=49453"}],"wp:term":[{"taxonomy":"category","embeddable":true,"href":"https:\/\/jorgezanoni.com.br\/2019\/wp-json\/wp\/v2\/categories?post=49453"},{"taxonomy":"post_tag","embeddable":true,"href":"https:\/\/jorgezanoni.com.br\/2019\/wp-json\/wp\/v2\/tags?post=49453"}],"curies":[{"name":"wp","href":"https:\/\/api.w.org\/{rel}","templated":true}]}}