{"id":49449,"date":"2021-06-16T19:14:30","date_gmt":"2021-06-16T19:14:30","guid":{"rendered":"https:\/\/jorgezanoni.com.br\/2019\/?p=49449"},"modified":"2021-06-16T19:14:30","modified_gmt":"2021-06-16T19:14:30","slug":"igreja-metodista-em-ourinhos-historia-e-memoria-por-sergio-barbosa","status":"publish","type":"post","link":"https:\/\/jorgezanoni.com.br\/2019\/igreja-metodista-em-ourinhos-historia-e-memoria-por-sergio-barbosa\/","title":{"rendered":"IGREJA METODISTA EM OURINHOS: Hist\u00f3ria e Mem\u00f3ria! (por S\u00e9rgio Barbosa)"},"content":{"rendered":"<p style=\"text-align: justify;\"><strong>IGREJA METODISTA EM OURINHOS: Hist\u00f3ria e Mem\u00f3ria!<\/strong><\/p>\n<p style=\"text-align: justify;\"><strong><em>\u201cFa\u00e7a todo o bem que puder, \/ Por todos os meios que puder, \/ De todas as maneiras que voc\u00ea pode, \/ Em todos os lugares que voc\u00ea puder, \/ Em todas as vezes que voc\u00ea puder,<br \/>\nPara todas as pessoas que voc\u00ea puder, \/ Enquanto voc\u00ea pode sempre.\u201d (<\/em><\/strong><a href=\"https:\/\/www.pensador.com\/autor\/john_wesley\/\"><strong><em>John Wesley<\/em><\/strong><\/a><strong><em>)<\/em><\/strong><\/p>\n<p style=\"text-align: justify;\"><strong><em>\u00c0 minha m\u00e3e (in memoriam), GENY NASCIMENTO BARBOSA (Dona Tatinha), dedico!<\/em><\/strong><\/p>\n<p style=\"text-align: justify;\"><strong>S\u00e9rgio Barbosa (*)<\/strong><\/p>\n<p style=\"text-align: justify;\">Neste ANIVERS\u00c1RIO das atividades religiosas da IGREJA METODISTA em Ourinhos, faz-se necess\u00e1rio o REGISTRO de alguns fatos relacionados com a HIST\u00d3RIA desta denomina\u00e7\u00e3o na cidade, al\u00e9m de outros desencontros com o tempo do tempo na \u00e1rea pessoal&#8230;<\/p>\n<p style=\"text-align: justify;\">Deve-se destacar que os METODISTAS chegaram primeiro que OURINHOS, neste caso, por meio do AVAN\u00c7O MISSION\u00c1RIO dos PRESBITERIANOS na regi\u00e3o, por\u00e9m, como naquela \u00e9poca tal territ\u00f3rio estava dividido entre as IGREJAS tradicionais PROTESTANTES, os PRESBITERIANOS foram para o Estado do Mato Grosso, assim, o PONTO iniciado ficou com os METODISTAS&#8230;<\/p>\n<p style=\"text-align: justify;\">Tamb\u00e9m, a IGREJA METODISTA parte dos ANAIS HIST\u00d3RICOS da Cidade de OURINHOS, para isso basta consultar os REGISTROS parta saber os detalhes e tudo mais, bem como, o porqu\u00ea da LOCALIZA\u00c7\u00c3O da IGREJA estar ao lado da PRA\u00c7A MELO PEIXOTO, pois, naquele outro tempo, tal constru\u00e7\u00e3o era prerrogativa dos CAT\u00d3LICOS, tal qual ocorre at\u00e9 os dias de hoje&#8230;<\/p>\n<p style=\"text-align: justify;\">Outro DETALHE entre tantas considera\u00e7\u00f5es sobre a presen\u00e7a dos METODISTAS tem a ver com o TEMPLO MAGN\u00cdFICO constru\u00eddo e que apresenta uma ARQUITETURA diferenciada para uma IGREJA de origem PROTESTANTE, isso \u00e9, se considerar o ano da constru\u00e7\u00e3o do TEMPLO METODISTA na cidade&#8230;<\/p>\n<p style=\"text-align: justify;\">N\u00e3o se pode deixar de registrar que durante muitos anos a C\u00c2MARA MUNICIPAL desenvolveu atividades em um PR\u00c9DIO quase na frente do TEMPLO METODISTA e assim por diante, tal registro demonstra a import\u00e2ncia da IM naquele outro tempo do tempo para a comunidade local&#8230;<\/p>\n<p style=\"text-align: justify;\">A presen\u00e7a dos METODISTAS faz parte deste CEN\u00c1RIO OURINHENSE desde a funda\u00e7\u00e3o da CIDADE, bem como, tiveram uma participa\u00e7\u00e3o ATIVA nas \u00e1reas da EDUCA\u00c7\u00c3O, SOCIAL e POL\u00cdTICA durante d\u00e9cadas, portanto, A C\u00c9SAR O QUE \u00c9 DE C\u00c9SAR&#8230;<\/p>\n<p style=\"text-align: justify;\">Infelizmente, nem mesmo os METODISTAS de hoje ou mesmo aqueles que passaram pelo denominado ROL DE MEMBROS tem tal conhecimento desta TRAJET\u00d3RIA HIST\u00d3RICA e fundamental para o AVAN\u00c7O e DESENVOLVIMENTO de OURINHOS&#8230;<\/p>\n<p style=\"text-align: justify;\">Muitos ARQUIVOS foram perdidos com tantos DESENCONTROS que ocorreram nas diversas TROCAS DE PASTORES\/AS, REVERENDOS e outros\/as que marcaram presen\u00e7a naquele TEMPLO ou IGREJA, entretanto, a MARCA dos METODISTAS continua determinando que a proposta de JOHN WESLEY, o fundador do MOVIMENTO METODISTA continua mais atual do que nunca, ou seja, O MUNDO \u00c9 MINHA PAR\u00d3QUIA&#8230;<\/p>\n<p style=\"text-align: justify;\">Participei junto com a FAM\u00cdLIA BARBOSA das atividades realizadas nesta IGREJA METODISTA desde o nascimento at\u00e9 o ano de 1.979, quando mudei de MALA E CUIA para SAMPA em busca de NOVAS OPORTUNIDADES&#8230;<\/p>\n<p style=\"text-align: justify;\">Mesmo assim, apesar de n\u00e3o marcar mais presen\u00e7a nas atividades da IGREJA METODISTA em n\u00edvel de Brasil, faz-se necess\u00e1rio REGISTRAR tais fatos relacionados com a IGREJA METODISTA em OURINHOS e ponto quase final&#8230;<\/p>\n<p style=\"text-align: justify;\">AVE IGREJA METODISTA!<\/p>\n<p style=\"text-align: justify;\">AVE OURINHOS!<\/p>\n<p style=\"text-align: justify;\">AVE FAM\u00cdLIAS NASCIMENTO\/BARBOSA!<\/p>\n<p style=\"text-align: justify;\"><strong><em>_________________________________<\/em><\/strong><\/p>\n<p style=\"text-align: justify;\"><strong><em>(*) jornalista diplomado, professor universit\u00e1rio, mestre em ci\u00eancias da religi\u00e3o pelo ppg\/cr da UMESP-universidade metodista de s\u00e3o paulo. cursou TEOLOGIA e desenvolveu atividades como secret\u00e1rio e editor de atas da quinta regi\u00e3o eclesi\u00e1stica da igreja metodista na d\u00e9cada de 80, editor-assistente do jornal oficial, expositor crist\u00e3o (1.986), al\u00e9m de ocupar outros cargos e fun\u00e7\u00f5es na \u00e1rea regional das d\u00e9cadas de 80\/90. nos anos de 1988\/1990 foi assessor de imprensa da igreja metodista da segunda regi\u00e3o eclesi\u00e1stica (RS) e editor do jornal VIDA E MISS\u00c3O.\u00a0\u00a0\u00a0<\/em><\/strong><\/p>\n<p><img loading=\"lazy\" decoding=\"async\" class=\"alignnone size-full wp-image-49450\" src=\"https:\/\/jorgezanoni.com.br\/2019\/wp-content\/uploads\/2021\/06\/igreja-metodista200.jpg\" alt=\"\" width=\"1570\" height=\"837\" srcset=\"https:\/\/jorgezanoni.com.br\/2019\/wp-content\/uploads\/2021\/06\/igreja-metodista200.jpg 1570w, https:\/\/jorgezanoni.com.br\/2019\/wp-content\/uploads\/2021\/06\/igreja-metodista200-300x160.jpg 300w, https:\/\/jorgezanoni.com.br\/2019\/wp-content\/uploads\/2021\/06\/igreja-metodista200-1024x546.jpg 1024w, https:\/\/jorgezanoni.com.br\/2019\/wp-content\/uploads\/2021\/06\/igreja-metodista200-768x409.jpg 768w, https:\/\/jorgezanoni.com.br\/2019\/wp-content\/uploads\/2021\/06\/igreja-metodista200-1536x819.jpg 1536w, https:\/\/jorgezanoni.com.br\/2019\/wp-content\/uploads\/2021\/06\/igreja-metodista200-696x371.jpg 696w, https:\/\/jorgezanoni.com.br\/2019\/wp-content\/uploads\/2021\/06\/igreja-metodista200-1068x569.jpg 1068w, https:\/\/jorgezanoni.com.br\/2019\/wp-content\/uploads\/2021\/06\/igreja-metodista200-788x420.jpg 788w\" sizes=\"auto, (max-width: 1570px) 100vw, 1570px\" \/>Imagens Arquivo<\/p>\n","protected":false},"excerpt":{"rendered":"<p>IGREJA METODISTA EM OURINHOS: Hist\u00f3ria e Mem\u00f3ria! \u201cFa\u00e7a todo o bem que puder, \/ Por todos os meios que puder, \/ De todas as maneiras que voc\u00ea pode, \/ Em todos os lugares que voc\u00ea puder, \/ Em todas as vezes que voc\u00ea puder, Para todas as pessoas que voc\u00ea puder, \/ Enquanto voc\u00ea pode [&hellip;]<\/p>\n","protected":false},"author":1,"featured_media":49451,"comment_status":"closed","ping_status":"open","sticky":false,"template":"","format":"standard","meta":{"footnotes":""},"categories":[175],"tags":[],"class_list":["post-49449","post","type-post","status-publish","format-standard","has-post-thumbnail","hentry","category-artigos"],"_links":{"self":[{"href":"https:\/\/jorgezanoni.com.br\/2019\/wp-json\/wp\/v2\/posts\/49449","targetHints":{"allow":["GET"]}}],"collection":[{"href":"https:\/\/jorgezanoni.com.br\/2019\/wp-json\/wp\/v2\/posts"}],"about":[{"href":"https:\/\/jorgezanoni.com.br\/2019\/wp-json\/wp\/v2\/types\/post"}],"author":[{"embeddable":true,"href":"https:\/\/jorgezanoni.com.br\/2019\/wp-json\/wp\/v2\/users\/1"}],"replies":[{"embeddable":true,"href":"https:\/\/jorgezanoni.com.br\/2019\/wp-json\/wp\/v2\/comments?post=49449"}],"version-history":[{"count":0,"href":"https:\/\/jorgezanoni.com.br\/2019\/wp-json\/wp\/v2\/posts\/49449\/revisions"}],"wp:featuredmedia":[{"embeddable":true,"href":"https:\/\/jorgezanoni.com.br\/2019\/wp-json\/wp\/v2\/media\/49451"}],"wp:attachment":[{"href":"https:\/\/jorgezanoni.com.br\/2019\/wp-json\/wp\/v2\/media?parent=49449"}],"wp:term":[{"taxonomy":"category","embeddable":true,"href":"https:\/\/jorgezanoni.com.br\/2019\/wp-json\/wp\/v2\/categories?post=49449"},{"taxonomy":"post_tag","embeddable":true,"href":"https:\/\/jorgezanoni.com.br\/2019\/wp-json\/wp\/v2\/tags?post=49449"}],"curies":[{"name":"wp","href":"https:\/\/api.w.org\/{rel}","templated":true}]}}