{"id":49443,"date":"2021-06-16T18:44:55","date_gmt":"2021-06-16T18:44:55","guid":{"rendered":"https:\/\/jorgezanoni.com.br\/2019\/?p=49443"},"modified":"2021-06-16T18:46:43","modified_gmt":"2021-06-16T18:46:43","slug":"idoso-morre-vitima-de-incendio-em-residencia-no-jardim-tonico-andre-em-dracena","status":"publish","type":"post","link":"https:\/\/jorgezanoni.com.br\/2019\/idoso-morre-vitima-de-incendio-em-residencia-no-jardim-tonico-andre-em-dracena\/","title":{"rendered":"Idoso morre v\u00edtima de inc\u00eandio em resid\u00eancia no Bairro Tonico Andr\u00e9, em Dracena"},"content":{"rendered":"<h2 class=\"content-head__subtitle\" style=\"text-align: justify;\"><strong>Homem, de 66 anos, chegou a ser socorrido e levado ao Pronto Atendimento Municipal (PAM), nesta quarta-feira (16), mas n\u00e3o resistiu.<\/strong><\/h2>\n<div class=\"mc-column content-text active-extra-styles \" data-block-type=\"unstyled\" data-block-weight=\"24\" data-block-id=\"2\">\n<p class=\"content-text__container \" style=\"text-align: justify;\" data-track-category=\"Link no Texto\" data-track-links=\"\">Um homem de 66 anos morreu v\u00edtima de um inc\u00eandio em uma resid\u00eancia no bairro Jardim Tonico Andr\u00e9, em\u00a0<a href=\"https:\/\/g1.globo.com\/sp\/presidente-prudente-regiao\/cidade\/dracena\/\">Dracena (SP)<\/a>, nesta quarta-feira (16).<\/p>\n<\/div>\n<div class=\"wall protected-content\">\n<div class=\"mc-column content-text active-extra-styles \" style=\"text-align: justify;\" data-block-type=\"unstyled\" data-block-weight=\"36\" data-block-id=\"3\">\n<p class=\"content-text__container \" data-track-category=\"Link no Texto\" data-track-links=\"\">O Corpo de Bombeiros informou que foi acionado para o atendimento da ocorr\u00eancia \u00e0s 10h53 e quando chegou ao local constatou que se tratava de um inc\u00eandio em um colch\u00e3o no quarto da resid\u00eancia de alvenaria.<\/p>\n<\/div>\n<div class=\"mc-column content-text active-extra-styles \" style=\"text-align: justify;\" data-block-type=\"unstyled\" data-block-weight=\"11\" data-block-id=\"4\">\n<p class=\"content-text__container \" data-track-category=\"Link no Texto\" data-track-links=\"\">Os bombeiros depararam-se com a v\u00edtima inconsciente no interior do quarto.<\/p>\n<\/div>\n<div class=\"mc-column content-text active-extra-styles \" style=\"text-align: justify;\" data-block-type=\"unstyled\" data-block-weight=\"25\" data-block-id=\"5\">\n<p class=\"content-text__container \" data-track-category=\"Link no Texto\" data-track-links=\"\">Com um quadro de parada cardiorrespirat\u00f3ria, o homem foi socorrido pela Unidade de Resgate e levado ao Pronto Atendimento Municipal (PAM) para receber cuidados m\u00e9dicos.<\/p>\n<\/div>\n<div class=\"mc-column content-text active-extra-styles \" style=\"text-align: justify;\" data-block-type=\"unstyled\" data-block-weight=\"15\" data-block-id=\"6\">\n<p class=\"content-text__container \" data-track-category=\"Link no Texto\" data-track-links=\"\">No entanto, a v\u00edtima n\u00e3o resistiu e morreu ap\u00f3s dar entrada na unidade de sa\u00fade.<\/p>\n<\/div>\n<div class=\"mc-column content-text active-extra-styles \" style=\"text-align: justify;\" data-block-type=\"unstyled\" data-block-weight=\"17\" data-block-id=\"7\">\n<p class=\"content-text__container \" data-track-category=\"Link no Texto\" data-track-links=\"\">Os bombeiros conseguiram combater o inc\u00eandio e deixaram o local em seguran\u00e7a, ap\u00f3s o trabalho de rescaldo.<\/p>\n<\/div>\n<div class=\"mc-column content-text active-extra-styles \" style=\"text-align: justify;\" data-block-type=\"unstyled\" data-block-weight=\"17\" data-block-id=\"8\">\n<p class=\"content-text__container \" data-track-category=\"Link no Texto\" data-track-links=\"\">Equipes da Pol\u00edcia Militar e da per\u00edcia da Pol\u00edcia Cient\u00edfica tamb\u00e9m foram acionadas para comparecer ao local.<\/p>\n<\/div>\n<div class=\"mc-column content-text active-extra-styles \" style=\"text-align: justify;\" data-block-type=\"unstyled\" data-block-weight=\"18\" data-block-id=\"9\">\n<p class=\"content-text__container \" data-track-category=\"Link no Texto\" data-track-links=\"\">A Pol\u00edcia Civil instaurou um inqu\u00e9rito para apurar o que ocorreu na resid\u00eancia e aguarda os laudos periciais.<\/p>\n<\/div>\n<div class=\"mc-column content-text active-extra-styles \" style=\"text-align: justify;\" data-block-type=\"unstyled\" data-block-weight=\"6\" data-block-id=\"10\">\n<p class=\"content-text__container \" data-track-category=\"Link no Texto\" data-track-links=\"\">O idoso morava sozinho na casa.<\/p>\n<\/div>\n<div class=\"row medium-uncollapsed content-media content-photo\" style=\"text-align: justify;\" data-block-type=\"backstage-photo\" data-block-id=\"11\">\n<div class=\"mc-column content-media__container\">\n<div class=\"content-media-container glb-skeleton-box\">\n<figure class=\"content-media-figure\"><img decoding=\"async\" class=\"i-amphtml-fill-content i-amphtml-replaced-content\" src=\"https:\/\/s2.glbimg.com\/O55Qo5FdR2UYhj5k4oOfJgf4r5c=\/0x0:1280x720\/984x0\/smart\/filters:strip_icc()\/i.s3.glbimg.com\/v1\/AUTH_59edd422c0c84a879bd37670ae4f538a\/internal_photos\/bs\/2021\/L\/w\/IpiOU2QaaG9oIBiABzBw\/dracena-1.jpg\" sizes=\"(max-width: 1366px) 648px, 100vw\" srcset=\"https:\/\/s2.glbimg.com\/Y6i16x07kxxnaxMqeSfwiHvxR8M=\/0x0:1280x720\/1000x0\/smart\/filters:strip_icc()\/i.s3.glbimg.com\/v1\/AUTH_59edd422c0c84a879bd37670ae4f538a\/internal_photos\/bs\/2021\/L\/w\/IpiOU2QaaG9oIBiABzBw\/dracena-1.jpg 1000w, https:\/\/s2.glbimg.com\/O55Qo5FdR2UYhj5k4oOfJgf4r5c=\/0x0:1280x720\/984x0\/smart\/filters:strip_icc()\/i.s3.glbimg.com\/v1\/AUTH_59edd422c0c84a879bd37670ae4f538a\/internal_photos\/bs\/2021\/L\/w\/IpiOU2QaaG9oIBiABzBw\/dracena-1.jpg 984w, https:\/\/s2.glbimg.com\/e1KXw72UGqlSitKwCbO1iOVovqo=\/0x0:1280x720\/640x0\/smart\/filters:strip_icc()\/i.s3.glbimg.com\/v1\/AUTH_59edd422c0c84a879bd37670ae4f538a\/internal_photos\/bs\/2021\/L\/w\/IpiOU2QaaG9oIBiABzBw\/dracena-1.jpg 640w, https:\/\/s2.glbimg.com\/1EgQdeTn6unXQHSblBaS_uc4EoM=\/0x0:1280x720\/600x0\/smart\/filters:strip_icc()\/i.s3.glbimg.com\/v1\/AUTH_59edd422c0c84a879bd37670ae4f538a\/internal_photos\/bs\/2021\/L\/w\/IpiOU2QaaG9oIBiABzBw\/dracena-1.jpg 600w\" alt=\"Idoso morreu v\u00edtima de inc\u00eandio em resid\u00eancia em Dracena, nesta quarta-feira (16) \u2014 Foto: Carlos Volpi\/TV Fronteira\" \/><\/figure>\n<\/div>\n<p class=\"content-media__description \">Idoso morreu v\u00edtima de inc\u00eandio em resid\u00eancia em Dracena, nesta quarta-feira (16) \u2014 Foto: Carlos Volpi\/TV Fronteira<\/p>\n<\/div>\n<\/div>\n<div class=\"content-ads content-ads--reveal\" style=\"text-align: justify;\" data-block-type=\"ads\" data-block-id=\"12\">\n<div id=\"banner_materia2\" class=\"tag-manager-publicidade-container mc-has-reveal mc-has-ad-lazyload tag-manager-publicidade-banner_materia2 tag-manager-publicidade-container--carregado tag-manager-publicidade-container--visivel\" data-id=\"banner_materia2\" data-req=\"true\" data-google-query-id=\"CKGN7Y_nnPECFUUmuQYdFlMKiw\" data-cid=\"138353128288\" data-lid=\"5719703741\">\n<div id=\"google_ads_iframe_\/95377733\/tvg_G1\/Sua_Regiao&gt;Sudeste&gt;Sao_Paulo_(Pres_Prudente)_3__container__\" style=\"box-sizing: inherit; margin: auto; padding: 0px; border: 0pt none; font: inherit; vertical-align: initial; max-width: 100%; text-align: center; width: 970px; height: 150px;\"><img decoding=\"async\" class=\"i-amphtml-fill-content i-amphtml-replaced-content\" src=\"https:\/\/s2.glbimg.com\/VG1hEfwiV_9fXOz0Atms8EctAwc=\/0x0:1280x720\/984x0\/smart\/filters:strip_icc()\/i.s3.glbimg.com\/v1\/AUTH_59edd422c0c84a879bd37670ae4f538a\/internal_photos\/bs\/2021\/a\/n\/FRO1PRSyinvUaWNQRfrw\/dracena-2.jpg\" sizes=\"(max-width: 1366px) 648px, 100vw\" srcset=\"https:\/\/s2.glbimg.com\/qKU13vkS9wTIFzXe-ePAfVozPgU=\/0x0:1280x720\/1000x0\/smart\/filters:strip_icc()\/i.s3.glbimg.com\/v1\/AUTH_59edd422c0c84a879bd37670ae4f538a\/internal_photos\/bs\/2021\/a\/n\/FRO1PRSyinvUaWNQRfrw\/dracena-2.jpg 1000w, https:\/\/s2.glbimg.com\/VG1hEfwiV_9fXOz0Atms8EctAwc=\/0x0:1280x720\/984x0\/smart\/filters:strip_icc()\/i.s3.glbimg.com\/v1\/AUTH_59edd422c0c84a879bd37670ae4f538a\/internal_photos\/bs\/2021\/a\/n\/FRO1PRSyinvUaWNQRfrw\/dracena-2.jpg 984w, https:\/\/s2.glbimg.com\/x6VEtfOoYHceR-1PNGVvHOcX6SE=\/0x0:1280x720\/640x0\/smart\/filters:strip_icc()\/i.s3.glbimg.com\/v1\/AUTH_59edd422c0c84a879bd37670ae4f538a\/internal_photos\/bs\/2021\/a\/n\/FRO1PRSyinvUaWNQRfrw\/dracena-2.jpg 640w, https:\/\/s2.glbimg.com\/of6BHk5ozJH5GyYErB4Ubkw0axg=\/0x0:1280x720\/600x0\/smart\/filters:strip_icc()\/i.s3.glbimg.com\/v1\/AUTH_59edd422c0c84a879bd37670ae4f538a\/internal_photos\/bs\/2021\/a\/n\/FRO1PRSyinvUaWNQRfrw\/dracena-2.jpg 600w\" alt=\"Idoso morreu v\u00edtima de inc\u00eandio em resid\u00eancia em Dracena, nesta quarta-feira (16) \u2014 Foto: Carlos Volpi\/TV Fronteira\" \/><\/div>\n<\/div>\n<\/div>\n<div class=\"row medium-uncollapsed content-media content-photo\" style=\"text-align: justify;\" data-block-type=\"backstage-photo\" data-block-id=\"13\">\n<div class=\"mc-column content-media__container\">\n<p>&nbsp;<\/p>\n<p>&nbsp;<\/p>\n<p>&nbsp;<\/p>\n<\/div>\n<p>&nbsp;<\/p>\n<div class=\"mc-column content-media__container\">\n<p class=\"content-media__description \">Idoso morreu v\u00edtima de inc\u00eandio em resid\u00eancia em Dracena, nesta quarta-feira (16) \u2014 Foto: Carlos Volpi\/TV Fronteira<\/p>\n<\/div>\n<\/div>\n<div class=\"row medium-uncollapsed content-media content-photo\" style=\"text-align: justify;\" data-block-type=\"backstage-photo\" data-block-id=\"14\">\n<div class=\"mc-column content-media__container\">\n<div class=\"content-media-container glb-skeleton-box\">\n<figure class=\"content-media-figure\"><img decoding=\"async\" class=\"i-amphtml-fill-content i-amphtml-replaced-content\" src=\"https:\/\/s2.glbimg.com\/RVw2u20OLR8BTFc_Fa78LVKRYLQ=\/0x0:1280x720\/984x0\/smart\/filters:strip_icc()\/i.s3.glbimg.com\/v1\/AUTH_59edd422c0c84a879bd37670ae4f538a\/internal_photos\/bs\/2021\/Z\/v\/BjrjpuTw6ZNPbBWGEPAw\/dracena-4.jpg\" sizes=\"(max-width: 1366px) 648px, 100vw\" srcset=\"https:\/\/s2.glbimg.com\/871MecgVCPvHP2ghcNNBIT8EYZQ=\/0x0:1280x720\/1000x0\/smart\/filters:strip_icc()\/i.s3.glbimg.com\/v1\/AUTH_59edd422c0c84a879bd37670ae4f538a\/internal_photos\/bs\/2021\/Z\/v\/BjrjpuTw6ZNPbBWGEPAw\/dracena-4.jpg 1000w, https:\/\/s2.glbimg.com\/RVw2u20OLR8BTFc_Fa78LVKRYLQ=\/0x0:1280x720\/984x0\/smart\/filters:strip_icc()\/i.s3.glbimg.com\/v1\/AUTH_59edd422c0c84a879bd37670ae4f538a\/internal_photos\/bs\/2021\/Z\/v\/BjrjpuTw6ZNPbBWGEPAw\/dracena-4.jpg 984w, https:\/\/s2.glbimg.com\/UdDfBddLnmin5IF1Q53d0z81JFA=\/0x0:1280x720\/640x0\/smart\/filters:strip_icc()\/i.s3.glbimg.com\/v1\/AUTH_59edd422c0c84a879bd37670ae4f538a\/internal_photos\/bs\/2021\/Z\/v\/BjrjpuTw6ZNPbBWGEPAw\/dracena-4.jpg 640w, https:\/\/s2.glbimg.com\/Q4Nyt7xzPMlVnK6sWNlGqSdBXfc=\/0x0:1280x720\/600x0\/smart\/filters:strip_icc()\/i.s3.glbimg.com\/v1\/AUTH_59edd422c0c84a879bd37670ae4f538a\/internal_photos\/bs\/2021\/Z\/v\/BjrjpuTw6ZNPbBWGEPAw\/dracena-4.jpg 600w\" alt=\"Idoso morreu v\u00edtima de inc\u00eandio em resid\u00eancia em Dracena, nesta quarta-feira (16) \u2014 Foto: Carlos Volpi\/TV Fronteira\" \/><\/figure>\n<\/div>\n<p class=\"content-media__description \">Idoso morreu v\u00edtima de inc\u00eandio em resid\u00eancia em Dracena, nesta quarta-feira (16) \u2014 Foto: Carlos Volpi\/TV Fronteira<\/p>\n<\/div>\n<\/div>\n<div class=\"row medium-uncollapsed content-media content-photo\" style=\"text-align: justify;\" data-block-type=\"backstage-photo\" data-block-id=\"15\">\n<div class=\"mc-column content-media__container\">\n<div class=\"content-media-container glb-skeleton-box\">\n<figure class=\"content-media-figure\"><img decoding=\"async\" class=\"i-amphtml-fill-content i-amphtml-replaced-content\" src=\"https:\/\/s2.glbimg.com\/n013gmHqcobLol09wpicHaektMU=\/0x0:1280x720\/984x0\/smart\/filters:strip_icc()\/i.s3.glbimg.com\/v1\/AUTH_59edd422c0c84a879bd37670ae4f538a\/internal_photos\/bs\/2021\/N\/j\/CqQ9cmRbe52ht2HBXJog\/dracena-5.jpg\" sizes=\"(max-width: 1366px) 648px, 100vw\" srcset=\"https:\/\/s2.glbimg.com\/OKI7eXrFsIKSD0Vc6Mj_aHZT_lA=\/0x0:1280x720\/1000x0\/smart\/filters:strip_icc()\/i.s3.glbimg.com\/v1\/AUTH_59edd422c0c84a879bd37670ae4f538a\/internal_photos\/bs\/2021\/N\/j\/CqQ9cmRbe52ht2HBXJog\/dracena-5.jpg 1000w, https:\/\/s2.glbimg.com\/n013gmHqcobLol09wpicHaektMU=\/0x0:1280x720\/984x0\/smart\/filters:strip_icc()\/i.s3.glbimg.com\/v1\/AUTH_59edd422c0c84a879bd37670ae4f538a\/internal_photos\/bs\/2021\/N\/j\/CqQ9cmRbe52ht2HBXJog\/dracena-5.jpg 984w, https:\/\/s2.glbimg.com\/u3VG7OZcJf13ll2W_H0HVhGY-Io=\/0x0:1280x720\/640x0\/smart\/filters:strip_icc()\/i.s3.glbimg.com\/v1\/AUTH_59edd422c0c84a879bd37670ae4f538a\/internal_photos\/bs\/2021\/N\/j\/CqQ9cmRbe52ht2HBXJog\/dracena-5.jpg 640w, https:\/\/s2.glbimg.com\/3m7q2hTZuK7wuki0l2EFf6hPyow=\/0x0:1280x720\/600x0\/smart\/filters:strip_icc()\/i.s3.glbimg.com\/v1\/AUTH_59edd422c0c84a879bd37670ae4f538a\/internal_photos\/bs\/2021\/N\/j\/CqQ9cmRbe52ht2HBXJog\/dracena-5.jpg 600w\" alt=\"Idoso morreu v\u00edtima de inc\u00eandio em resid\u00eancia em Dracena, nesta quarta-feira (16) \u2014 Foto: Carlos Volpi\/TV Fronteira\" \/><\/figure>\n<\/div>\n<p class=\"content-media__description \">Idoso morreu v\u00edtima de inc\u00eandio em resid\u00eancia em Dracena, nesta quarta-feira (16) \u2014 Foto: Carlos Volpi\/TV Fronteira<\/p>\n<\/div>\n<\/div>\n<div class=\"row medium-uncollapsed content-media content-photo\" data-block-type=\"backstage-photo\" data-block-id=\"17\">\n<div class=\"mc-column content-media__container\">\n<div class=\"content-media-container glb-skeleton-box\" style=\"text-align: justify;\">\n<figure class=\"content-media-figure\"><img decoding=\"async\" class=\"i-amphtml-fill-content i-amphtml-replaced-content\" src=\"https:\/\/s2.glbimg.com\/dzp9CCdGL29kit6qDqc2QCN54ig=\/0x0:1280x720\/984x0\/smart\/filters:strip_icc()\/i.s3.glbimg.com\/v1\/AUTH_59edd422c0c84a879bd37670ae4f538a\/internal_photos\/bs\/2021\/R\/N\/BzYmE4T2CHgYvu7sqoHA\/dracena-6.jpg\" sizes=\"(max-width: 1366px) 648px, 100vw\" srcset=\"https:\/\/s2.glbimg.com\/CX8a1c5l5TzhR69Lhv7ATPT_0Sw=\/0x0:1280x720\/1000x0\/smart\/filters:strip_icc()\/i.s3.glbimg.com\/v1\/AUTH_59edd422c0c84a879bd37670ae4f538a\/internal_photos\/bs\/2021\/R\/N\/BzYmE4T2CHgYvu7sqoHA\/dracena-6.jpg 1000w, https:\/\/s2.glbimg.com\/dzp9CCdGL29kit6qDqc2QCN54ig=\/0x0:1280x720\/984x0\/smart\/filters:strip_icc()\/i.s3.glbimg.com\/v1\/AUTH_59edd422c0c84a879bd37670ae4f538a\/internal_photos\/bs\/2021\/R\/N\/BzYmE4T2CHgYvu7sqoHA\/dracena-6.jpg 984w, https:\/\/s2.glbimg.com\/U4LzOue6UoK_kCQmU1NPW_l5nUY=\/0x0:1280x720\/640x0\/smart\/filters:strip_icc()\/i.s3.glbimg.com\/v1\/AUTH_59edd422c0c84a879bd37670ae4f538a\/internal_photos\/bs\/2021\/R\/N\/BzYmE4T2CHgYvu7sqoHA\/dracena-6.jpg 640w, https:\/\/s2.glbimg.com\/y0LdMzQkkrAO0RmwamoLLkvTrjU=\/0x0:1280x720\/600x0\/smart\/filters:strip_icc()\/i.s3.glbimg.com\/v1\/AUTH_59edd422c0c84a879bd37670ae4f538a\/internal_photos\/bs\/2021\/R\/N\/BzYmE4T2CHgYvu7sqoHA\/dracena-6.jpg 600w\" alt=\"Idoso morreu v\u00edtima de inc\u00eandio em resid\u00eancia em Dracena, nesta quarta-feira (16) \u2014 Foto: Carlos Volpi\/TV Fronteira\" \/><\/figure>\n<\/div>\n<p class=\"content-media__description \" style=\"text-align: justify;\">Idoso morreu v\u00edtima de inc\u00eandio em resid\u00eancia em Dracena, nesta quarta-feira (16) \u2014 Foto: Carlos Volpi\/TV Fronteira<\/p>\n<p>Fonte: G1<\/p>\n<\/div>\n<\/div>\n<\/div>\n","protected":false},"excerpt":{"rendered":"<p>Homem, de 66 anos, chegou a ser socorrido e levado ao Pronto Atendimento Municipal (PAM), nesta quarta-feira (16), mas n\u00e3o resistiu. Um homem de 66 anos morreu v\u00edtima de um inc\u00eandio em uma resid\u00eancia no bairro Jardim Tonico Andr\u00e9, em\u00a0Dracena (SP), nesta quarta-feira (16). O Corpo de Bombeiros informou que foi acionado para o atendimento [&hellip;]<\/p>\n","protected":false},"author":1,"featured_media":49444,"comment_status":"closed","ping_status":"open","sticky":false,"template":"","format":"standard","meta":{"footnotes":""},"categories":[110,2],"tags":[],"class_list":["post-49443","post","type-post","status-publish","format-standard","has-post-thumbnail","hentry","category-noticiasdestaque","category-policial"],"_links":{"self":[{"href":"https:\/\/jorgezanoni.com.br\/2019\/wp-json\/wp\/v2\/posts\/49443","targetHints":{"allow":["GET"]}}],"collection":[{"href":"https:\/\/jorgezanoni.com.br\/2019\/wp-json\/wp\/v2\/posts"}],"about":[{"href":"https:\/\/jorgezanoni.com.br\/2019\/wp-json\/wp\/v2\/types\/post"}],"author":[{"embeddable":true,"href":"https:\/\/jorgezanoni.com.br\/2019\/wp-json\/wp\/v2\/users\/1"}],"replies":[{"embeddable":true,"href":"https:\/\/jorgezanoni.com.br\/2019\/wp-json\/wp\/v2\/comments?post=49443"}],"version-history":[{"count":0,"href":"https:\/\/jorgezanoni.com.br\/2019\/wp-json\/wp\/v2\/posts\/49443\/revisions"}],"wp:featuredmedia":[{"embeddable":true,"href":"https:\/\/jorgezanoni.com.br\/2019\/wp-json\/wp\/v2\/media\/49444"}],"wp:attachment":[{"href":"https:\/\/jorgezanoni.com.br\/2019\/wp-json\/wp\/v2\/media?parent=49443"}],"wp:term":[{"taxonomy":"category","embeddable":true,"href":"https:\/\/jorgezanoni.com.br\/2019\/wp-json\/wp\/v2\/categories?post=49443"},{"taxonomy":"post_tag","embeddable":true,"href":"https:\/\/jorgezanoni.com.br\/2019\/wp-json\/wp\/v2\/tags?post=49443"}],"curies":[{"name":"wp","href":"https:\/\/api.w.org\/{rel}","templated":true}]}}