{"id":49437,"date":"2021-06-16T18:31:35","date_gmt":"2021-06-16T18:31:35","guid":{"rendered":"https:\/\/jorgezanoni.com.br\/2019\/?p=49437"},"modified":"2021-06-16T18:31:35","modified_gmt":"2021-06-16T18:31:35","slug":"garoto-cai-de-bicicleta-desgovernada-e-e-socorrido-com-ferimentos","status":"publish","type":"post","link":"https:\/\/jorgezanoni.com.br\/2019\/garoto-cai-de-bicicleta-desgovernada-e-e-socorrido-com-ferimentos\/","title":{"rendered":"Garoto cai de Bicicleta desgovernada e \u00e9 socorrido com ferimentos"},"content":{"rendered":"<p style=\"text-align: justify;\">Por volta de 15:15 Horas da Segunda-feira (14), foi registrado um acidente de tr\u00e2nsito, onde um garoto de aproximadamente 10 anos descia a Rua Nelson Rodrigues no Jardim Brasil\u00e2ndia, acabou perdendo o freio de sua Bike e caiu ao solo sofrendo v\u00e1rios ferimentos, ao lado da Pra\u00e7a Dr. Luiz Carlos Siste.<\/p>\n<p style=\"text-align: justify;\">Uma ambul\u00e2ncia socorreu o garoto que teve diversos ferimentos, para o Pronto Atendimento Municipal.<\/p>\n<p style=\"text-align: justify;\">Unidade de Resgate do Corpo de Bombeiros e a Pol\u00edcia Militar tamb\u00e9m compareceram ao local.<\/p>\n<p><img loading=\"lazy\" decoding=\"async\" class=\"alignnone size-full wp-image-49440\" src=\"https:\/\/jorgezanoni.com.br\/2019\/wp-content\/uploads\/2021\/06\/IMG_4208-2.jpg\" alt=\"\" width=\"533\" height=\"577\" srcset=\"https:\/\/jorgezanoni.com.br\/2019\/wp-content\/uploads\/2021\/06\/IMG_4208-2.jpg 533w, https:\/\/jorgezanoni.com.br\/2019\/wp-content\/uploads\/2021\/06\/IMG_4208-2-277x300.jpg 277w, https:\/\/jorgezanoni.com.br\/2019\/wp-content\/uploads\/2021\/06\/IMG_4208-2-388x420.jpg 388w\" sizes=\"auto, (max-width: 533px) 100vw, 533px\" \/> <img loading=\"lazy\" decoding=\"async\" class=\"alignnone size-full wp-image-49441\" src=\"https:\/\/jorgezanoni.com.br\/2019\/wp-content\/uploads\/2021\/06\/IMG_4209-2.jpg\" alt=\"\" width=\"414\" height=\"495\" srcset=\"https:\/\/jorgezanoni.com.br\/2019\/wp-content\/uploads\/2021\/06\/IMG_4209-2.jpg 414w, https:\/\/jorgezanoni.com.br\/2019\/wp-content\/uploads\/2021\/06\/IMG_4209-2-251x300.jpg 251w, https:\/\/jorgezanoni.com.br\/2019\/wp-content\/uploads\/2021\/06\/IMG_4209-2-351x420.jpg 351w\" sizes=\"auto, (max-width: 414px) 100vw, 414px\" \/><\/p>\n<p style=\"text-align: justify;\">Jorge Zanoni<\/p>\n","protected":false},"excerpt":{"rendered":"<p>Por volta de 15:15 Horas da Segunda-feira (14), foi registrado um acidente de tr\u00e2nsito, onde um garoto de aproximadamente 10 anos descia a Rua Nelson Rodrigues no Jardim Brasil\u00e2ndia, acabou perdendo o freio de sua Bike e caiu ao solo sofrendo v\u00e1rios ferimentos, ao lado da Pra\u00e7a Dr. Luiz Carlos Siste. Uma ambul\u00e2ncia socorreu o [&hellip;]<\/p>\n","protected":false},"author":1,"featured_media":49438,"comment_status":"closed","ping_status":"open","sticky":false,"template":"","format":"standard","meta":{"footnotes":""},"categories":[170,110],"tags":[],"class_list":["post-49437","post","type-post","status-publish","format-standard","has-post-thumbnail","hentry","category-acidentes","category-noticiasdestaque"],"_links":{"self":[{"href":"https:\/\/jorgezanoni.com.br\/2019\/wp-json\/wp\/v2\/posts\/49437","targetHints":{"allow":["GET"]}}],"collection":[{"href":"https:\/\/jorgezanoni.com.br\/2019\/wp-json\/wp\/v2\/posts"}],"about":[{"href":"https:\/\/jorgezanoni.com.br\/2019\/wp-json\/wp\/v2\/types\/post"}],"author":[{"embeddable":true,"href":"https:\/\/jorgezanoni.com.br\/2019\/wp-json\/wp\/v2\/users\/1"}],"replies":[{"embeddable":true,"href":"https:\/\/jorgezanoni.com.br\/2019\/wp-json\/wp\/v2\/comments?post=49437"}],"version-history":[{"count":0,"href":"https:\/\/jorgezanoni.com.br\/2019\/wp-json\/wp\/v2\/posts\/49437\/revisions"}],"wp:featuredmedia":[{"embeddable":true,"href":"https:\/\/jorgezanoni.com.br\/2019\/wp-json\/wp\/v2\/media\/49438"}],"wp:attachment":[{"href":"https:\/\/jorgezanoni.com.br\/2019\/wp-json\/wp\/v2\/media?parent=49437"}],"wp:term":[{"taxonomy":"category","embeddable":true,"href":"https:\/\/jorgezanoni.com.br\/2019\/wp-json\/wp\/v2\/categories?post=49437"},{"taxonomy":"post_tag","embeddable":true,"href":"https:\/\/jorgezanoni.com.br\/2019\/wp-json\/wp\/v2\/tags?post=49437"}],"curies":[{"name":"wp","href":"https:\/\/api.w.org\/{rel}","templated":true}]}}