{"id":49411,"date":"2021-06-15T22:45:12","date_gmt":"2021-06-15T22:45:12","guid":{"rendered":"https:\/\/jorgezanoni.com.br\/2019\/?p=49411"},"modified":"2021-06-15T22:45:12","modified_gmt":"2021-06-15T22:45:12","slug":"presidente-da-camara-de-dracena-vereador-melao-tem-consideravel-melhora","status":"publish","type":"post","link":"https:\/\/jorgezanoni.com.br\/2019\/presidente-da-camara-de-dracena-vereador-melao-tem-consideravel-melhora\/","title":{"rendered":"Presidente da C\u00e2mara de Dracena Vereador Mel\u00e3o, tem consider\u00e1vel melhora"},"content":{"rendered":"<p>Recebemos de um familiar esse Boletim M\u00e9dico do final da tarde desta ter\u00e7a-feira (15)<\/p>\n<p style=\"text-align: justify;\">BOLETIM M\u00c9DICO MEL\u00c3O<\/p>\n<p style=\"text-align: justify;\">Boa Tarde fam\u00edlia e amigos, hoje as not\u00edcias s\u00e3o \u00f3timas!<\/p>\n<p style=\"text-align: justify;\">Com a gra\u00e7a de Deus o Mel\u00e3o foi extubado e teve uma boa rea\u00e7\u00e3o depois da extuba\u00e7\u00e3o.<br \/>\nEle conversou com a filha, pediu \u00e1gua para enfermeira e quis assistir jogo na televis\u00e3o.<br \/>\nO m\u00e9dico disse que ele est\u00e1 evoluindo muito bem, est\u00e3o fazendo todos os exames, manteve o rem\u00e9dio anticoagulante, a satura\u00e7\u00e3o e press\u00e3o est\u00e3o normais. Os batimentos est\u00e3o sendo regulados para mant\u00ea-los sempre est\u00e1vel.<br \/>\nSe tudo correr bem daqui uns dias j\u00e1 estar\u00e1 no quarto.<br \/>\nContinuemos todos firmes em ora\u00e7\u00e3o.<\/p>\n<p>O SIte JZ deseja a recupera\u00e7\u00e3o e pronto restabelecimento do Mel\u00e3o.<\/p>\n","protected":false},"excerpt":{"rendered":"<p>Recebemos de um familiar esse Boletim M\u00e9dico do final da tarde desta ter\u00e7a-feira (15) BOLETIM M\u00c9DICO MEL\u00c3O Boa Tarde fam\u00edlia e amigos, hoje as not\u00edcias s\u00e3o \u00f3timas! Com a gra\u00e7a de Deus o Mel\u00e3o foi extubado e teve uma boa rea\u00e7\u00e3o depois da extuba\u00e7\u00e3o. Ele conversou com a filha, pediu \u00e1gua para enfermeira e quis [&hellip;]<\/p>\n","protected":false},"author":1,"featured_media":49412,"comment_status":"closed","ping_status":"open","sticky":false,"template":"","format":"standard","meta":{"footnotes":""},"categories":[110,116],"tags":[],"class_list":["post-49411","post","type-post","status-publish","format-standard","has-post-thumbnail","hentry","category-noticiasdestaque","category-politicaeeconomia"],"_links":{"self":[{"href":"https:\/\/jorgezanoni.com.br\/2019\/wp-json\/wp\/v2\/posts\/49411","targetHints":{"allow":["GET"]}}],"collection":[{"href":"https:\/\/jorgezanoni.com.br\/2019\/wp-json\/wp\/v2\/posts"}],"about":[{"href":"https:\/\/jorgezanoni.com.br\/2019\/wp-json\/wp\/v2\/types\/post"}],"author":[{"embeddable":true,"href":"https:\/\/jorgezanoni.com.br\/2019\/wp-json\/wp\/v2\/users\/1"}],"replies":[{"embeddable":true,"href":"https:\/\/jorgezanoni.com.br\/2019\/wp-json\/wp\/v2\/comments?post=49411"}],"version-history":[{"count":0,"href":"https:\/\/jorgezanoni.com.br\/2019\/wp-json\/wp\/v2\/posts\/49411\/revisions"}],"wp:featuredmedia":[{"embeddable":true,"href":"https:\/\/jorgezanoni.com.br\/2019\/wp-json\/wp\/v2\/media\/49412"}],"wp:attachment":[{"href":"https:\/\/jorgezanoni.com.br\/2019\/wp-json\/wp\/v2\/media?parent=49411"}],"wp:term":[{"taxonomy":"category","embeddable":true,"href":"https:\/\/jorgezanoni.com.br\/2019\/wp-json\/wp\/v2\/categories?post=49411"},{"taxonomy":"post_tag","embeddable":true,"href":"https:\/\/jorgezanoni.com.br\/2019\/wp-json\/wp\/v2\/tags?post=49411"}],"curies":[{"name":"wp","href":"https:\/\/api.w.org\/{rel}","templated":true}]}}