{"id":49404,"date":"2021-06-15T22:14:29","date_gmt":"2021-06-15T22:14:29","guid":{"rendered":"https:\/\/jorgezanoni.com.br\/2019\/?p=49404"},"modified":"2021-06-15T22:14:29","modified_gmt":"2021-06-15T22:14:29","slug":"vacinacao-covid-prossegue-amanha-para-55-e-54-anos","status":"publish","type":"post","link":"https:\/\/jorgezanoni.com.br\/2019\/vacinacao-covid-prossegue-amanha-para-55-e-54-anos\/","title":{"rendered":"Vacina\u00e7\u00e3o COVID prossegue amanh\u00e3 para 55 E 54 anos"},"content":{"rendered":"<div class=\"ntc_resumo_noticia sw_lato_bold\" style=\"text-align: justify;\">Hoje a idade atendida foi 57 e 56 anos: pessoas que j\u00e1 foram contempladas a tomar a vacina e ainda n\u00e3o foram procurar pelo servi\u00e7o devem comparecer<\/div>\n<div class=\"ntc_descricao_noticia\">\n<div class=\"ntc_cont_descricao_noticia sw_txteditor\" style=\"text-align: justify;\">\n<div>Na manh\u00e3 de hoje, 15, ap\u00f3s as 9h, a movimenta\u00e7\u00e3o no CEP-UME, um dos postos de vacina covid em Dracena j\u00e1 estava tranquilo. Tudo fluindo de maneira organizada.<br \/>\nHoje o p\u00fablico vacinado foi da faixa et\u00e1ria de 57 e 56 anos. Na segunda foi a vez das pessoas de 59 e 58 anos.<br \/>\nA dracenense Aneia Dansieri, 57 anos, foi uma das que compareceram para a vacina na manh\u00e3 desta ter\u00e7a-feira. Ela falou com a Comunica\u00e7\u00e3o da Prefeitura. \u201cAchei maravilhosa a antecipa\u00e7\u00e3o do calend\u00e1rio na cidade, era o que todos esperavam. A equipe de vacina\u00e7\u00e3o est\u00e1 organizada e o atendimento foi perfeito\u201d, disse.<br \/>\nAlaor Fumagalli, 57 anos, tamb\u00e9m compareceu hoje cedo para receber a primeira dose da vacina. \u201cAtendimento excelente, movimento tranquilo\u201d.<br \/>\nSr. Reynaldo Casarim, de 94 anos, ainda n\u00e3o tinha procurado pelos postos de vacina para se imunizar contra a covid 19. Hoje ele recebeu a primeira dose e ficou satisfeito.<br \/>\nA Sa\u00fade municipal ressalta que pessoas que j\u00e1 foram contempladas a imuniza\u00e7\u00e3o e que ainda n\u00e3o foram devem se informar e procurar pelos postos. Tamb\u00e9m alerta a fam\u00edlias que t\u00eam idosos e que n\u00e3o receber a vacina para procurar pelo servi\u00e7o.<br \/>\nTodos que receberam a primeira dose da vacina precisam ficar atentos ao cart\u00e3o vacinal para ir tomar a segunda dose, para que seja contemplado o esquema vacinal. As autoridades de sa\u00fade alertam que s\u00f3 com as duas doses \u00e9 que a pessoa estar\u00e1 imunizada contra o coronav\u00edrus covid 19.<\/p>\n<p><strong>PROFISSIONAIS DE EDUCA\u00c7\u00c3O<\/strong><br \/>\nOs profissionais de Educa\u00e7\u00e3o que n\u00e3o conseguiram se vacinar no \u00faltimo s\u00e1bado, na Policl\u00ednica e receberam o cadastro em QR Code devem levar impresso durante a semana nos locais de vacina\u00e7\u00e3o com o CPF e RG.<br \/>\nNo s\u00e1bado que passou receberam a primeira dose da vacina 389 pessoas, sendo a maioria, profissional da Educa\u00e7\u00e3o.<\/p>\n<p><strong>CRONOGRAMA DE VACINA\u00c7\u00c3O COVID 19 NO MUNIC\u00cdPIO DE DRACENA DE ACORDO COM A DISPONIBILIDADE DAS DOSES<\/strong><br \/>\n16\/06 quarta-feira: pessoas com 55 e 54 anos<br \/>\n17\/06 quinta-feira: pessoas com 53 e 52 anos<br \/>\n18\/06 sexta-feira: pessoas com 51 e 50 anos<\/p>\n<p>\u00c9 necess\u00e1rio levar o RG, CPF e comprovante de resid\u00eancia.<br \/>\nPostos de vacina\u00e7\u00e3o: Escolas CEP\/UME das 8h \u00e0s 13h e Jo\u00e3o Vendramini das 8h \u00e0s 12h.<\/p><\/div>\n<div><\/div>\n<\/div>\n<div><img loading=\"lazy\" decoding=\"async\" class=\"alignnone size-full wp-image-49405\" src=\"https:\/\/jorgezanoni.com.br\/2019\/wp-content\/uploads\/2021\/06\/va2.jpg\" alt=\"\" width=\"800\" height=\"598\" srcset=\"https:\/\/jorgezanoni.com.br\/2019\/wp-content\/uploads\/2021\/06\/va2.jpg 800w, https:\/\/jorgezanoni.com.br\/2019\/wp-content\/uploads\/2021\/06\/va2-300x224.jpg 300w, https:\/\/jorgezanoni.com.br\/2019\/wp-content\/uploads\/2021\/06\/va2-768x574.jpg 768w, https:\/\/jorgezanoni.com.br\/2019\/wp-content\/uploads\/2021\/06\/va2-80x60.jpg 80w, https:\/\/jorgezanoni.com.br\/2019\/wp-content\/uploads\/2021\/06\/va2-265x198.jpg 265w, https:\/\/jorgezanoni.com.br\/2019\/wp-content\/uploads\/2021\/06\/va2-696x520.jpg 696w, https:\/\/jorgezanoni.com.br\/2019\/wp-content\/uploads\/2021\/06\/va2-562x420.jpg 562w\" sizes=\"auto, (max-width: 800px) 100vw, 800px\" \/> <img loading=\"lazy\" decoding=\"async\" class=\"alignnone size-full wp-image-49406\" src=\"https:\/\/jorgezanoni.com.br\/2019\/wp-content\/uploads\/2021\/06\/va3.jpg\" alt=\"\" width=\"598\" height=\"800\" srcset=\"https:\/\/jorgezanoni.com.br\/2019\/wp-content\/uploads\/2021\/06\/va3.jpg 598w, https:\/\/jorgezanoni.com.br\/2019\/wp-content\/uploads\/2021\/06\/va3-224x300.jpg 224w, https:\/\/jorgezanoni.com.br\/2019\/wp-content\/uploads\/2021\/06\/va3-314x420.jpg 314w\" sizes=\"auto, (max-width: 598px) 100vw, 598px\" \/> <img loading=\"lazy\" decoding=\"async\" class=\"alignnone size-full wp-image-49407\" src=\"https:\/\/jorgezanoni.com.br\/2019\/wp-content\/uploads\/2021\/06\/va4.jpg\" alt=\"\" width=\"800\" height=\"598\" srcset=\"https:\/\/jorgezanoni.com.br\/2019\/wp-content\/uploads\/2021\/06\/va4.jpg 800w, https:\/\/jorgezanoni.com.br\/2019\/wp-content\/uploads\/2021\/06\/va4-300x224.jpg 300w, https:\/\/jorgezanoni.com.br\/2019\/wp-content\/uploads\/2021\/06\/va4-768x574.jpg 768w, https:\/\/jorgezanoni.com.br\/2019\/wp-content\/uploads\/2021\/06\/va4-80x60.jpg 80w, https:\/\/jorgezanoni.com.br\/2019\/wp-content\/uploads\/2021\/06\/va4-265x198.jpg 265w, https:\/\/jorgezanoni.com.br\/2019\/wp-content\/uploads\/2021\/06\/va4-696x520.jpg 696w, https:\/\/jorgezanoni.com.br\/2019\/wp-content\/uploads\/2021\/06\/va4-562x420.jpg 562w\" sizes=\"auto, (max-width: 800px) 100vw, 800px\" \/><img loading=\"lazy\" decoding=\"async\" class=\"alignnone size-full wp-image-49409\" src=\"https:\/\/jorgezanoni.com.br\/2019\/wp-content\/uploads\/2021\/06\/va1.jpg\" alt=\"\" width=\"800\" height=\"598\" srcset=\"https:\/\/jorgezanoni.com.br\/2019\/wp-content\/uploads\/2021\/06\/va1.jpg 800w, https:\/\/jorgezanoni.com.br\/2019\/wp-content\/uploads\/2021\/06\/va1-300x224.jpg 300w, https:\/\/jorgezanoni.com.br\/2019\/wp-content\/uploads\/2021\/06\/va1-768x574.jpg 768w, https:\/\/jorgezanoni.com.br\/2019\/wp-content\/uploads\/2021\/06\/va1-80x60.jpg 80w, https:\/\/jorgezanoni.com.br\/2019\/wp-content\/uploads\/2021\/06\/va1-265x198.jpg 265w, https:\/\/jorgezanoni.com.br\/2019\/wp-content\/uploads\/2021\/06\/va1-696x520.jpg 696w, https:\/\/jorgezanoni.com.br\/2019\/wp-content\/uploads\/2021\/06\/va1-562x420.jpg 562w\" sizes=\"auto, (max-width: 800px) 100vw, 800px\" \/><\/div>\n<div class=\"ntc_cont_descricao_noticia sw_txteditor\" style=\"text-align: justify;\">\n<div><\/div>\n<\/div>\n<div style=\"text-align: justify;\">Fonte: Diretoria de Comunica\u00e7\u00e3o<\/div>\n<\/div>\n","protected":false},"excerpt":{"rendered":"<p>Hoje a idade atendida foi 57 e 56 anos: pessoas que j\u00e1 foram contempladas a tomar a vacina e ainda n\u00e3o foram procurar pelo servi\u00e7o devem comparecer Na manh\u00e3 de hoje, 15, ap\u00f3s as 9h, a movimenta\u00e7\u00e3o no CEP-UME, um dos postos de vacina covid em Dracena j\u00e1 estava tranquilo. Tudo fluindo de maneira organizada. [&hellip;]<\/p>\n","protected":false},"author":1,"featured_media":49408,"comment_status":"closed","ping_status":"open","sticky":false,"template":"","format":"standard","meta":{"footnotes":""},"categories":[179,184,110],"tags":[],"class_list":["post-49404","post","type-post","status-publish","format-standard","has-post-thumbnail","hentry","category-cidadeseregiao","category-dracena","category-noticiasdestaque"],"_links":{"self":[{"href":"https:\/\/jorgezanoni.com.br\/2019\/wp-json\/wp\/v2\/posts\/49404","targetHints":{"allow":["GET"]}}],"collection":[{"href":"https:\/\/jorgezanoni.com.br\/2019\/wp-json\/wp\/v2\/posts"}],"about":[{"href":"https:\/\/jorgezanoni.com.br\/2019\/wp-json\/wp\/v2\/types\/post"}],"author":[{"embeddable":true,"href":"https:\/\/jorgezanoni.com.br\/2019\/wp-json\/wp\/v2\/users\/1"}],"replies":[{"embeddable":true,"href":"https:\/\/jorgezanoni.com.br\/2019\/wp-json\/wp\/v2\/comments?post=49404"}],"version-history":[{"count":0,"href":"https:\/\/jorgezanoni.com.br\/2019\/wp-json\/wp\/v2\/posts\/49404\/revisions"}],"wp:featuredmedia":[{"embeddable":true,"href":"https:\/\/jorgezanoni.com.br\/2019\/wp-json\/wp\/v2\/media\/49408"}],"wp:attachment":[{"href":"https:\/\/jorgezanoni.com.br\/2019\/wp-json\/wp\/v2\/media?parent=49404"}],"wp:term":[{"taxonomy":"category","embeddable":true,"href":"https:\/\/jorgezanoni.com.br\/2019\/wp-json\/wp\/v2\/categories?post=49404"},{"taxonomy":"post_tag","embeddable":true,"href":"https:\/\/jorgezanoni.com.br\/2019\/wp-json\/wp\/v2\/tags?post=49404"}],"curies":[{"name":"wp","href":"https:\/\/api.w.org\/{rel}","templated":true}]}}