{"id":49390,"date":"2021-06-15T14:46:38","date_gmt":"2021-06-15T14:46:38","guid":{"rendered":"https:\/\/jorgezanoni.com.br\/2019\/?p=49390"},"modified":"2021-06-15T14:47:09","modified_gmt":"2021-06-15T14:47:09","slug":"morre-paulo-cesar-da-silva-um-apaixonado-por-avioes","status":"publish","type":"post","link":"https:\/\/jorgezanoni.com.br\/2019\/morre-paulo-cesar-da-silva-um-apaixonado-por-avioes\/","title":{"rendered":"Morre Paulo Cesar Silva, um apaixonado por avi\u00f5es"},"content":{"rendered":"<p style=\"text-align: justify;\">Comunicamos com pesar o falecimento de Paulo Cesar Silva de 39 anos. Ele estava internado em tratamento da COVID-19 e n\u00e3o resistiu vindo a \u00f3bito.<\/p>\n<p style=\"text-align: justify;\">Paulo Cesar faria 40 anos no pr\u00f3ximo dia 19. Deixa a esposa Helem Cardoso e um filho.<\/p>\n<p style=\"text-align: justify;\">Era um apaixonado pela avia\u00e7\u00e3o.<\/p>\n<p style=\"text-align: justify;\">Seu sepultamento est\u00e1 previsto para as 13:30 Horas desta ter\u00e7a-feira (15), no Cemit\u00e9rio Municipal de Dracena.<\/p>\n<p style=\"text-align: justify;\">Aos familiares e amigos a solidariedade do Site JZ neste dif\u00edcil momento.<\/p>\n<p style=\"text-align: justify;\">Jorge Zanoni<\/p>\n<p>&nbsp;<\/p>\n","protected":false},"excerpt":{"rendered":"<p>Comunicamos com pesar o falecimento de Paulo Cesar Silva de 39 anos. Ele estava internado em tratamento da COVID-19 e n\u00e3o resistiu vindo a \u00f3bito. Paulo Cesar faria 40 anos no pr\u00f3ximo dia 19. Deixa a esposa Helem Cardoso e um filho. Era um apaixonado pela avia\u00e7\u00e3o. Seu sepultamento est\u00e1 previsto para as 13:30 Horas [&hellip;]<\/p>\n","protected":false},"author":1,"featured_media":49391,"comment_status":"closed","ping_status":"open","sticky":false,"template":"","format":"standard","meta":{"footnotes":""},"categories":[178,110],"tags":[],"class_list":["post-49390","post","type-post","status-publish","format-standard","has-post-thumbnail","hentry","category-notadefalecimento","category-noticiasdestaque"],"_links":{"self":[{"href":"https:\/\/jorgezanoni.com.br\/2019\/wp-json\/wp\/v2\/posts\/49390","targetHints":{"allow":["GET"]}}],"collection":[{"href":"https:\/\/jorgezanoni.com.br\/2019\/wp-json\/wp\/v2\/posts"}],"about":[{"href":"https:\/\/jorgezanoni.com.br\/2019\/wp-json\/wp\/v2\/types\/post"}],"author":[{"embeddable":true,"href":"https:\/\/jorgezanoni.com.br\/2019\/wp-json\/wp\/v2\/users\/1"}],"replies":[{"embeddable":true,"href":"https:\/\/jorgezanoni.com.br\/2019\/wp-json\/wp\/v2\/comments?post=49390"}],"version-history":[{"count":0,"href":"https:\/\/jorgezanoni.com.br\/2019\/wp-json\/wp\/v2\/posts\/49390\/revisions"}],"wp:featuredmedia":[{"embeddable":true,"href":"https:\/\/jorgezanoni.com.br\/2019\/wp-json\/wp\/v2\/media\/49391"}],"wp:attachment":[{"href":"https:\/\/jorgezanoni.com.br\/2019\/wp-json\/wp\/v2\/media?parent=49390"}],"wp:term":[{"taxonomy":"category","embeddable":true,"href":"https:\/\/jorgezanoni.com.br\/2019\/wp-json\/wp\/v2\/categories?post=49390"},{"taxonomy":"post_tag","embeddable":true,"href":"https:\/\/jorgezanoni.com.br\/2019\/wp-json\/wp\/v2\/tags?post=49390"}],"curies":[{"name":"wp","href":"https:\/\/api.w.org\/{rel}","templated":true}]}}