{"id":49387,"date":"2021-06-15T13:49:56","date_gmt":"2021-06-15T13:49:56","guid":{"rendered":"https:\/\/jorgezanoni.com.br\/2019\/?p=49387"},"modified":"2021-06-15T13:49:56","modified_gmt":"2021-06-15T13:49:56","slug":"apos-pular-diversas-telhados-de-casas-e-causar-destruicao-homem-e-detido-no-centro-de-dracena","status":"publish","type":"post","link":"https:\/\/jorgezanoni.com.br\/2019\/apos-pular-diversas-telhados-de-casas-e-causar-destruicao-homem-e-detido-no-centro-de-dracena\/","title":{"rendered":"Ap\u00f3s pular diversas telhados de casas e causar destrui\u00e7\u00e3o, homem \u00e9 detido no centro de Dracena"},"content":{"rendered":"<p style=\"text-align: justify;\"><strong>DANO QUALIFICADO\/DANO SIMPLES\/VIOLA\u00c7\u00c3O DE DOMIC\u00cdLIO EM DRACENA.<\/strong><\/p>\n<p style=\"text-align: justify;\">NA DATA DE ONTEM (14) POR VOLTA DAS 20H36MIN A POL\u00cdCIA MILITAR EM DRACENA PELA AVENIDA JOS\u00c9 BONIF\u00c1CIO CENTRO FOI SOLICITADA VIA COPOM PARA O ATENDIMENTO DE OCORR\u00caNCIA, A PRINCIPIO ENVOLVENDO UM INDIVIDUO QUE ESTARIA SOBRE O TELHADO DE UMA RESIDENCIA ARREMESSANDO TELHAS NA VIA. FOI FEITO CONTATO COM A PARTE QUE, SE APRESENTOU COMO ESCRIV\u00c3O DE POLICIA CIVIL, O QUAL JA ESTAVA COM O AUTOR 44 ANOS CONTIDO E ALGEMADO. SEGUNDO ELE O AUTOR TERIA PULADO POR VARIAS CASAS ATE SER DOMINADO PELA PARTE, SENDO QUE, HOUVE DANOS EM ALGUMAS RESIDENCIAS E TAMBEM EM UM MINI MERCADO. A POLICIA CIENTIFICA FOI ACIONADA PARA PERICIAR O LOCAL, COMPARECEU O PERITO ETORI. O AUTOR FOI CONDUZIDO PARA O &#8220;PAM&#8221;, PRONTO ATENDIMENTO DA SANTA CASA LOCAL, DEVIDO ESTAR MACHUCADO DA QUEDA QUE SOFREU DO TELHADO DO MINI MERCADO E DURANTE O TRAJETO ELE QUEBROU O VIDRO DA VIATURA POLICIAL A QUAL ESTAVA SENDO CONDUZIDO, UMA SPIN 1.8L MT LS, LOCAL QUE TENTOU FUGIR. NO HOSPITAL FOI DEVIDAMENTE MEDICADO E POSTERIORMENTE FOI APRESENTADO NO PLANT\u00c3O DA POLICIA JUDICIARIA PELO POLICIAL CIVIL QUE EFETUOU A PRISAO PROSSEGUIU COMO CONDUTOR DA OCORRENCIA. FOI ELABORADO BOPC DE VIOLACAO DE DOMICILIO, DANO AO PATRIMONIO PUBLICO E DANO SIMPLES FICANDO O AUTOR A DISPOSICAO DA JUSTI\u00c7A.<\/p>\n<p>Fonte: com. Social Pol\u00edcia Militar<\/p>\n","protected":false},"excerpt":{"rendered":"<p>DANO QUALIFICADO\/DANO SIMPLES\/VIOLA\u00c7\u00c3O DE DOMIC\u00cdLIO EM DRACENA. NA DATA DE ONTEM (14) POR VOLTA DAS 20H36MIN A POL\u00cdCIA MILITAR EM DRACENA PELA AVENIDA JOS\u00c9 BONIF\u00c1CIO CENTRO FOI SOLICITADA VIA COPOM PARA O ATENDIMENTO DE OCORR\u00caNCIA, A PRINCIPIO ENVOLVENDO UM INDIVIDUO QUE ESTARIA SOBRE O TELHADO DE UMA RESIDENCIA ARREMESSANDO TELHAS NA VIA. FOI FEITO CONTATO [&hellip;]<\/p>\n","protected":false},"author":1,"featured_media":49388,"comment_status":"closed","ping_status":"open","sticky":false,"template":"","format":"standard","meta":{"footnotes":""},"categories":[110,2],"tags":[],"class_list":["post-49387","post","type-post","status-publish","format-standard","has-post-thumbnail","hentry","category-noticiasdestaque","category-policial"],"_links":{"self":[{"href":"https:\/\/jorgezanoni.com.br\/2019\/wp-json\/wp\/v2\/posts\/49387","targetHints":{"allow":["GET"]}}],"collection":[{"href":"https:\/\/jorgezanoni.com.br\/2019\/wp-json\/wp\/v2\/posts"}],"about":[{"href":"https:\/\/jorgezanoni.com.br\/2019\/wp-json\/wp\/v2\/types\/post"}],"author":[{"embeddable":true,"href":"https:\/\/jorgezanoni.com.br\/2019\/wp-json\/wp\/v2\/users\/1"}],"replies":[{"embeddable":true,"href":"https:\/\/jorgezanoni.com.br\/2019\/wp-json\/wp\/v2\/comments?post=49387"}],"version-history":[{"count":0,"href":"https:\/\/jorgezanoni.com.br\/2019\/wp-json\/wp\/v2\/posts\/49387\/revisions"}],"wp:featuredmedia":[{"embeddable":true,"href":"https:\/\/jorgezanoni.com.br\/2019\/wp-json\/wp\/v2\/media\/49388"}],"wp:attachment":[{"href":"https:\/\/jorgezanoni.com.br\/2019\/wp-json\/wp\/v2\/media?parent=49387"}],"wp:term":[{"taxonomy":"category","embeddable":true,"href":"https:\/\/jorgezanoni.com.br\/2019\/wp-json\/wp\/v2\/categories?post=49387"},{"taxonomy":"post_tag","embeddable":true,"href":"https:\/\/jorgezanoni.com.br\/2019\/wp-json\/wp\/v2\/tags?post=49387"}],"curies":[{"name":"wp","href":"https:\/\/api.w.org\/{rel}","templated":true}]}}