{"id":49331,"date":"2021-06-13T17:33:53","date_gmt":"2021-06-13T17:33:53","guid":{"rendered":"https:\/\/jorgezanoni.com.br\/2019\/?p=49331"},"modified":"2021-06-13T17:33:53","modified_gmt":"2021-06-13T17:33:53","slug":"morre-orides-zanardi-ex-prefeito-de-junqueiropolis","status":"publish","type":"post","link":"https:\/\/jorgezanoni.com.br\/2019\/morre-orides-zanardi-ex-prefeito-de-junqueiropolis\/","title":{"rendered":"Morre Orides Zanardi ex-prefeito de Junqueir\u00f3polis"},"content":{"rendered":"<p style=\"text-align: justify;\">\u00c9 com pesar que comunicamos o falecimento do ex prefeito ORIDES ZANARDI, com 87 anos, ocorrido nesta madrugada, no Hospital Irm\u00e3 Dulce na cidade de Praia Grande. Ele estava internado com pneumonia (2 seguidas) e infec\u00e7\u00e3o urin\u00e1ria. Acometido do mal de Alzheimer h\u00e1 mais de 6 anos. Seu corpo ser\u00e1 transladado para Colina-SP e l\u00e1 sepultado no fim da tarde. Orides Zanardi foi vereador de 01.02.73 a 31.01.77. Prefeito nos anos de 01.02.83 a 31.12.88 e 01.01.93 a 31.12.96. Era vi\u00favo de Taide Martinelli. Deixa a esposa, duas filhas, netos e bisnetos. O prefeito Osmar Pinatto em nome da administra\u00e7\u00e3o e funcionalismo p\u00fablico Municipal externa os profundos sentimentos a fam\u00edlia do importante baloarte que entre os demais prefeitos contribui e muito para o desenvolvimento de Junqueir\u00f3polis<\/p>\n<p style=\"text-align: justify;\">Fonte: Prefeitura Municipal de Junqueir\u00f3polis<\/p>\n","protected":false},"excerpt":{"rendered":"<p>\u00c9 com pesar que comunicamos o falecimento do ex prefeito ORIDES ZANARDI, com 87 anos, ocorrido nesta madrugada, no Hospital Irm\u00e3 Dulce na cidade de Praia Grande. Ele estava internado com pneumonia (2 seguidas) e infec\u00e7\u00e3o urin\u00e1ria. Acometido do mal de Alzheimer h\u00e1 mais de 6 anos. Seu corpo ser\u00e1 transladado para Colina-SP e l\u00e1 [&hellip;]<\/p>\n","protected":false},"author":1,"featured_media":49332,"comment_status":"closed","ping_status":"open","sticky":false,"template":"","format":"standard","meta":{"footnotes":""},"categories":[178,110],"tags":[],"class_list":["post-49331","post","type-post","status-publish","format-standard","has-post-thumbnail","hentry","category-notadefalecimento","category-noticiasdestaque"],"_links":{"self":[{"href":"https:\/\/jorgezanoni.com.br\/2019\/wp-json\/wp\/v2\/posts\/49331","targetHints":{"allow":["GET"]}}],"collection":[{"href":"https:\/\/jorgezanoni.com.br\/2019\/wp-json\/wp\/v2\/posts"}],"about":[{"href":"https:\/\/jorgezanoni.com.br\/2019\/wp-json\/wp\/v2\/types\/post"}],"author":[{"embeddable":true,"href":"https:\/\/jorgezanoni.com.br\/2019\/wp-json\/wp\/v2\/users\/1"}],"replies":[{"embeddable":true,"href":"https:\/\/jorgezanoni.com.br\/2019\/wp-json\/wp\/v2\/comments?post=49331"}],"version-history":[{"count":0,"href":"https:\/\/jorgezanoni.com.br\/2019\/wp-json\/wp\/v2\/posts\/49331\/revisions"}],"wp:featuredmedia":[{"embeddable":true,"href":"https:\/\/jorgezanoni.com.br\/2019\/wp-json\/wp\/v2\/media\/49332"}],"wp:attachment":[{"href":"https:\/\/jorgezanoni.com.br\/2019\/wp-json\/wp\/v2\/media?parent=49331"}],"wp:term":[{"taxonomy":"category","embeddable":true,"href":"https:\/\/jorgezanoni.com.br\/2019\/wp-json\/wp\/v2\/categories?post=49331"},{"taxonomy":"post_tag","embeddable":true,"href":"https:\/\/jorgezanoni.com.br\/2019\/wp-json\/wp\/v2\/tags?post=49331"}],"curies":[{"name":"wp","href":"https:\/\/api.w.org\/{rel}","templated":true}]}}