{"id":49316,"date":"2021-06-13T14:48:49","date_gmt":"2021-06-13T14:48:49","guid":{"rendered":"https:\/\/jorgezanoni.com.br\/2019\/?p=49316"},"modified":"2021-06-13T14:48:49","modified_gmt":"2021-06-13T14:48:49","slug":"comunidade-catolica-comemora-hoje-o-dia-de-santo-antonio","status":"publish","type":"post","link":"https:\/\/jorgezanoni.com.br\/2019\/comunidade-catolica-comemora-hoje-o-dia-de-santo-antonio\/","title":{"rendered":"Comunidade Cat\u00f3lica comemora hoje o Dia de Santo Antonio"},"content":{"rendered":"<p style=\"text-align: justify;\"><strong>O Dia de Santo Ant\u00f4nio \u00e9 comemorado anualmente em\u00a013 de junho, data da sua morte.<\/strong><\/p>\n<p style=\"text-align: justify;\">Considerado um dos santos mais populares entre os brasileiros, Santo Ant\u00f4nio \u00e9 conhecido por ser o &#8220;<strong>Santo Casamenteiro<\/strong>&#8220;, sendo que o Dia dos Namorados \u00e9 comemorado em 12 de junho por ser a v\u00e9spera da sua festa.<\/p>\n<p style=\"text-align: justify;\">De acordo com a crendice popular brasileira, neste dia as pessoas que desejam casar ou conseguir um namorado preparam simpatias para Santo Ant\u00f4nio, acompanhadas de ora\u00e7\u00f5es.<\/p>\n<p style=\"text-align: justify;\">O Dia de Santo Ant\u00f4nio faz parte das celebra\u00e7\u00f5es da Festa Junina, assim como o\u00a0<a href=\"https:\/\/www.calendarr.com\/brasil\/dia-de-sao-joao\/\">Dia de S\u00e3o Jo\u00e3o<\/a>\u00a0e\u00a0<a href=\"https:\/\/www.calendarr.com\/brasil\/dia-de-sao-pedro-e-sao-paulo\/\">Dia de S\u00e3o Pedro<\/a>.<\/p>\n<h2 style=\"text-align: justify;\">Hist\u00f3ria de Santo Ant\u00f4nio<\/h2>\n<p style=\"text-align: justify;\">O Dia de Santo Ant\u00f4nio \u00e9 comemorado a 13 de junho por ser a data de sua morte.\u00a0<strong>Santo Ant\u00f4nio de Lisboa<\/strong>, ou\u00a0<strong>Santo Ant\u00f4nio de P\u00e1dua<\/strong>\u00a0nasceu em Lisboa no dia 15 de agosto, provavelmente entre os anos de 1191 e 1195 e morreu em P\u00e1dua, na It\u00e1lia, no dia 13 de junho do ano de 1231.<\/p>\n<p style=\"text-align: justify;\">Santo Ant\u00f4nio foi inicialmente um frade agostiniano e um grande estudioso e pregador. Mais tarde entrou para a Ordem de S\u00e3o Francisco de Assis (Franciscana), em 1220.<\/p>\n<p style=\"text-align: justify;\">Foi muito conhecido pela sua vida despojada de riquezas, apesar de ter nascido em uma fam\u00edlia influente. O seu trabalho com os pobres foi essencial para que fosse rapidamente reconhecido como santo ap\u00f3s sua morte.<\/p>\n<p style=\"text-align: justify;\">Tamb\u00e9m desenvolveu um grande amor pela figura do Menino Jesus e teria recebido vis\u00f5es Dele enquanto estava em ora\u00e7\u00e3o. Por isso, o santo \u00e9 representado carregando-O nos bra\u00e7os, junto a um ramo de l\u00edrios, s\u00edmbolo da castidade.<\/p>\n<p style=\"text-align: justify;\">A canoniza\u00e7\u00e3o de Santo Ant\u00f4nio aconteceu poucos anos ap\u00f3s sua morte, e muitos consideram que ter\u00e1 sido uma das canoniza\u00e7\u00f5es mais r\u00e1pidas da hist\u00f3ria.<\/p>\n<h2 style=\"text-align: justify;\">Milagres de Santo Ant\u00f4nio<\/h2>\n<p style=\"text-align: justify;\">Santo Ant\u00f4nio fez v\u00e1rios milagres em vida e um dos mais famosos \u00e9 o da prega\u00e7\u00e3o aos peixes. Quando o santo estava na It\u00e1lia, se dirigiu \u00e0 cidade de Rimini para evangelizar os hereges. Como n\u00e3o foi ouvido passou a falar da palavra de Deus para os peixes que prontamente apareceram com as cabe\u00e7as fora d&#8217;\u00e1gua.<\/p>\n<p style=\"text-align: justify;\">Tamb\u00e9m quando fez um serm\u00e3o sobre a presen\u00e7a de Cristo na eucaristia, um homem, dono de um burro de carga, se p\u00f4s a burlar do santo. Este o desafiou pedindo que trouxesse o animal e que ele saberia reconhecer quem estaria contido na h\u00f3stia.<\/p>\n<p style=\"text-align: justify;\">Imediatamente, trouxeram o burro e puseram um pouco de capim para que fosse atra\u00eddo pelo alimento. Quando Santo Ant\u00f4nio mostrou-lhe a h\u00f3stia, o animal imediatamente se ajoelhou, fazendo uma rever\u00eancia ao sacramento.<\/p>\n<h2 style=\"text-align: justify;\">Ora\u00e7\u00e3o a Santo Ant\u00f4nio<\/h2>\n<p style=\"text-align: justify;\">Existem muitas ora\u00e7\u00f5es a Santo Ant\u00f4nio, a maior parte delas ligadas ao fato de Santo Ant\u00f4nio ser conhecido como o &#8220;Santo Casamenteiro&#8221;.<\/p>\n<p style=\"text-align: justify;\"><em>&#8220;Meu grande amigo Santo Ant\u00f4nio,<br \/>\ntu que \u00e9s o protetor dos namorados,<br \/>\nolha para mim, para a minha vida,<br \/>\npara os meus anseios.<br \/>\nDefende-me dos perigos,<br \/>\nafasta de mim os fracassos,<br \/>\nas desilus\u00f5es, os desencantos.<br \/>\nFaz que eu seja realista,<br \/>\nconfiante, digna(a) e alegre.<br \/>\nQue eu encontre um(a) namorado(a)<br \/>\nque me agrade, seja trabalhador,<br \/>\nvirtuoso e respons\u00e1vel.<br \/>\nQue eu saiba caminhar para o futuro<br \/>\ne para a vida a dois<br \/>\ncom as disposi\u00e7\u00f5es de quem recebeu de Deus<br \/>\numa voca\u00e7\u00e3o sagrada e um dever social.<br \/>\nQue meu namoro seja feliz<br \/>\ne meu amor sem medidas.<br \/>\nQue todos os namorados<br \/>\nbusquem a m\u00fatua compreens\u00e3o,<br \/>\na comunh\u00e3o de vida<br \/>\ne o crescimento na f\u00e9.<br \/>\nAssim seja&#8221;.<\/em><\/p>\n<p style=\"text-align: justify;\">Fonte: https:\/\/www.calendarr.com\/brasil\/dia-de-santo-antonio\/<\/p>\n","protected":false},"excerpt":{"rendered":"<p>O Dia de Santo Ant\u00f4nio \u00e9 comemorado anualmente em\u00a013 de junho, data da sua morte. Considerado um dos santos mais populares entre os brasileiros, Santo Ant\u00f4nio \u00e9 conhecido por ser o &#8220;Santo Casamenteiro&#8220;, sendo que o Dia dos Namorados \u00e9 comemorado em 12 de junho por ser a v\u00e9spera da sua festa. De acordo com [&hellip;]<\/p>\n","protected":false},"author":1,"featured_media":49317,"comment_status":"closed","ping_status":"open","sticky":false,"template":"","format":"standard","meta":{"footnotes":""},"categories":[110,118],"tags":[],"class_list":["post-49316","post","type-post","status-publish","format-standard","has-post-thumbnail","hentry","category-noticiasdestaque","category-religiaoesolidariedade"],"_links":{"self":[{"href":"https:\/\/jorgezanoni.com.br\/2019\/wp-json\/wp\/v2\/posts\/49316","targetHints":{"allow":["GET"]}}],"collection":[{"href":"https:\/\/jorgezanoni.com.br\/2019\/wp-json\/wp\/v2\/posts"}],"about":[{"href":"https:\/\/jorgezanoni.com.br\/2019\/wp-json\/wp\/v2\/types\/post"}],"author":[{"embeddable":true,"href":"https:\/\/jorgezanoni.com.br\/2019\/wp-json\/wp\/v2\/users\/1"}],"replies":[{"embeddable":true,"href":"https:\/\/jorgezanoni.com.br\/2019\/wp-json\/wp\/v2\/comments?post=49316"}],"version-history":[{"count":0,"href":"https:\/\/jorgezanoni.com.br\/2019\/wp-json\/wp\/v2\/posts\/49316\/revisions"}],"wp:featuredmedia":[{"embeddable":true,"href":"https:\/\/jorgezanoni.com.br\/2019\/wp-json\/wp\/v2\/media\/49317"}],"wp:attachment":[{"href":"https:\/\/jorgezanoni.com.br\/2019\/wp-json\/wp\/v2\/media?parent=49316"}],"wp:term":[{"taxonomy":"category","embeddable":true,"href":"https:\/\/jorgezanoni.com.br\/2019\/wp-json\/wp\/v2\/categories?post=49316"},{"taxonomy":"post_tag","embeddable":true,"href":"https:\/\/jorgezanoni.com.br\/2019\/wp-json\/wp\/v2\/tags?post=49316"}],"curies":[{"name":"wp","href":"https:\/\/api.w.org\/{rel}","templated":true}]}}