{"id":4931,"date":"2019-08-30T12:27:13","date_gmt":"2019-08-30T12:27:13","guid":{"rendered":"https:\/\/jorgezanoni.com.br\/2019\/?p=4931"},"modified":"2019-08-30T12:27:13","modified_gmt":"2019-08-30T12:27:13","slug":"tenente-matheus-duarte-e-homenageado-no-cpi-8","status":"publish","type":"post","link":"https:\/\/jorgezanoni.com.br\/2019\/tenente-matheus-duarte-e-homenageado-no-cpi-8\/","title":{"rendered":"Tenente Matheus Duarte \u00e9 homenageado no CPI-8"},"content":{"rendered":"<div id=\"id_5d6915484a0ed8926813653\" class=\"text_exposed_root text_exposed\" style=\"text-align: justify;\">Na manh\u00e3 desta quinta feira (29), na sede do CPI-8 em Presidente Prudente, o 1\u00ba Ten PM Matheus Duarte, foi homenageado &#8220;PM do M\u00caS MAIO 2019&#8221;. A referida homenagem \u00e9 devido o PM ter se destacado nos atendimentos de ocorr\u00eancias bem como na \u00e9poca ter comandado a For\u00e7a T\u00e1tica do 25\u00ba BPM\/I.<br \/>\n<a href=\"https:\/\/www.facebook.com\/renata.fassina?__tn__=%2CdK%2AF-R&amp;eid=ARCqyn2Ls6RdXWzrPrqW2D5f3c6NLTHOYfXqZtTO8Tbq80IuT9wnJUhnnX1QY1UZPzN-Cb7g_QHYkSkW\" data-hovercard=\"\/ajax\/hovercard\/user.php?id=100000008911617&amp;extragetparams=%7B%22__tn__%22%3A%22%2CdK%2AF-R%22%2C%22eid%22%3A%22ARCqyn2Ls6RdXWzrPrqW2D5f3c6NLTHOYfXqZtTO8Tbq80IuT9wnJUhnnX1QY1UZPzN-Cb7g_QHYkSkW%22%2C%22directed_target_id%22%3Anull%2C%22groups_location%22%3Anull%7D\" data-hovercard-prefer-more-content-show=\"1\">Renata Fassina<\/a>\u00a0<a href=\"https:\/\/www.facebook.com\/alexandre.fontolan.5?__tn__=%2CdK%2AF-R&amp;eid=ARAadcEFPDwVfvLpltl1s7xgFdfxJQwRWfnyGnoWcahqcy_VTa7JYrwnLczvVUaXTU-XIYCFhNYWQytX\" data-hovercard=\"\/ajax\/hovercard\/user.php?id=100002828406999&amp;extragetparams=%7B%22__tn__%22%3A%22%2CdK%2AF-R%22%2C%22eid%22%3A%22ARAadcEFPDwVfvLpltl1s7xgFdfxJQwRWfnyGnoWcahqcy_VTa7JYrwnLczvVUaXTU-XIYCFhNYWQytX%22%2C%22directed_target_id%22%3Anull%2C%22groups_location%22%3Anull%7D\" data-hovercard-prefer-more-content-show=\"1\">Alexandre Fontolan<\/a><br \/>\n<a class=\"_58cn\" href=\"https:\/\/www.facebook.com\/hashtag\/25bpmi?epa=HASHTAG\" data-ft=\"{&quot;type&quot;:104,&quot;tn&quot;:&quot;*N&quot;}\">#25BPMI<\/a><span class=\"text_exposed_show\"><br \/>\n<a class=\"_58cn\" href=\"https:\/\/www.facebook.com\/hashtag\/policiamilitarsp?epa=HASHTAG\" data-ft=\"{&quot;type&quot;:104,&quot;tn&quot;:&quot;*N&quot;}\">#POLICIAMILITARSP<\/a><br \/>\n<a class=\"_58cn\" href=\"https:\/\/www.facebook.com\/hashtag\/afor%C3%A7ap%C3%BAblicades%C3%A3opaulo?epa=HASHTAG\" data-ft=\"{&quot;type&quot;:104,&quot;tn&quot;:&quot;*N&quot;}\">#AFOR\u00c7AP\u00daBLICADES\u00c3OPAULO<\/a><br \/>\nCOMUNICA\u00c7\u00c3O SOCIAL DO 25\u00ba BPM\/I &#8211; Dracena e regi\u00e3o.<\/span><\/div>\n<p>&nbsp;<\/p>\n","protected":false},"excerpt":{"rendered":"<p>Na manh\u00e3 desta quinta feira (29), na sede do CPI-8 em Presidente Prudente, o 1\u00ba Ten PM Matheus Duarte, foi homenageado &#8220;PM do M\u00caS MAIO 2019&#8221;. A referida homenagem \u00e9 devido o PM ter se destacado nos atendimentos de ocorr\u00eancias bem como na \u00e9poca ter comandado a For\u00e7a T\u00e1tica do 25\u00ba BPM\/I. Renata Fassina\u00a0Alexandre Fontolan [&hellip;]<\/p>\n","protected":false},"author":1,"featured_media":4932,"comment_status":"closed","ping_status":"open","sticky":false,"template":"","format":"standard","meta":{"footnotes":""},"categories":[2],"tags":[],"class_list":["post-4931","post","type-post","status-publish","format-standard","has-post-thumbnail","hentry","category-policial"],"_links":{"self":[{"href":"https:\/\/jorgezanoni.com.br\/2019\/wp-json\/wp\/v2\/posts\/4931","targetHints":{"allow":["GET"]}}],"collection":[{"href":"https:\/\/jorgezanoni.com.br\/2019\/wp-json\/wp\/v2\/posts"}],"about":[{"href":"https:\/\/jorgezanoni.com.br\/2019\/wp-json\/wp\/v2\/types\/post"}],"author":[{"embeddable":true,"href":"https:\/\/jorgezanoni.com.br\/2019\/wp-json\/wp\/v2\/users\/1"}],"replies":[{"embeddable":true,"href":"https:\/\/jorgezanoni.com.br\/2019\/wp-json\/wp\/v2\/comments?post=4931"}],"version-history":[{"count":0,"href":"https:\/\/jorgezanoni.com.br\/2019\/wp-json\/wp\/v2\/posts\/4931\/revisions"}],"wp:featuredmedia":[{"embeddable":true,"href":"https:\/\/jorgezanoni.com.br\/2019\/wp-json\/wp\/v2\/media\/4932"}],"wp:attachment":[{"href":"https:\/\/jorgezanoni.com.br\/2019\/wp-json\/wp\/v2\/media?parent=4931"}],"wp:term":[{"taxonomy":"category","embeddable":true,"href":"https:\/\/jorgezanoni.com.br\/2019\/wp-json\/wp\/v2\/categories?post=4931"},{"taxonomy":"post_tag","embeddable":true,"href":"https:\/\/jorgezanoni.com.br\/2019\/wp-json\/wp\/v2\/tags?post=4931"}],"curies":[{"name":"wp","href":"https:\/\/api.w.org\/{rel}","templated":true}]}}