{"id":49268,"date":"2021-06-12T16:28:30","date_gmt":"2021-06-12T16:28:30","guid":{"rendered":"https:\/\/jorgezanoni.com.br\/2019\/?p=49268"},"modified":"2021-06-12T16:28:30","modified_gmt":"2021-06-12T16:28:30","slug":"colegio-anglo-cid-esta-com-matriculas-abertas-para-segunda-turma-do-1o-ano-do-ensino-fundamental","status":"publish","type":"post","link":"https:\/\/jorgezanoni.com.br\/2019\/colegio-anglo-cid-esta-com-matriculas-abertas-para-segunda-turma-do-1o-ano-do-ensino-fundamental\/","title":{"rendered":"Col\u00e9gio Anglo-CID est\u00e1 com matr\u00edculas abertas para segunda turma do 1\u00ba ano do ensino fundamental"},"content":{"rendered":"<div style=\"text-align: justify;\"><span style=\"font-size: large;\">O Col\u00e9gio Anglo-CID de Dracena \u00e9 refer\u00eancia em qualidade de ensino e tem se destacado com expressivos resultados nos vestibulares, Enem, programas educacionais e olimp\u00edadas escolares. Por estes diferenciais, a procura por vagas nos anos iniciais no col\u00e9gio foi intensa.<\/span><\/p>\n<p><span style=\"font-size: large;\">Eul\u00e1lia Pires Fava, diretora do Anglo-CID, anunciou que est\u00e3o abertas as matr\u00edculas para a segunda turma do 1\u00ba ano do ensino fundamental. &#8220;Fazemos tamb\u00e9m reservas antecipadas para turmas dos pr\u00f3ximos anos&#8221;, revelou.<\/span><\/p>\n<p><span style=\"font-size: large;\">O ensino fundamental tem a responsabilidade de integrar as crian\u00e7as ao mundo em que vivem. Os anos iniciais do ensino fundamental trabalham as habilidades, compet\u00eancias, \u00a0capacidades e potencialidades dos alunos favorecendo seu desenvolvimento motor, cognitivo e socioemocional, entre outros aspectos. Nesta etapa, o processo de alfabetiza\u00e7\u00e3o do estudante \u00e9 iniciado.<\/span><\/p>\n<p><span style=\"font-size: large;\">&#8220;Nosso col\u00e9gio oferece todo o suporte necess\u00e1rio para o desenvolvimento das crian\u00e7as, orientando para que se tornem protagonistas do seu aprendizado&#8221;, ressalta a diretora Eul\u00e1lia.<\/span><\/p>\n<p><span style=\"font-size: large;\">O Col\u00e9gio Anglo-CID de Dracena \u00e9 um dos principais parceiros do Sistema Anglo de Ensino e disp\u00f5e de um material apostilado dos mais completos do pa\u00eds nos segmentos de ensinos fundamental e m\u00e9dio, al\u00e9m de contar com programas educacionais, projeto pedag\u00f3gico e infraestrutura\/tecnologia modernos e corpo docente altamente qualificado.<\/span><\/p>\n<p><span style=\"font-size: large;\">Tatiana Pelisson\u00a0<\/span>Froio,<span style=\"font-size: large;\">\u00a0vice-diretora do col\u00e9gio, ressalta: &#8220;nossos materiais est\u00e3o todos de acordo com a BNCC, trazendo mais autonomia e trabalhando cada vez mais o protagonismo do aluno. Nossa sistem\u00e1tica de avalia\u00e7\u00e3o \u00e9 constru\u00edda de acordo com cada faixa et\u00e1ria. Com isso, conseguimos analisar melhor o n\u00edvel de aprendizado de cada aluno, valorizando a qualidade de cada um, individualmente&#8221;.<\/span><\/p>\n<p><span style=\"font-size: large;\">As informa\u00e7\u00f5es sobre matr\u00edculas para o Col\u00e9gio Anglo-CID podem ser obtidas na Secretaria Geral da Fundec, de segunda a sexta-feira, das 7h30 \u00e0s 17h.<\/span><br \/>\n<span style=\"font-size: large;\">Rua Bahia, 332, Metr\u00f3pole &#8211; Dracena &#8211; SP<\/span><br \/>\n<span style=\"font-size: large;\">Whats: (18) 99634-0383 | Fones: (18) 3821-9007 | 3821-9004<\/span><br \/>\n<span style=\"font-size: large;\"><a href=\"http:\/\/www.fundec.edu.br\/anglocid\" target=\"_blank\" rel=\"noopener noreferrer\">www.fundec.edu.br\/anglocid<\/a><\/span><\/div>\n<div style=\"text-align: justify;\"><\/div>\n<div style=\"text-align: justify;\">\n<div><span style=\"font-size: large;\">(FOTO: Dirigentes da Fundec e do Col\u00e9gio Anglo-CID anunciam as matr\u00edculas para a segunda turma do 1\u00ba ano do ensino fundamental)<br \/>\n<\/span><\/div>\n<\/div>\n<div style=\"text-align: justify;\"><\/div>\n<div style=\"text-align: justify;\">Fonte: Depto. Comunica\u00e7\u00e3o Fundec<\/div>\n","protected":false},"excerpt":{"rendered":"<p>O Col\u00e9gio Anglo-CID de Dracena \u00e9 refer\u00eancia em qualidade de ensino e tem se destacado com expressivos resultados nos vestibulares, Enem, programas educacionais e olimp\u00edadas escolares. Por estes diferenciais, a procura por vagas nos anos iniciais no col\u00e9gio foi intensa. Eul\u00e1lia Pires Fava, diretora do Anglo-CID, anunciou que est\u00e3o abertas as matr\u00edculas para a segunda [&hellip;]<\/p>\n","protected":false},"author":1,"featured_media":49269,"comment_status":"closed","ping_status":"open","sticky":false,"template":"","format":"standard","meta":{"footnotes":""},"categories":[122],"tags":[],"class_list":["post-49268","post","type-post","status-publish","format-standard","has-post-thumbnail","hentry","category-saudeeducacaoeconcurso"],"_links":{"self":[{"href":"https:\/\/jorgezanoni.com.br\/2019\/wp-json\/wp\/v2\/posts\/49268","targetHints":{"allow":["GET"]}}],"collection":[{"href":"https:\/\/jorgezanoni.com.br\/2019\/wp-json\/wp\/v2\/posts"}],"about":[{"href":"https:\/\/jorgezanoni.com.br\/2019\/wp-json\/wp\/v2\/types\/post"}],"author":[{"embeddable":true,"href":"https:\/\/jorgezanoni.com.br\/2019\/wp-json\/wp\/v2\/users\/1"}],"replies":[{"embeddable":true,"href":"https:\/\/jorgezanoni.com.br\/2019\/wp-json\/wp\/v2\/comments?post=49268"}],"version-history":[{"count":0,"href":"https:\/\/jorgezanoni.com.br\/2019\/wp-json\/wp\/v2\/posts\/49268\/revisions"}],"wp:featuredmedia":[{"embeddable":true,"href":"https:\/\/jorgezanoni.com.br\/2019\/wp-json\/wp\/v2\/media\/49269"}],"wp:attachment":[{"href":"https:\/\/jorgezanoni.com.br\/2019\/wp-json\/wp\/v2\/media?parent=49268"}],"wp:term":[{"taxonomy":"category","embeddable":true,"href":"https:\/\/jorgezanoni.com.br\/2019\/wp-json\/wp\/v2\/categories?post=49268"},{"taxonomy":"post_tag","embeddable":true,"href":"https:\/\/jorgezanoni.com.br\/2019\/wp-json\/wp\/v2\/tags?post=49268"}],"curies":[{"name":"wp","href":"https:\/\/api.w.org\/{rel}","templated":true}]}}