{"id":49181,"date":"2021-06-12T02:06:07","date_gmt":"2021-06-12T02:06:07","guid":{"rendered":"https:\/\/jorgezanoni.com.br\/2019\/?p=49181"},"modified":"2021-06-12T02:06:07","modified_gmt":"2021-06-12T02:06:07","slug":"por-que-somos-infelizes-por-cidinha-pascoaloto","status":"publish","type":"post","link":"https:\/\/jorgezanoni.com.br\/2019\/por-que-somos-infelizes-por-cidinha-pascoaloto\/","title":{"rendered":"Por que somos infelizes?  (por Cidinha Pascoaloto)"},"content":{"rendered":"<p style=\"text-align: justify;\">\u201cAs pessoas andam doentes porque s\u00e3o infelizes&#8221; (Luiz Carlos Prates)<\/p>\n<p style=\"text-align: justify;\">\u00a0A\u00a0<a href=\"https:\/\/amenteemaravilhosa.com.br\/arte-da-infelicidade\/\">infelicidade<\/a> est\u00e1 relacionada com a forma em que olhamos os acontecimentos da vida. Muitas pessoas olham a vida de forma negativa e se tornam pessoas infelizes, criando um c\u00edrculo vicioso que as impede de conseguir tudo aquilo do que s\u00e3o capazes. As\u00a0pessoas infelizes\u00a0desistem muito cedo, elas n\u00e3o se d\u00e3o cr\u00e9dito e desistem antes de atingir seus objetivos. Eles costumam utilizar express\u00f5es como: \u201cEu sou uma idiota.\u201d ou \u201cEu sou uma\u00a0pessoa\u00a0incapaz.\u201d Grande parte da sua infelicidade \u00e9 determinada pelos seus h\u00e1bitos, tanto mentais quanto\u00a0comportamentais.<\/p>\n<p style=\"text-align: justify;\">\u00a0Por isso, \u00e9 preciso ser especialmente cuidadoso com alguns deles, por estarem ligados aos pensamentos, sentimentos e comportamentos, que est\u00e3o interligados, quando um altera o outro se modifica.<\/p>\n<p style=\"text-align: justify;\">\u00a0\u00a0Muitas vezes\u00a0as pessoas infelizes criticam os outros, colocando toda a responsabilidade sobre ombros de outras pessoas e culpando-os por tudo de errado na sua vida. Pessoas que tem esse comportamento disfuncional geralmente ficam sem culpa, portanto n\u00e3o evoluem porque n\u00e3o desenvolvem autocr\u00edtica e autoconhecimento. O autoconhecimento \u00e9\u00a0o primeiro passo para transformar os seus\u00a0pensamentos, e para entender o poder das suas emo\u00e7\u00f5es. As emo\u00e7\u00f5es s\u00e3o uma tremenda energia em movimento, fornecem-nos motivo para a a\u00e7\u00e3o, influenciando aquilo que pensamos e a forma como pensamos.<\/p>\n<p style=\"text-align: justify;\">As pessoas infelizes n\u00e3o percebem que est\u00e3o constantemente em competi\u00e7\u00e3o, sempre se esfor\u00e7ando para superar os outros com a finalidade de se sentirem melhor consigo mesmos. Quando n\u00e3o conseguem ficam frustrados. A\u00a0infelicidade pode\u00a0trazer consequ\u00eancias s\u00e9rias como desenvolver depress\u00e3o e outras doen\u00e7as emocionais e f\u00edsicas.<\/p>\n<p style=\"text-align: justify;\">Se voc\u00ea est\u00e1 se sentindo assim procure ajuda de um profissional da sa\u00fade, como um psic\u00f3logo que vai te orientar e ajudar voc\u00ea a lidar com as suas emo\u00e7\u00f5es e melhorar sua qualidade de vida.<\/p>\n<p><img loading=\"lazy\" decoding=\"async\" class=\"alignnone size-full wp-image-49182\" src=\"https:\/\/jorgezanoni.com.br\/2019\/wp-content\/uploads\/2021\/06\/Cidinha-1-2-1.jpg\" alt=\"\" width=\"612\" height=\"1136\" srcset=\"https:\/\/jorgezanoni.com.br\/2019\/wp-content\/uploads\/2021\/06\/Cidinha-1-2-1.jpg 612w, https:\/\/jorgezanoni.com.br\/2019\/wp-content\/uploads\/2021\/06\/Cidinha-1-2-1-162x300.jpg 162w, https:\/\/jorgezanoni.com.br\/2019\/wp-content\/uploads\/2021\/06\/Cidinha-1-2-1-552x1024.jpg 552w, https:\/\/jorgezanoni.com.br\/2019\/wp-content\/uploads\/2021\/06\/Cidinha-1-2-1-226x420.jpg 226w\" sizes=\"auto, (max-width: 612px) 100vw, 612px\" \/><\/p>\n<p style=\"text-align: justify;\">Cidinha Pascoaloto-Psic\u00f3loga-CRP 06\/158174 Terapia Cognitivo Comportamental (TCC) com foco no Luto, Depress\u00e3o e Ansiedade Atendimento presencial e on-line, contato: (18) 99725-6418<\/p>\n<p style=\"text-align: justify;\">\n<p style=\"text-align: justify;\">\n<p>&nbsp;<\/p>\n<p>&nbsp;<\/p>\n<p>&nbsp;<\/p>\n<p>&nbsp;<\/p>\n<p>&nbsp;<\/p>\n<p>&nbsp;<\/p>\n<p>&nbsp;<\/p>\n","protected":false},"excerpt":{"rendered":"<p>\u201cAs pessoas andam doentes porque s\u00e3o infelizes&#8221; (Luiz Carlos Prates) \u00a0A\u00a0infelicidade est\u00e1 relacionada com a forma em que olhamos os acontecimentos da vida. Muitas pessoas olham a vida de forma negativa e se tornam pessoas infelizes, criando um c\u00edrculo vicioso que as impede de conseguir tudo aquilo do que s\u00e3o capazes. As\u00a0pessoas infelizes\u00a0desistem muito cedo, [&hellip;]<\/p>\n","protected":false},"author":1,"featured_media":49183,"comment_status":"closed","ping_status":"open","sticky":false,"template":"","format":"standard","meta":{"footnotes":""},"categories":[175],"tags":[],"class_list":["post-49181","post","type-post","status-publish","format-standard","has-post-thumbnail","hentry","category-artigos"],"_links":{"self":[{"href":"https:\/\/jorgezanoni.com.br\/2019\/wp-json\/wp\/v2\/posts\/49181","targetHints":{"allow":["GET"]}}],"collection":[{"href":"https:\/\/jorgezanoni.com.br\/2019\/wp-json\/wp\/v2\/posts"}],"about":[{"href":"https:\/\/jorgezanoni.com.br\/2019\/wp-json\/wp\/v2\/types\/post"}],"author":[{"embeddable":true,"href":"https:\/\/jorgezanoni.com.br\/2019\/wp-json\/wp\/v2\/users\/1"}],"replies":[{"embeddable":true,"href":"https:\/\/jorgezanoni.com.br\/2019\/wp-json\/wp\/v2\/comments?post=49181"}],"version-history":[{"count":0,"href":"https:\/\/jorgezanoni.com.br\/2019\/wp-json\/wp\/v2\/posts\/49181\/revisions"}],"wp:featuredmedia":[{"embeddable":true,"href":"https:\/\/jorgezanoni.com.br\/2019\/wp-json\/wp\/v2\/media\/49183"}],"wp:attachment":[{"href":"https:\/\/jorgezanoni.com.br\/2019\/wp-json\/wp\/v2\/media?parent=49181"}],"wp:term":[{"taxonomy":"category","embeddable":true,"href":"https:\/\/jorgezanoni.com.br\/2019\/wp-json\/wp\/v2\/categories?post=49181"},{"taxonomy":"post_tag","embeddable":true,"href":"https:\/\/jorgezanoni.com.br\/2019\/wp-json\/wp\/v2\/tags?post=49181"}],"curies":[{"name":"wp","href":"https:\/\/api.w.org\/{rel}","templated":true}]}}