{"id":49167,"date":"2021-06-11T23:45:48","date_gmt":"2021-06-11T23:45:48","guid":{"rendered":"https:\/\/jorgezanoni.com.br\/2019\/?p=49167"},"modified":"2021-06-11T23:45:48","modified_gmt":"2021-06-11T23:45:48","slug":"morre-vitima-de-acidente-enfermeira-de-panorama-que-ja-trabalhou-no-centro-cirurgico-de-dracena","status":"publish","type":"post","link":"https:\/\/jorgezanoni.com.br\/2019\/morre-vitima-de-acidente-enfermeira-de-panorama-que-ja-trabalhou-no-centro-cirurgico-de-dracena\/","title":{"rendered":"Morre v\u00edtima de acidente, Enfermeira de Panorama que j\u00e1 trabalhou no Centro Cirurgico de Dracena"},"content":{"rendered":"<p style=\"text-align: justify;\">Faleceu v\u00edtima de acidente automobil\u00edstico na manh\u00e3 de hoje a panoramense enfermeira Maria Cristina Maestrello, de 57 anos. Foi uma colis\u00e3o transversal\u00a0 envolvendo carro e caminh\u00e3o entre os munic\u00edpios de Jales e Fernand\u00f3polis.<\/p>\n<p style=\"text-align: justify;\">Estavam no carro o irm\u00e3o de Cristina o Sr Cleiton e a filha de Cristina a Maria Carolina. Segundo informa\u00e7\u00f5es de familiar ambos passam por exames de imagens, neste momento est\u00e3o est\u00e1veis.<\/p>\n<p style=\"text-align: justify;\">Maria Maestrello era enfermeira\u00a0 obst\u00e9trica. Residia na Bela Vista. Deixa dois filhos.<\/p>\n<p>Fonte: Panorama Noticias<\/p>\n<p><img loading=\"lazy\" decoding=\"async\" class=\"alignnone size-full wp-image-49168\" src=\"https:\/\/jorgezanoni.com.br\/2019\/wp-content\/uploads\/2021\/06\/Maria-Cristina.jpg\" alt=\"\" width=\"1280\" height=\"1279\" srcset=\"https:\/\/jorgezanoni.com.br\/2019\/wp-content\/uploads\/2021\/06\/Maria-Cristina.jpg 1280w, https:\/\/jorgezanoni.com.br\/2019\/wp-content\/uploads\/2021\/06\/Maria-Cristina-300x300.jpg 300w, https:\/\/jorgezanoni.com.br\/2019\/wp-content\/uploads\/2021\/06\/Maria-Cristina-1024x1024.jpg 1024w, https:\/\/jorgezanoni.com.br\/2019\/wp-content\/uploads\/2021\/06\/Maria-Cristina-150x150.jpg 150w, https:\/\/jorgezanoni.com.br\/2019\/wp-content\/uploads\/2021\/06\/Maria-Cristina-768x767.jpg 768w, https:\/\/jorgezanoni.com.br\/2019\/wp-content\/uploads\/2021\/06\/Maria-Cristina-696x695.jpg 696w, https:\/\/jorgezanoni.com.br\/2019\/wp-content\/uploads\/2021\/06\/Maria-Cristina-1068x1067.jpg 1068w, https:\/\/jorgezanoni.com.br\/2019\/wp-content\/uploads\/2021\/06\/Maria-Cristina-420x420.jpg 420w\" sizes=\"auto, (max-width: 1280px) 100vw, 1280px\" \/><\/p>\n<p>&nbsp;<\/p>\n","protected":false},"excerpt":{"rendered":"<p>Faleceu v\u00edtima de acidente automobil\u00edstico na manh\u00e3 de hoje a panoramense enfermeira Maria Cristina Maestrello, de 57 anos. Foi uma colis\u00e3o transversal\u00a0 envolvendo carro e caminh\u00e3o entre os munic\u00edpios de Jales e Fernand\u00f3polis. Estavam no carro o irm\u00e3o de Cristina o Sr Cleiton e a filha de Cristina a Maria Carolina. Segundo informa\u00e7\u00f5es de familiar [&hellip;]<\/p>\n","protected":false},"author":1,"featured_media":49169,"comment_status":"closed","ping_status":"open","sticky":false,"template":"","format":"standard","meta":{"footnotes":""},"categories":[170,110],"tags":[],"class_list":["post-49167","post","type-post","status-publish","format-standard","has-post-thumbnail","hentry","category-acidentes","category-noticiasdestaque"],"_links":{"self":[{"href":"https:\/\/jorgezanoni.com.br\/2019\/wp-json\/wp\/v2\/posts\/49167","targetHints":{"allow":["GET"]}}],"collection":[{"href":"https:\/\/jorgezanoni.com.br\/2019\/wp-json\/wp\/v2\/posts"}],"about":[{"href":"https:\/\/jorgezanoni.com.br\/2019\/wp-json\/wp\/v2\/types\/post"}],"author":[{"embeddable":true,"href":"https:\/\/jorgezanoni.com.br\/2019\/wp-json\/wp\/v2\/users\/1"}],"replies":[{"embeddable":true,"href":"https:\/\/jorgezanoni.com.br\/2019\/wp-json\/wp\/v2\/comments?post=49167"}],"version-history":[{"count":0,"href":"https:\/\/jorgezanoni.com.br\/2019\/wp-json\/wp\/v2\/posts\/49167\/revisions"}],"wp:featuredmedia":[{"embeddable":true,"href":"https:\/\/jorgezanoni.com.br\/2019\/wp-json\/wp\/v2\/media\/49169"}],"wp:attachment":[{"href":"https:\/\/jorgezanoni.com.br\/2019\/wp-json\/wp\/v2\/media?parent=49167"}],"wp:term":[{"taxonomy":"category","embeddable":true,"href":"https:\/\/jorgezanoni.com.br\/2019\/wp-json\/wp\/v2\/categories?post=49167"},{"taxonomy":"post_tag","embeddable":true,"href":"https:\/\/jorgezanoni.com.br\/2019\/wp-json\/wp\/v2\/tags?post=49167"}],"curies":[{"name":"wp","href":"https:\/\/api.w.org\/{rel}","templated":true}]}}