{"id":49154,"date":"2021-06-11T22:26:20","date_gmt":"2021-06-11T22:26:20","guid":{"rendered":"https:\/\/jorgezanoni.com.br\/2019\/?p=49154"},"modified":"2021-06-11T22:26:59","modified_gmt":"2021-06-11T22:26:59","slug":"assuntos-viarios-se-programa-para-promover-varias-alteracoes-no-transito-de-dracena","status":"publish","type":"post","link":"https:\/\/jorgezanoni.com.br\/2019\/assuntos-viarios-se-programa-para-promover-varias-alteracoes-no-transito-de-dracena\/","title":{"rendered":"Assuntos Vi\u00e1rios se programa para promover v\u00e1rias altera\u00e7\u00f5es no tr\u00e2nsito de Dracena"},"content":{"rendered":"<div class=\"ntc_area_texto_noticia\">\n<div class=\"ntc_resumo_noticia sw_lato_bold\" style=\"text-align: justify;\">Nos pr\u00f3ximos dias dever\u00e3o ser anunciados os dias das mudan\u00e7as, entre elas, est\u00e1 a Pra\u00e7a Rotary<\/div>\n<div class=\"ntc_descricao_noticia\">\n<div class=\"ntc_cont_descricao_noticia sw_txteditor\">\n<div style=\"text-align: justify;\">A Secretaria de Infraestrutura e Assuntos Vi\u00e1rios se programa para promover em breve altera\u00e7\u00f5es em algumas vias.<br \/>\nNa Rua Edson da Silveira Campos, entre as Avenidas Presidente Roosevelt e Presidente Vargas, no quarteir\u00e3o do Laborat\u00f3rio S\u00e3o Lucas, passar\u00e1 a ter\u00a0 estacionamento\u00a045 graus.<br \/>\nO diretor de assuntos vi\u00e1rios An\u00edsio de Almeida informou que os ve\u00edculos passar\u00e3o a ter o estacionamento em frente ao edif\u00edcio 8 de Dezembro.<br \/>\nOutra altera\u00e7\u00e3o que ocorrer\u00e1 nos pr\u00f3ximos dias, diz respeito \u00e0 Rua Magid Zacarias que voltar\u00e1 a ser m\u00e3o dupla de dire\u00e7\u00e3o entre o trecho da Avenida Jos\u00e9 Bonif\u00e1cio e a Rua Monte Castelo.<br \/>\nVai ser instalado um conjunto de grupo focal no sem\u00e1foro do cruzamento entre a Avenida Jos\u00e9 Bonif\u00e1cio e a Rua Magid Zacarias, &#8220;esquina do Kik\u00e3o Lanches&#8221;, fazendo com a Rua Magid Zacarias voltar\u00e1 a ser m\u00e3o dupla.<br \/>\nA secretaria informa ainda que a Rua Esp\u00edrito Santo, tamb\u00e9m ter\u00e1 mudan\u00e7as em breve, se tornando preferencial entre a Rua Fortaleza e a Avenida Alcides Chacon Couto, para facilitar o tr\u00e2nsito entre os sentidos Bairro- Centro e Centro-Bairro.<strong>PRA\u00c7A ROTARY<\/strong><br \/>\nOutra mudan\u00e7a de m\u00e3o de dire\u00e7\u00e3o que a administra\u00e7\u00e3o municipal anuncia e dever\u00e1 tornar realidade nos pr\u00f3ximos dias, \u00e9 na Pra\u00e7a Rotary. O condutor que vir\u00e1 pela Rua 8 de Dezembro, passando em frente \u00e0 escola 9 de Julho dever\u00e1 ingressar no mesmo sentido, \u00e0 pra\u00e7a, n\u00e3o mais entrando \u00e0 esquerda sentido ao F\u00f3rum.<br \/>\nO fluxo de ve\u00edculos ser\u00e1 como j\u00e1 foi anteriormente no munic\u00edpio, prosseguindo em linha reta centro-bairro, sentido reto ao Col\u00e9gio Objetivo e Jardins das Palmeiras.<br \/>\nO contorno da Pra\u00e7a Rotary passar\u00e1 a ser feito pelos ve\u00edculos anti-hor\u00e1rio.<\/p>\n<\/div>\n<div><\/div>\n<\/div>\n<\/div>\n<div><img loading=\"lazy\" decoding=\"async\" class=\"alignnone size-full wp-image-49155\" src=\"https:\/\/jorgezanoni.com.br\/2019\/wp-content\/uploads\/2021\/06\/muda.jpg\" alt=\"\" width=\"800\" height=\"598\" srcset=\"https:\/\/jorgezanoni.com.br\/2019\/wp-content\/uploads\/2021\/06\/muda.jpg 800w, https:\/\/jorgezanoni.com.br\/2019\/wp-content\/uploads\/2021\/06\/muda-300x224.jpg 300w, https:\/\/jorgezanoni.com.br\/2019\/wp-content\/uploads\/2021\/06\/muda-768x574.jpg 768w, https:\/\/jorgezanoni.com.br\/2019\/wp-content\/uploads\/2021\/06\/muda-80x60.jpg 80w, https:\/\/jorgezanoni.com.br\/2019\/wp-content\/uploads\/2021\/06\/muda-265x198.jpg 265w, https:\/\/jorgezanoni.com.br\/2019\/wp-content\/uploads\/2021\/06\/muda-696x520.jpg 696w, https:\/\/jorgezanoni.com.br\/2019\/wp-content\/uploads\/2021\/06\/muda-562x420.jpg 562w\" sizes=\"auto, (max-width: 800px) 100vw, 800px\" \/> <img loading=\"lazy\" decoding=\"async\" class=\"alignnone size-full wp-image-49156\" src=\"https:\/\/jorgezanoni.com.br\/2019\/wp-content\/uploads\/2021\/06\/muda1.jpg\" alt=\"\" width=\"800\" height=\"598\" srcset=\"https:\/\/jorgezanoni.com.br\/2019\/wp-content\/uploads\/2021\/06\/muda1.jpg 800w, https:\/\/jorgezanoni.com.br\/2019\/wp-content\/uploads\/2021\/06\/muda1-300x224.jpg 300w, https:\/\/jorgezanoni.com.br\/2019\/wp-content\/uploads\/2021\/06\/muda1-768x574.jpg 768w, https:\/\/jorgezanoni.com.br\/2019\/wp-content\/uploads\/2021\/06\/muda1-80x60.jpg 80w, https:\/\/jorgezanoni.com.br\/2019\/wp-content\/uploads\/2021\/06\/muda1-265x198.jpg 265w, https:\/\/jorgezanoni.com.br\/2019\/wp-content\/uploads\/2021\/06\/muda1-696x520.jpg 696w, https:\/\/jorgezanoni.com.br\/2019\/wp-content\/uploads\/2021\/06\/muda1-562x420.jpg 562w\" sizes=\"auto, (max-width: 800px) 100vw, 800px\" \/> <img loading=\"lazy\" decoding=\"async\" class=\"alignnone size-full wp-image-49157\" src=\"https:\/\/jorgezanoni.com.br\/2019\/wp-content\/uploads\/2021\/06\/muda2.jpg\" alt=\"\" width=\"800\" height=\"598\" srcset=\"https:\/\/jorgezanoni.com.br\/2019\/wp-content\/uploads\/2021\/06\/muda2.jpg 800w, https:\/\/jorgezanoni.com.br\/2019\/wp-content\/uploads\/2021\/06\/muda2-300x224.jpg 300w, https:\/\/jorgezanoni.com.br\/2019\/wp-content\/uploads\/2021\/06\/muda2-768x574.jpg 768w, https:\/\/jorgezanoni.com.br\/2019\/wp-content\/uploads\/2021\/06\/muda2-80x60.jpg 80w, https:\/\/jorgezanoni.com.br\/2019\/wp-content\/uploads\/2021\/06\/muda2-265x198.jpg 265w, https:\/\/jorgezanoni.com.br\/2019\/wp-content\/uploads\/2021\/06\/muda2-696x520.jpg 696w, https:\/\/jorgezanoni.com.br\/2019\/wp-content\/uploads\/2021\/06\/muda2-562x420.jpg 562w\" sizes=\"auto, (max-width: 800px) 100vw, 800px\" \/><\/div>\n<div class=\"ntc_descricao_noticia\">\n<div class=\"ntc_cont_descricao_noticia sw_txteditor\">\n<div style=\"text-align: justify;\"><\/div>\n<div style=\"text-align: justify;\">Fonte: Diretoria de Comunica\u00e7\u00e3o<\/div>\n<div><\/div>\n<\/div>\n<\/div>\n<\/div>\n<div class=\"vinc_area_vinculos\">\n<div class=\"vinc_area_pessoas_vinculadas sw_lato\">\n<div class=\"vinc_pessoa_vinculada\"><\/div>\n<\/div>\n<\/div>\n","protected":false},"excerpt":{"rendered":"<p>Nos pr\u00f3ximos dias dever\u00e3o ser anunciados os dias das mudan\u00e7as, entre elas, est\u00e1 a Pra\u00e7a Rotary A Secretaria de Infraestrutura e Assuntos Vi\u00e1rios se programa para promover em breve altera\u00e7\u00f5es em algumas vias. Na Rua Edson da Silveira Campos, entre as Avenidas Presidente Roosevelt e Presidente Vargas, no quarteir\u00e3o do Laborat\u00f3rio S\u00e3o Lucas, passar\u00e1 a [&hellip;]<\/p>\n","protected":false},"author":1,"featured_media":49158,"comment_status":"closed","ping_status":"open","sticky":false,"template":"","format":"standard","meta":{"footnotes":""},"categories":[179,184,110],"tags":[],"class_list":["post-49154","post","type-post","status-publish","format-standard","has-post-thumbnail","hentry","category-cidadeseregiao","category-dracena","category-noticiasdestaque"],"_links":{"self":[{"href":"https:\/\/jorgezanoni.com.br\/2019\/wp-json\/wp\/v2\/posts\/49154","targetHints":{"allow":["GET"]}}],"collection":[{"href":"https:\/\/jorgezanoni.com.br\/2019\/wp-json\/wp\/v2\/posts"}],"about":[{"href":"https:\/\/jorgezanoni.com.br\/2019\/wp-json\/wp\/v2\/types\/post"}],"author":[{"embeddable":true,"href":"https:\/\/jorgezanoni.com.br\/2019\/wp-json\/wp\/v2\/users\/1"}],"replies":[{"embeddable":true,"href":"https:\/\/jorgezanoni.com.br\/2019\/wp-json\/wp\/v2\/comments?post=49154"}],"version-history":[{"count":0,"href":"https:\/\/jorgezanoni.com.br\/2019\/wp-json\/wp\/v2\/posts\/49154\/revisions"}],"wp:featuredmedia":[{"embeddable":true,"href":"https:\/\/jorgezanoni.com.br\/2019\/wp-json\/wp\/v2\/media\/49158"}],"wp:attachment":[{"href":"https:\/\/jorgezanoni.com.br\/2019\/wp-json\/wp\/v2\/media?parent=49154"}],"wp:term":[{"taxonomy":"category","embeddable":true,"href":"https:\/\/jorgezanoni.com.br\/2019\/wp-json\/wp\/v2\/categories?post=49154"},{"taxonomy":"post_tag","embeddable":true,"href":"https:\/\/jorgezanoni.com.br\/2019\/wp-json\/wp\/v2\/tags?post=49154"}],"curies":[{"name":"wp","href":"https:\/\/api.w.org\/{rel}","templated":true}]}}