{"id":49148,"date":"2021-06-11T21:19:29","date_gmt":"2021-06-11T21:19:29","guid":{"rendered":"https:\/\/jorgezanoni.com.br\/2019\/?p=49148"},"modified":"2021-06-11T21:19:29","modified_gmt":"2021-06-11T21:19:29","slug":"policia-civil-prende-em-flagrante-suspeito-de-trafico-de-drogas-durante-cumprimento-de-mandado-de-busca-e-apreensao-em-dracena","status":"publish","type":"post","link":"https:\/\/jorgezanoni.com.br\/2019\/policia-civil-prende-em-flagrante-suspeito-de-trafico-de-drogas-durante-cumprimento-de-mandado-de-busca-e-apreensao-em-dracena\/","title":{"rendered":"Pol\u00edcia Civil prende em flagrante suspeito de tr\u00e1fico de drogas durante cumprimento de mandado de busca e apreens\u00e3o em Dracena."},"content":{"rendered":"<p style=\"text-align: justify;\"><strong>Na a\u00e7\u00e3o no im\u00f3vel do acusado foram apreendidas drogas, materiais para embalar entorpecentes e um celular.<\/strong><\/p>\n<p style=\"text-align: justify;\">A Pol\u00edcia Civil, por interm\u00e9dio das Unidades Especializadas (Delegacia de Investiga\u00e7\u00f5es Gerais &#8211; DIG e Delegacia de Investiga\u00e7\u00f5es Sobre Entorpecentes &#8211; DISE), nesta sexta-feira (11), cumpriu um mandado de busca e apreens\u00e3o e prendeu um homem, de 18 anos, suspeito de ter envolvimento com tr\u00e1fico de drogas, em Dracena. Foram encontrados tabletes de maconha, um rolo pl\u00e1stico filme comumente usado para embalar droga e um celular.<\/p>\n<p style=\"text-align: justify;\">A a\u00e7\u00e3o policial \u00e9 decorrente do trabalho investigativo desenvolvido por agentes das Unidades Especializadas, visando reprimir a incid\u00eancia do crime de tr\u00e1fico de drogas em Dracena. As investiga\u00e7\u00f5es encetadas levaram \u00e0 identidade do suspeito. Subsidiando, desta forma, a Pol\u00edcia Civil a solicita\u00e7\u00e3o do pedido mandado judicial de busca e apreens\u00e3o junto \u00e0 1\u00aa Vara da Comarca de Dracena, que foi cumprido nesta sexta-feira (11).<\/p>\n<p style=\"text-align: justify;\">Durante de busca realizada no im\u00f3vel do acusado foram encontrados e apreendido os materiais il\u00edcitos e objetos comum relacionados a mercancia de droga, o que motivou a pris\u00e3o em flagrante do suspeito. Ap\u00f3s os procedimentos flagr\u00e2ncias o homem foi encaminhado ao sistema prisional, onde ficar\u00e1 \u00e0 disposi\u00e7\u00e3o da Justi\u00e7a.<\/p>\n<p style=\"text-align: justify;\">Den\u00fancias an\u00f4nimas e informa\u00e7\u00f5es sobre pontos de tr\u00e1fico de drogas podem ser feitas pelo Disque Den\u00fancia 181, ou pelo fone (18) 3821 3753, da Delegacia de Investiga\u00e7\u00e3o Sobre Entorpecentes. O sigilo e o anonimato s\u00e3o garantidos.<\/p>\n<p style=\"text-align: justify;\">Fonte: Com. Social Pol\u00edcia Civil<\/p>\n","protected":false},"excerpt":{"rendered":"<p>Na a\u00e7\u00e3o no im\u00f3vel do acusado foram apreendidas drogas, materiais para embalar entorpecentes e um celular. A Pol\u00edcia Civil, por interm\u00e9dio das Unidades Especializadas (Delegacia de Investiga\u00e7\u00f5es Gerais &#8211; DIG e Delegacia de Investiga\u00e7\u00f5es Sobre Entorpecentes &#8211; DISE), nesta sexta-feira (11), cumpriu um mandado de busca e apreens\u00e3o e prendeu um homem, de 18 anos, [&hellip;]<\/p>\n","protected":false},"author":1,"featured_media":49149,"comment_status":"closed","ping_status":"open","sticky":false,"template":"","format":"standard","meta":{"footnotes":""},"categories":[110,2],"tags":[],"class_list":["post-49148","post","type-post","status-publish","format-standard","has-post-thumbnail","hentry","category-noticiasdestaque","category-policial"],"_links":{"self":[{"href":"https:\/\/jorgezanoni.com.br\/2019\/wp-json\/wp\/v2\/posts\/49148","targetHints":{"allow":["GET"]}}],"collection":[{"href":"https:\/\/jorgezanoni.com.br\/2019\/wp-json\/wp\/v2\/posts"}],"about":[{"href":"https:\/\/jorgezanoni.com.br\/2019\/wp-json\/wp\/v2\/types\/post"}],"author":[{"embeddable":true,"href":"https:\/\/jorgezanoni.com.br\/2019\/wp-json\/wp\/v2\/users\/1"}],"replies":[{"embeddable":true,"href":"https:\/\/jorgezanoni.com.br\/2019\/wp-json\/wp\/v2\/comments?post=49148"}],"version-history":[{"count":0,"href":"https:\/\/jorgezanoni.com.br\/2019\/wp-json\/wp\/v2\/posts\/49148\/revisions"}],"wp:featuredmedia":[{"embeddable":true,"href":"https:\/\/jorgezanoni.com.br\/2019\/wp-json\/wp\/v2\/media\/49149"}],"wp:attachment":[{"href":"https:\/\/jorgezanoni.com.br\/2019\/wp-json\/wp\/v2\/media?parent=49148"}],"wp:term":[{"taxonomy":"category","embeddable":true,"href":"https:\/\/jorgezanoni.com.br\/2019\/wp-json\/wp\/v2\/categories?post=49148"},{"taxonomy":"post_tag","embeddable":true,"href":"https:\/\/jorgezanoni.com.br\/2019\/wp-json\/wp\/v2\/tags?post=49148"}],"curies":[{"name":"wp","href":"https:\/\/api.w.org\/{rel}","templated":true}]}}