{"id":49103,"date":"2021-06-10T22:23:47","date_gmt":"2021-06-10T22:23:47","guid":{"rendered":"https:\/\/jorgezanoni.com.br\/2019\/?p=49103"},"modified":"2021-06-10T22:23:47","modified_gmt":"2021-06-10T22:23:47","slug":"policia-civil-realiza-palestra-telepresencial-com-universitarios-do-curso-de-pedagogia-em-junqueiropolis","status":"publish","type":"post","link":"https:\/\/jorgezanoni.com.br\/2019\/policia-civil-realiza-palestra-telepresencial-com-universitarios-do-curso-de-pedagogia-em-junqueiropolis\/","title":{"rendered":"Pol\u00edcia Civil realiza Palestra Telepresencial com Universit\u00e1rios do Curso de Pedagogia em Junqueir\u00f3polis"},"content":{"rendered":"<p style=\"text-align: justify;\">ONLINE: POL\u00cdCIA CIVIL REALIZA PALESTRA TELEPRESENCIAL COM UNIVERSIT\u00c1RIOS DO CURSO PEDAGOGIA EM JUNQUEIR\u00d3POLIS.<br \/>\nO evento virtual foi ministrado para alunos da disciplina \u201cEduca\u00e7\u00e3o e Sa\u00fade I\u201d, do curso de pedagogia, da Faculdade Reges de Junqueir\u00f3polis.<\/p>\n<p style=\"text-align: justify;\">A Pol\u00edcia Civil, por interm\u00e9dio da Delegacia Seccional de Pol\u00edcia de Dracena, realizou nesta quarta-feira (9), uma palestra telepresencial para alunos do curso de pedagogia, abordando o tema sobre preven\u00e7\u00e3o ao uso nocivo de drogas.<\/p>\n<p style=\"text-align: justify;\">A explana\u00e7\u00e3o fez parte do conte\u00fado ministrado para os estudantes, dentro da disciplina \u201cEduca\u00e7\u00e3o e Sa\u00fade I\u201d, que visa dar import\u00e2ncia ao debate desta tem\u00e1tica em ambientes escolares, e da mesma forma habilitando conhecimentos aos futuros profissionais da educa\u00e7\u00e3o.<\/p>\n<p style=\"text-align: justify;\">O convite partiu da prof.\u00aa Glaucia Elaine Costa, diretora da institui\u00e7\u00e3o de ensino, por solicita\u00e7\u00e3o da prof.\u00aa Mara Ruiz, titular da disciplina, com a finalidade de dar encerramento ao tema, em face de que posteriormente os discentes ir\u00e3o montar um projeto sobre preven\u00e7\u00e3o \u00e0s drogas.<\/p>\n<p style=\"text-align: justify;\">A apresenta\u00e7\u00e3o usando a plataforma virtual ficou a cargo do agente policial Reginaldo Rosa, que abordou sobre a origem, tipos, esp\u00e9cies de drogas e sobre suas consequ\u00eancias. Ressaltou tamb\u00e9m que a preven\u00e7\u00e3o e detec\u00e7\u00e3o precoce s\u00e3o fundamentais, pois o uso de drogas no meio estudantil cresce a cada dia, tornando-se imprescind\u00edvel sua abordagem no contexto escolar, resultando uma melhor integra\u00e7\u00e3o do assunto entre escola e fam\u00edlia.<\/p>\n<p style=\"text-align: justify;\">Ap\u00f3s houve bate-papo com perguntas e respostas. E a professora Mara Ruiz teceu as considera\u00e7\u00f5es finais e, em nome da Faculdade de Junqueir\u00f3polis, agradeceu parceria com a Pol\u00edcia Civil.<\/p>\n<p><img loading=\"lazy\" decoding=\"async\" class=\"alignnone size-full wp-image-49104\" src=\"https:\/\/jorgezanoni.com.br\/2019\/wp-content\/uploads\/2021\/06\/civil.jpg\" alt=\"\" width=\"1268\" height=\"525\" srcset=\"https:\/\/jorgezanoni.com.br\/2019\/wp-content\/uploads\/2021\/06\/civil.jpg 1268w, https:\/\/jorgezanoni.com.br\/2019\/wp-content\/uploads\/2021\/06\/civil-300x124.jpg 300w, https:\/\/jorgezanoni.com.br\/2019\/wp-content\/uploads\/2021\/06\/civil-1024x424.jpg 1024w, https:\/\/jorgezanoni.com.br\/2019\/wp-content\/uploads\/2021\/06\/civil-768x318.jpg 768w, https:\/\/jorgezanoni.com.br\/2019\/wp-content\/uploads\/2021\/06\/civil-696x288.jpg 696w, https:\/\/jorgezanoni.com.br\/2019\/wp-content\/uploads\/2021\/06\/civil-1068x442.jpg 1068w, https:\/\/jorgezanoni.com.br\/2019\/wp-content\/uploads\/2021\/06\/civil-1014x420.jpg 1014w\" sizes=\"auto, (max-width: 1268px) 100vw, 1268px\" \/> <img loading=\"lazy\" decoding=\"async\" class=\"alignnone size-full wp-image-49105\" src=\"https:\/\/jorgezanoni.com.br\/2019\/wp-content\/uploads\/2021\/06\/civil1.jpg\" alt=\"\" width=\"1267\" height=\"532\" srcset=\"https:\/\/jorgezanoni.com.br\/2019\/wp-content\/uploads\/2021\/06\/civil1.jpg 1267w, https:\/\/jorgezanoni.com.br\/2019\/wp-content\/uploads\/2021\/06\/civil1-300x126.jpg 300w, https:\/\/jorgezanoni.com.br\/2019\/wp-content\/uploads\/2021\/06\/civil1-1024x430.jpg 1024w, https:\/\/jorgezanoni.com.br\/2019\/wp-content\/uploads\/2021\/06\/civil1-768x322.jpg 768w, https:\/\/jorgezanoni.com.br\/2019\/wp-content\/uploads\/2021\/06\/civil1-696x292.jpg 696w, https:\/\/jorgezanoni.com.br\/2019\/wp-content\/uploads\/2021\/06\/civil1-1068x448.jpg 1068w, https:\/\/jorgezanoni.com.br\/2019\/wp-content\/uploads\/2021\/06\/civil1-1000x420.jpg 1000w\" sizes=\"auto, (max-width: 1267px) 100vw, 1267px\" \/><\/p>\n<p style=\"text-align: justify;\">Com. Social Pol\u00edcia Civil<\/p>\n","protected":false},"excerpt":{"rendered":"<p>ONLINE: POL\u00cdCIA CIVIL REALIZA PALESTRA TELEPRESENCIAL COM UNIVERSIT\u00c1RIOS DO CURSO PEDAGOGIA EM JUNQUEIR\u00d3POLIS. O evento virtual foi ministrado para alunos da disciplina \u201cEduca\u00e7\u00e3o e Sa\u00fade I\u201d, do curso de pedagogia, da Faculdade Reges de Junqueir\u00f3polis. A Pol\u00edcia Civil, por interm\u00e9dio da Delegacia Seccional de Pol\u00edcia de Dracena, realizou nesta quarta-feira (9), uma palestra telepresencial para [&hellip;]<\/p>\n","protected":false},"author":1,"featured_media":49106,"comment_status":"closed","ping_status":"open","sticky":false,"template":"","format":"standard","meta":{"footnotes":""},"categories":[110,2],"tags":[],"class_list":["post-49103","post","type-post","status-publish","format-standard","has-post-thumbnail","hentry","category-noticiasdestaque","category-policial"],"_links":{"self":[{"href":"https:\/\/jorgezanoni.com.br\/2019\/wp-json\/wp\/v2\/posts\/49103","targetHints":{"allow":["GET"]}}],"collection":[{"href":"https:\/\/jorgezanoni.com.br\/2019\/wp-json\/wp\/v2\/posts"}],"about":[{"href":"https:\/\/jorgezanoni.com.br\/2019\/wp-json\/wp\/v2\/types\/post"}],"author":[{"embeddable":true,"href":"https:\/\/jorgezanoni.com.br\/2019\/wp-json\/wp\/v2\/users\/1"}],"replies":[{"embeddable":true,"href":"https:\/\/jorgezanoni.com.br\/2019\/wp-json\/wp\/v2\/comments?post=49103"}],"version-history":[{"count":0,"href":"https:\/\/jorgezanoni.com.br\/2019\/wp-json\/wp\/v2\/posts\/49103\/revisions"}],"wp:featuredmedia":[{"embeddable":true,"href":"https:\/\/jorgezanoni.com.br\/2019\/wp-json\/wp\/v2\/media\/49106"}],"wp:attachment":[{"href":"https:\/\/jorgezanoni.com.br\/2019\/wp-json\/wp\/v2\/media?parent=49103"}],"wp:term":[{"taxonomy":"category","embeddable":true,"href":"https:\/\/jorgezanoni.com.br\/2019\/wp-json\/wp\/v2\/categories?post=49103"},{"taxonomy":"post_tag","embeddable":true,"href":"https:\/\/jorgezanoni.com.br\/2019\/wp-json\/wp\/v2\/tags?post=49103"}],"curies":[{"name":"wp","href":"https:\/\/api.w.org\/{rel}","templated":true}]}}