{"id":49089,"date":"2021-06-10T15:33:05","date_gmt":"2021-06-10T15:33:05","guid":{"rendered":"https:\/\/jorgezanoni.com.br\/2019\/?p=49089"},"modified":"2021-06-10T16:04:59","modified_gmt":"2021-06-10T16:04:59","slug":"caso-sara-scarabelli-diretorio-municipal-do-psdb-de-dracena-contribui-com-pedido-de-representacao","status":"publish","type":"post","link":"https:\/\/jorgezanoni.com.br\/2019\/caso-sara-scarabelli-diretorio-municipal-do-psdb-de-dracena-contribui-com-pedido-de-representacao\/","title":{"rendered":"CASO SARA SCARABELLI: Diret\u00f3rio Municipal do PSDB de Dracena contribui com pedido de Representa\u00e7\u00e3o"},"content":{"rendered":"<p style=\"text-align: justify;\">O Diret\u00f3rio Municipal do PSDB de Dracena presidido por M\u00e1rio Leite Buccironi, contribuiu em corroborar com a representa\u00e7\u00e3o proposta pelo vereador Davi Fernando da Silva, e pelo cidad\u00e3o Bruno Bradino em tramite processual na C\u00e2mara Municipal de Dracena.<\/p>\n<p style=\"text-align: justify;\">Veja a \u00edntegra do pedido protocalado na manh\u00e3 de hoje (10), na C\u00e2mara de Dracena.<\/p>\n<p style=\"text-align: justify;\"><img loading=\"lazy\" decoding=\"async\" class=\"alignnone size-full wp-image-49090\" src=\"https:\/\/jorgezanoni.com.br\/2019\/wp-content\/uploads\/2021\/06\/Mario.jpg\" alt=\"\" width=\"540\" height=\"824\" srcset=\"https:\/\/jorgezanoni.com.br\/2019\/wp-content\/uploads\/2021\/06\/Mario.jpg 540w, https:\/\/jorgezanoni.com.br\/2019\/wp-content\/uploads\/2021\/06\/Mario-197x300.jpg 197w, https:\/\/jorgezanoni.com.br\/2019\/wp-content\/uploads\/2021\/06\/Mario-275x420.jpg 275w\" sizes=\"auto, (max-width: 540px) 100vw, 540px\" \/><\/p>\n","protected":false},"excerpt":{"rendered":"<p>O Diret\u00f3rio Municipal do PSDB de Dracena presidido por M\u00e1rio Leite Buccironi, contribuiu em corroborar com a representa\u00e7\u00e3o proposta pelo vereador Davi Fernando da Silva, e pelo cidad\u00e3o Bruno Bradino em tramite processual na C\u00e2mara Municipal de Dracena. Veja a \u00edntegra do pedido protocalado na manh\u00e3 de hoje (10), na C\u00e2mara de Dracena.<\/p>\n","protected":false},"author":1,"featured_media":49096,"comment_status":"closed","ping_status":"open","sticky":false,"template":"","format":"standard","meta":{"footnotes":""},"categories":[110,116],"tags":[],"class_list":["post-49089","post","type-post","status-publish","format-standard","has-post-thumbnail","hentry","category-noticiasdestaque","category-politicaeeconomia"],"_links":{"self":[{"href":"https:\/\/jorgezanoni.com.br\/2019\/wp-json\/wp\/v2\/posts\/49089","targetHints":{"allow":["GET"]}}],"collection":[{"href":"https:\/\/jorgezanoni.com.br\/2019\/wp-json\/wp\/v2\/posts"}],"about":[{"href":"https:\/\/jorgezanoni.com.br\/2019\/wp-json\/wp\/v2\/types\/post"}],"author":[{"embeddable":true,"href":"https:\/\/jorgezanoni.com.br\/2019\/wp-json\/wp\/v2\/users\/1"}],"replies":[{"embeddable":true,"href":"https:\/\/jorgezanoni.com.br\/2019\/wp-json\/wp\/v2\/comments?post=49089"}],"version-history":[{"count":0,"href":"https:\/\/jorgezanoni.com.br\/2019\/wp-json\/wp\/v2\/posts\/49089\/revisions"}],"wp:featuredmedia":[{"embeddable":true,"href":"https:\/\/jorgezanoni.com.br\/2019\/wp-json\/wp\/v2\/media\/49096"}],"wp:attachment":[{"href":"https:\/\/jorgezanoni.com.br\/2019\/wp-json\/wp\/v2\/media?parent=49089"}],"wp:term":[{"taxonomy":"category","embeddable":true,"href":"https:\/\/jorgezanoni.com.br\/2019\/wp-json\/wp\/v2\/categories?post=49089"},{"taxonomy":"post_tag","embeddable":true,"href":"https:\/\/jorgezanoni.com.br\/2019\/wp-json\/wp\/v2\/tags?post=49089"}],"curies":[{"name":"wp","href":"https:\/\/api.w.org\/{rel}","templated":true}]}}