{"id":49077,"date":"2021-06-10T14:43:25","date_gmt":"2021-06-10T14:43:25","guid":{"rendered":"https:\/\/jorgezanoni.com.br\/2019\/?p=49077"},"modified":"2021-06-10T14:59:45","modified_gmt":"2021-06-10T14:59:45","slug":"aniversariantes-do-dia-10-06-21","status":"publish","type":"post","link":"https:\/\/jorgezanoni.com.br\/2019\/aniversariantes-do-dia-10-06-21\/","title":{"rendered":"Aniversariantes do Dia 10\/06\/21"},"content":{"rendered":"<p>PARABENIZAMOS OS ANIVERSARIANTES DE HOJE:<\/p>\n<p><img loading=\"lazy\" decoding=\"async\" class=\"alignnone size-full wp-image-49079\" src=\"https:\/\/jorgezanoni.com.br\/2019\/wp-content\/uploads\/2021\/06\/Aline-Pereira-1.jpg\" alt=\"\" width=\"1440\" height=\"1440\" srcset=\"https:\/\/jorgezanoni.com.br\/2019\/wp-content\/uploads\/2021\/06\/Aline-Pereira-1.jpg 1440w, https:\/\/jorgezanoni.com.br\/2019\/wp-content\/uploads\/2021\/06\/Aline-Pereira-1-300x300.jpg 300w, https:\/\/jorgezanoni.com.br\/2019\/wp-content\/uploads\/2021\/06\/Aline-Pereira-1-1024x1024.jpg 1024w, https:\/\/jorgezanoni.com.br\/2019\/wp-content\/uploads\/2021\/06\/Aline-Pereira-1-150x150.jpg 150w, https:\/\/jorgezanoni.com.br\/2019\/wp-content\/uploads\/2021\/06\/Aline-Pereira-1-768x768.jpg 768w, https:\/\/jorgezanoni.com.br\/2019\/wp-content\/uploads\/2021\/06\/Aline-Pereira-1-696x696.jpg 696w, https:\/\/jorgezanoni.com.br\/2019\/wp-content\/uploads\/2021\/06\/Aline-Pereira-1-1068x1068.jpg 1068w, https:\/\/jorgezanoni.com.br\/2019\/wp-content\/uploads\/2021\/06\/Aline-Pereira-1-420x420.jpg 420w\" sizes=\"auto, (max-width: 1440px) 100vw, 1440px\" \/>Aline Pereira<\/p>\n<p><img loading=\"lazy\" decoding=\"async\" class=\"alignnone size-full wp-image-49080\" src=\"https:\/\/jorgezanoni.com.br\/2019\/wp-content\/uploads\/2021\/06\/Ana-Paula-2.jpg\" alt=\"\" width=\"1783\" height=\"1975\" srcset=\"https:\/\/jorgezanoni.com.br\/2019\/wp-content\/uploads\/2021\/06\/Ana-Paula-2.jpg 1783w, https:\/\/jorgezanoni.com.br\/2019\/wp-content\/uploads\/2021\/06\/Ana-Paula-2-271x300.jpg 271w, https:\/\/jorgezanoni.com.br\/2019\/wp-content\/uploads\/2021\/06\/Ana-Paula-2-924x1024.jpg 924w, https:\/\/jorgezanoni.com.br\/2019\/wp-content\/uploads\/2021\/06\/Ana-Paula-2-768x851.jpg 768w, https:\/\/jorgezanoni.com.br\/2019\/wp-content\/uploads\/2021\/06\/Ana-Paula-2-1387x1536.jpg 1387w, https:\/\/jorgezanoni.com.br\/2019\/wp-content\/uploads\/2021\/06\/Ana-Paula-2-696x771.jpg 696w, https:\/\/jorgezanoni.com.br\/2019\/wp-content\/uploads\/2021\/06\/Ana-Paula-2-1068x1183.jpg 1068w, https:\/\/jorgezanoni.com.br\/2019\/wp-content\/uploads\/2021\/06\/Ana-Paula-2-379x420.jpg 379w\" sizes=\"auto, (max-width: 1783px) 100vw, 1783px\" \/>Ana Paula<\/p>\n<p><img loading=\"lazy\" decoding=\"async\" class=\"alignnone size-full wp-image-49081\" src=\"https:\/\/jorgezanoni.com.br\/2019\/wp-content\/uploads\/2021\/06\/Carol-Franzoni.jpg\" alt=\"\" width=\"1080\" height=\"1080\" srcset=\"https:\/\/jorgezanoni.com.br\/2019\/wp-content\/uploads\/2021\/06\/Carol-Franzoni.jpg 1080w, https:\/\/jorgezanoni.com.br\/2019\/wp-content\/uploads\/2021\/06\/Carol-Franzoni-300x300.jpg 300w, https:\/\/jorgezanoni.com.br\/2019\/wp-content\/uploads\/2021\/06\/Carol-Franzoni-1024x1024.jpg 1024w, https:\/\/jorgezanoni.com.br\/2019\/wp-content\/uploads\/2021\/06\/Carol-Franzoni-150x150.jpg 150w, https:\/\/jorgezanoni.com.br\/2019\/wp-content\/uploads\/2021\/06\/Carol-Franzoni-768x768.jpg 768w, https:\/\/jorgezanoni.com.br\/2019\/wp-content\/uploads\/2021\/06\/Carol-Franzoni-696x696.jpg 696w, https:\/\/jorgezanoni.com.br\/2019\/wp-content\/uploads\/2021\/06\/Carol-Franzoni-1068x1068.jpg 1068w, https:\/\/jorgezanoni.com.br\/2019\/wp-content\/uploads\/2021\/06\/Carol-Franzoni-420x420.jpg 420w\" sizes=\"auto, (max-width: 1080px) 100vw, 1080px\" \/>Carol Franzoni<\/p>\n<p><img loading=\"lazy\" decoding=\"async\" class=\"alignnone size-full wp-image-49082\" src=\"https:\/\/jorgezanoni.com.br\/2019\/wp-content\/uploads\/2021\/06\/Carol-Rodrigues-Pereira-2.jpg\" alt=\"\" width=\"536\" height=\"888\" srcset=\"https:\/\/jorgezanoni.com.br\/2019\/wp-content\/uploads\/2021\/06\/Carol-Rodrigues-Pereira-2.jpg 536w, https:\/\/jorgezanoni.com.br\/2019\/wp-content\/uploads\/2021\/06\/Carol-Rodrigues-Pereira-2-181x300.jpg 181w, https:\/\/jorgezanoni.com.br\/2019\/wp-content\/uploads\/2021\/06\/Carol-Rodrigues-Pereira-2-254x420.jpg 254w\" sizes=\"auto, (max-width: 536px) 100vw, 536px\" \/>Carol Rodrigues Pereira<\/p>\n<p><img loading=\"lazy\" decoding=\"async\" class=\"alignnone size-full wp-image-49083\" src=\"https:\/\/jorgezanoni.com.br\/2019\/wp-content\/uploads\/2021\/06\/Edna-Maria-Pereira-2.jpg\" alt=\"\" width=\"618\" height=\"1194\" srcset=\"https:\/\/jorgezanoni.com.br\/2019\/wp-content\/uploads\/2021\/06\/Edna-Maria-Pereira-2.jpg 618w, https:\/\/jorgezanoni.com.br\/2019\/wp-content\/uploads\/2021\/06\/Edna-Maria-Pereira-2-155x300.jpg 155w, https:\/\/jorgezanoni.com.br\/2019\/wp-content\/uploads\/2021\/06\/Edna-Maria-Pereira-2-530x1024.jpg 530w, https:\/\/jorgezanoni.com.br\/2019\/wp-content\/uploads\/2021\/06\/Edna-Maria-Pereira-2-217x420.jpg 217w\" sizes=\"auto, (max-width: 618px) 100vw, 618px\" \/>Edna Maria Pereira<\/p>\n<p><img loading=\"lazy\" decoding=\"async\" class=\"alignnone size-full wp-image-49084\" src=\"https:\/\/jorgezanoni.com.br\/2019\/wp-content\/uploads\/2021\/06\/Eliana-Falc\u00e3o-Feliciano-2.jpg\" alt=\"\" width=\"1468\" height=\"1536\" srcset=\"https:\/\/jorgezanoni.com.br\/2019\/wp-content\/uploads\/2021\/06\/Eliana-Falc\u00e3o-Feliciano-2.jpg 1468w, https:\/\/jorgezanoni.com.br\/2019\/wp-content\/uploads\/2021\/06\/Eliana-Falc\u00e3o-Feliciano-2-287x300.jpg 287w, https:\/\/jorgezanoni.com.br\/2019\/wp-content\/uploads\/2021\/06\/Eliana-Falc\u00e3o-Feliciano-2-979x1024.jpg 979w, https:\/\/jorgezanoni.com.br\/2019\/wp-content\/uploads\/2021\/06\/Eliana-Falc\u00e3o-Feliciano-2-768x804.jpg 768w, https:\/\/jorgezanoni.com.br\/2019\/wp-content\/uploads\/2021\/06\/Eliana-Falc\u00e3o-Feliciano-2-696x728.jpg 696w, https:\/\/jorgezanoni.com.br\/2019\/wp-content\/uploads\/2021\/06\/Eliana-Falc\u00e3o-Feliciano-2-1068x1117.jpg 1068w, https:\/\/jorgezanoni.com.br\/2019\/wp-content\/uploads\/2021\/06\/Eliana-Falc\u00e3o-Feliciano-2-401x420.jpg 401w\" sizes=\"auto, (max-width: 1468px) 100vw, 1468px\" \/>Eliana Falc\u00e3o Feliciano<\/p>\n<p><img loading=\"lazy\" decoding=\"async\" class=\"alignnone size-full wp-image-49085\" src=\"https:\/\/jorgezanoni.com.br\/2019\/wp-content\/uploads\/2021\/06\/Lucia-Karino-2.jpg\" alt=\"\" width=\"664\" height=\"959\" srcset=\"https:\/\/jorgezanoni.com.br\/2019\/wp-content\/uploads\/2021\/06\/Lucia-Karino-2.jpg 664w, https:\/\/jorgezanoni.com.br\/2019\/wp-content\/uploads\/2021\/06\/Lucia-Karino-2-208x300.jpg 208w, https:\/\/jorgezanoni.com.br\/2019\/wp-content\/uploads\/2021\/06\/Lucia-Karino-2-291x420.jpg 291w\" sizes=\"auto, (max-width: 664px) 100vw, 664px\" \/>Lucia Karino<\/p>\n<p><img loading=\"lazy\" decoding=\"async\" class=\"alignnone size-full wp-image-49086\" src=\"https:\/\/jorgezanoni.com.br\/2019\/wp-content\/uploads\/2021\/06\/Maria-Jos\u00e9-Silva.jpg\" alt=\"\" width=\"526\" height=\"701\" srcset=\"https:\/\/jorgezanoni.com.br\/2019\/wp-content\/uploads\/2021\/06\/Maria-Jos\u00e9-Silva.jpg 526w, https:\/\/jorgezanoni.com.br\/2019\/wp-content\/uploads\/2021\/06\/Maria-Jos\u00e9-Silva-225x300.jpg 225w, https:\/\/jorgezanoni.com.br\/2019\/wp-content\/uploads\/2021\/06\/Maria-Jos\u00e9-Silva-315x420.jpg 315w\" sizes=\"auto, (max-width: 526px) 100vw, 526px\" \/>Maria Jos\u00e9 Silva<\/p>\n<p><img loading=\"lazy\" decoding=\"async\" class=\"alignnone size-full wp-image-49087\" src=\"https:\/\/jorgezanoni.com.br\/2019\/wp-content\/uploads\/2021\/06\/Rosirley-Parussolo-2.jpg\" alt=\"\" width=\"720\" height=\"876\" srcset=\"https:\/\/jorgezanoni.com.br\/2019\/wp-content\/uploads\/2021\/06\/Rosirley-Parussolo-2.jpg 720w, https:\/\/jorgezanoni.com.br\/2019\/wp-content\/uploads\/2021\/06\/Rosirley-Parussolo-2-247x300.jpg 247w, https:\/\/jorgezanoni.com.br\/2019\/wp-content\/uploads\/2021\/06\/Rosirley-Parussolo-2-696x847.jpg 696w, https:\/\/jorgezanoni.com.br\/2019\/wp-content\/uploads\/2021\/06\/Rosirley-Parussolo-2-345x420.jpg 345w\" sizes=\"auto, (max-width: 720px) 100vw, 720px\" \/>Rosirley Par\u00fassolo<\/p>\n","protected":false},"excerpt":{"rendered":"<p>PARABENIZAMOS OS ANIVERSARIANTES DE HOJE: Aline Pereira Ana Paula Carol Franzoni Carol Rodrigues Pereira Edna Maria Pereira Eliana Falc\u00e3o Feliciano Lucia Karino Maria Jos\u00e9 Silva Rosirley Par\u00fassolo<\/p>\n","protected":false},"author":1,"featured_media":49085,"comment_status":"closed","ping_status":"open","sticky":false,"template":"","format":"standard","meta":{"footnotes":""},"categories":[174],"tags":[],"class_list":["post-49077","post","type-post","status-publish","format-standard","has-post-thumbnail","hentry","category-aniversariantes"],"_links":{"self":[{"href":"https:\/\/jorgezanoni.com.br\/2019\/wp-json\/wp\/v2\/posts\/49077","targetHints":{"allow":["GET"]}}],"collection":[{"href":"https:\/\/jorgezanoni.com.br\/2019\/wp-json\/wp\/v2\/posts"}],"about":[{"href":"https:\/\/jorgezanoni.com.br\/2019\/wp-json\/wp\/v2\/types\/post"}],"author":[{"embeddable":true,"href":"https:\/\/jorgezanoni.com.br\/2019\/wp-json\/wp\/v2\/users\/1"}],"replies":[{"embeddable":true,"href":"https:\/\/jorgezanoni.com.br\/2019\/wp-json\/wp\/v2\/comments?post=49077"}],"version-history":[{"count":0,"href":"https:\/\/jorgezanoni.com.br\/2019\/wp-json\/wp\/v2\/posts\/49077\/revisions"}],"wp:featuredmedia":[{"embeddable":true,"href":"https:\/\/jorgezanoni.com.br\/2019\/wp-json\/wp\/v2\/media\/49085"}],"wp:attachment":[{"href":"https:\/\/jorgezanoni.com.br\/2019\/wp-json\/wp\/v2\/media?parent=49077"}],"wp:term":[{"taxonomy":"category","embeddable":true,"href":"https:\/\/jorgezanoni.com.br\/2019\/wp-json\/wp\/v2\/categories?post=49077"},{"taxonomy":"post_tag","embeddable":true,"href":"https:\/\/jorgezanoni.com.br\/2019\/wp-json\/wp\/v2\/tags?post=49077"}],"curies":[{"name":"wp","href":"https:\/\/api.w.org\/{rel}","templated":true}]}}