{"id":49054,"date":"2021-06-09T21:31:03","date_gmt":"2021-06-09T21:31:03","guid":{"rendered":"https:\/\/jorgezanoni.com.br\/2019\/?p=49054"},"modified":"2021-06-09T21:31:03","modified_gmt":"2021-06-09T21:31:03","slug":"trechos-das-ruas-irradiacao-e-tome-de-souza-sao-pavimentados","status":"publish","type":"post","link":"https:\/\/jorgezanoni.com.br\/2019\/trechos-das-ruas-irradiacao-e-tome-de-souza-sao-pavimentados\/","title":{"rendered":"Trechos\u00a0das\u00a0Ruas\u00a0Irradia\u00e7\u00e3o\u00a0e\u00a0Tom\u00e9\u00a0de\u00a0Souza\u00a0s\u00e3o\u00a0pavimentados"},"content":{"rendered":"<p style=\"text-align: justify;\">Nesta semana, antes do per\u00edodo chuvoso, a equipe da EMDAEP realizou a pavimenta\u00e7\u00e3o de trechos das Ruas Irradia\u00e7\u00e3o e Tom\u00e9 de Souza, na Vila Luc\u00e9lia. O local far\u00e1 a interliga\u00e7\u00e3o do centro com bairros.<br \/>\nO investimento \u00e9 de R$ 133.334,37, com 1.819 de asfalto executado pela empresa municipal contratada pela Prefeitura<br \/>\nA EMDAEP trabalha tamb\u00e9m nos servi\u00e7os de pavimenta\u00e7\u00e3o do prolongamento da Rua Alu\u00edsio Azevedo e da Estrada Jos\u00e9 Mazoni, acesso ao Bairro Santa Luzia.<\/p>\n<p style=\"text-align: justify;\"><img loading=\"lazy\" decoding=\"async\" class=\"alignnone size-full wp-image-49055\" src=\"https:\/\/jorgezanoni.com.br\/2019\/wp-content\/uploads\/2021\/06\/Rua-Irradia\u00e7\u00e3o-7-de-junho-1.jpg\" alt=\"\" width=\"1024\" height=\"756\" srcset=\"https:\/\/jorgezanoni.com.br\/2019\/wp-content\/uploads\/2021\/06\/Rua-Irradia\u00e7\u00e3o-7-de-junho-1.jpg 1024w, https:\/\/jorgezanoni.com.br\/2019\/wp-content\/uploads\/2021\/06\/Rua-Irradia\u00e7\u00e3o-7-de-junho-1-300x221.jpg 300w, https:\/\/jorgezanoni.com.br\/2019\/wp-content\/uploads\/2021\/06\/Rua-Irradia\u00e7\u00e3o-7-de-junho-1-768x567.jpg 768w, https:\/\/jorgezanoni.com.br\/2019\/wp-content\/uploads\/2021\/06\/Rua-Irradia\u00e7\u00e3o-7-de-junho-1-80x60.jpg 80w, https:\/\/jorgezanoni.com.br\/2019\/wp-content\/uploads\/2021\/06\/Rua-Irradia\u00e7\u00e3o-7-de-junho-1-696x514.jpg 696w, https:\/\/jorgezanoni.com.br\/2019\/wp-content\/uploads\/2021\/06\/Rua-Irradia\u00e7\u00e3o-7-de-junho-1-569x420.jpg 569w\" sizes=\"auto, (max-width: 1024px) 100vw, 1024px\" \/> <img loading=\"lazy\" decoding=\"async\" class=\"alignnone size-full wp-image-49057\" src=\"https:\/\/jorgezanoni.com.br\/2019\/wp-content\/uploads\/2021\/06\/Rua-Tom\u00e9-de-Souza-7-de-junho-2.jpg\" alt=\"\" width=\"770\" height=\"768\" srcset=\"https:\/\/jorgezanoni.com.br\/2019\/wp-content\/uploads\/2021\/06\/Rua-Tom\u00e9-de-Souza-7-de-junho-2.jpg 770w, https:\/\/jorgezanoni.com.br\/2019\/wp-content\/uploads\/2021\/06\/Rua-Tom\u00e9-de-Souza-7-de-junho-2-300x300.jpg 300w, https:\/\/jorgezanoni.com.br\/2019\/wp-content\/uploads\/2021\/06\/Rua-Tom\u00e9-de-Souza-7-de-junho-2-150x150.jpg 150w, https:\/\/jorgezanoni.com.br\/2019\/wp-content\/uploads\/2021\/06\/Rua-Tom\u00e9-de-Souza-7-de-junho-2-768x766.jpg 768w, https:\/\/jorgezanoni.com.br\/2019\/wp-content\/uploads\/2021\/06\/Rua-Tom\u00e9-de-Souza-7-de-junho-2-696x694.jpg 696w, https:\/\/jorgezanoni.com.br\/2019\/wp-content\/uploads\/2021\/06\/Rua-Tom\u00e9-de-Souza-7-de-junho-2-421x420.jpg 421w\" sizes=\"auto, (max-width: 770px) 100vw, 770px\" \/><\/p>\n<p>Ass.\u00a0Rela\u00e7\u00f5es\u00a0P\u00fablicas\u00a0da\u00a0EMDAEP<\/p>\n","protected":false},"excerpt":{"rendered":"<p>Nesta semana, antes do per\u00edodo chuvoso, a equipe da EMDAEP realizou a pavimenta\u00e7\u00e3o de trechos das Ruas Irradia\u00e7\u00e3o e Tom\u00e9 de Souza, na Vila Luc\u00e9lia. O local far\u00e1 a interliga\u00e7\u00e3o do centro com bairros. O investimento \u00e9 de R$ 133.334,37, com 1.819 de asfalto executado pela empresa municipal contratada pela Prefeitura A EMDAEP trabalha tamb\u00e9m [&hellip;]<\/p>\n","protected":false},"author":1,"featured_media":49056,"comment_status":"closed","ping_status":"open","sticky":false,"template":"","format":"standard","meta":{"footnotes":""},"categories":[179,184,110],"tags":[],"class_list":["post-49054","post","type-post","status-publish","format-standard","has-post-thumbnail","hentry","category-cidadeseregiao","category-dracena","category-noticiasdestaque"],"_links":{"self":[{"href":"https:\/\/jorgezanoni.com.br\/2019\/wp-json\/wp\/v2\/posts\/49054","targetHints":{"allow":["GET"]}}],"collection":[{"href":"https:\/\/jorgezanoni.com.br\/2019\/wp-json\/wp\/v2\/posts"}],"about":[{"href":"https:\/\/jorgezanoni.com.br\/2019\/wp-json\/wp\/v2\/types\/post"}],"author":[{"embeddable":true,"href":"https:\/\/jorgezanoni.com.br\/2019\/wp-json\/wp\/v2\/users\/1"}],"replies":[{"embeddable":true,"href":"https:\/\/jorgezanoni.com.br\/2019\/wp-json\/wp\/v2\/comments?post=49054"}],"version-history":[{"count":0,"href":"https:\/\/jorgezanoni.com.br\/2019\/wp-json\/wp\/v2\/posts\/49054\/revisions"}],"wp:featuredmedia":[{"embeddable":true,"href":"https:\/\/jorgezanoni.com.br\/2019\/wp-json\/wp\/v2\/media\/49056"}],"wp:attachment":[{"href":"https:\/\/jorgezanoni.com.br\/2019\/wp-json\/wp\/v2\/media?parent=49054"}],"wp:term":[{"taxonomy":"category","embeddable":true,"href":"https:\/\/jorgezanoni.com.br\/2019\/wp-json\/wp\/v2\/categories?post=49054"},{"taxonomy":"post_tag","embeddable":true,"href":"https:\/\/jorgezanoni.com.br\/2019\/wp-json\/wp\/v2\/tags?post=49054"}],"curies":[{"name":"wp","href":"https:\/\/api.w.org\/{rel}","templated":true}]}}