{"id":49048,"date":"2021-06-09T20:15:06","date_gmt":"2021-06-09T20:15:06","guid":{"rendered":"https:\/\/jorgezanoni.com.br\/2019\/?p=49048"},"modified":"2021-06-09T20:16:48","modified_gmt":"2021-06-09T20:16:48","slug":"docente-da-unifai-defente-tese-de-doutorado-em-direito","status":"publish","type":"post","link":"https:\/\/jorgezanoni.com.br\/2019\/docente-da-unifai-defente-tese-de-doutorado-em-direito\/","title":{"rendered":"Docente da UNIFAI defende Tese de Doutorado em Direito"},"content":{"rendered":"<p style=\"text-align: justify;\"><strong><em>\u201cTodos esses princ\u00edpios elencados emanam do car\u00e1ter human\u00edstico da Carta Magna de 1.988, traduzindo na norma jur\u00eddica os anseios por um Pa\u00eds mais justo e igualit\u00e1rio.\u201d (ATR)<\/em><\/strong><\/p>\n<p style=\"text-align: justify;\"><strong><em>S\u00e9rgio Barbosa (*)<\/em><\/strong><\/p>\n<p style=\"text-align: justify;\">A busca pela qualifica\u00e7\u00e3o Acad\u00eamica se faz necess\u00e1ria\u00a0 para o desenvolvimento das atividades relacionadas com \u00e1reas afins aos interesses da TITULA\u00c7\u00c3O, bem como, tendo em vista a Estrutura Pedag\u00f3gica da UNIFAI com\u00a0 Docentes titulados como Mestres\/as e Doutores\/as&#8230;<\/p>\n<p style=\"text-align: justify;\">Tendo como objetivo principal a busca pelo CONHECIMENTO, tamb\u00e9m, projetando OFERECER para a COMUNIDADE em geral uma PROPOSTA de acordo com as NECESSIDADES do SER HUMANO para uma INTEGRALIZA\u00c7\u00c3O com a sociedade, ocorreu a DEFESA DE TESE DE DOUTORADO do Professor ALCEU TEIXEIRA ROCHA, realizada no dia 30 de Mar\u00e7o, a partir das 14h, via PLATAFORMA ON-LINE com CHANCELA ACAD\u00caMICA da UNIMAR-Universidade de Mar\u00edlia&#8230;<\/p>\n<p style=\"text-align: justify;\">ALCEU apresentou um trabalho com o tema, a saber: A DESONERA\u00c7\u00c3O FINANCEIRA PREVIDENCI\u00c1RIA PELO INCENTIVO \u00c0 REALIZA\u00c7\u00c3O DO CONTRATO DE TRABALHO DA PESSOA COM DEFICI\u00caNCIA com orienta\u00e7\u00e3o acad\u00eamica da Profa. Dra. MARIANA RIBEIRO SANTIAGO e tendo como co-orientador, o Prof. Dr. JEFFERSON APARECIDO DIAS&#8230;<\/p>\n<p style=\"text-align: justify;\">A TESE foi submetida para APROVA\u00c7\u00c3O como requisito para obten\u00e7\u00e3o do T\u00cdTULO DE DOUTOR EM DIREITO no Programa de Doutorado em Direito da UNIMAR e tendo como \u00c1rea de Concentra\u00e7\u00e3o EMPREENDIMENTOS ECON\u00d5MICOS, DESENVOLVIMENTO E MUDAN\u00c7AS&#8230;<\/p>\n<p style=\"text-align: justify;\"><strong>Apresenta\u00e7\u00e3o e Aprova\u00e7\u00e3o<\/strong><\/p>\n<p style=\"text-align: justify;\">Na BANCA EXAMIDORA constitu\u00edda para a DEFESA do professor ALCEU ROCHA, al\u00e9m da Profa. Dra. MARIANA SANTIAGO (Orientadora) e do Prof. Dr. JEFFERSON DIAS (Co-orientador); os DOCENTES, a saber: Prof. Dr. Jonathan Barros Vita; Prof. Dr. Elias Marques de Medeiros Neto; Profa. Dra. Maria Garcia e Prof. Dr. Marcelo de Oliveira Fausto Figueiredo dos Santos&#8230;<\/p>\n<p style=\"text-align: justify;\">A TESE apresentada e APROVADA pela BANCA destacou diversas quest\u00f5es relacionadas com PESSOAS COM DEFICI\u00caNCIA: MODELOS E CLASSIFICA\u00c7\u00c3O e direcionando para uma RELA\u00c7\u00c3O ENTRE O ESTADO E A EMPRESA por meio de POL\u00cdTICAS DE INCLUS\u00c3O SOCIAL DA PESSOA COM DEFICI\u00caNCIA&#8230;<\/p>\n<p style=\"text-align: justify;\">Tamb\u00e9m, ALCEU ROCHA demonstrou neste TRABALHO uma retrospectiva Hist\u00f3rica desde 1.988 por meio da DESONERA\u00c7\u00c3O FINANCEIRA PREVIDENCI\u00c1RIA E O PAPEL DO ESTADO COMO FACILITADOR DE JUSTI\u00c7A SOCIAL&#8230;<\/p>\n<p style=\"text-align: justify;\">Portanto, tal PESQUISA est\u00e1 em conex\u00e3o com as EXIG\u00caNCIAS mediadas pelo DEBATE sobre PESSOAS COM DEFICI\u00caNCIA para que a REFLEX\u00c3O CR\u00cdTICA seja permanente nesta \u00e1rea, ainda, registrando as CONEX\u00d5ES existentes entre EMPRESA, ESTADO e POL\u00cdTICAS DE INCLUS\u00c3O&#8230;<\/p>\n<p style=\"text-align: justify;\"><strong><em>______________________________<\/em><\/strong><\/p>\n<p style=\"text-align: justify;\"><strong><em>(*) jornalista diplomado e professor dos Cursos de Administra\u00e7\u00e3o e Publicidade &amp; Propaganda da UNIFAI (Adamantina).<\/em><\/strong><\/p>\n<p><img loading=\"lazy\" decoding=\"async\" class=\"alignnone size-full wp-image-49050\" src=\"https:\/\/jorgezanoni.com.br\/2019\/wp-content\/uploads\/2021\/06\/ada.jpg\" alt=\"\" width=\"1280\" height=\"1066\" srcset=\"https:\/\/jorgezanoni.com.br\/2019\/wp-content\/uploads\/2021\/06\/ada.jpg 1280w, https:\/\/jorgezanoni.com.br\/2019\/wp-content\/uploads\/2021\/06\/ada-300x250.jpg 300w, https:\/\/jorgezanoni.com.br\/2019\/wp-content\/uploads\/2021\/06\/ada-1024x853.jpg 1024w, https:\/\/jorgezanoni.com.br\/2019\/wp-content\/uploads\/2021\/06\/ada-768x640.jpg 768w, https:\/\/jorgezanoni.com.br\/2019\/wp-content\/uploads\/2021\/06\/ada-696x580.jpg 696w, https:\/\/jorgezanoni.com.br\/2019\/wp-content\/uploads\/2021\/06\/ada-1068x889.jpg 1068w, https:\/\/jorgezanoni.com.br\/2019\/wp-content\/uploads\/2021\/06\/ada-504x420.jpg 504w\" sizes=\"auto, (max-width: 1280px) 100vw, 1280px\" \/> <img loading=\"lazy\" decoding=\"async\" class=\"alignnone size-full wp-image-49051\" src=\"https:\/\/jorgezanoni.com.br\/2019\/wp-content\/uploads\/2021\/06\/ada1.jpg\" alt=\"\" width=\"1280\" height=\"719\" srcset=\"https:\/\/jorgezanoni.com.br\/2019\/wp-content\/uploads\/2021\/06\/ada1.jpg 1280w, https:\/\/jorgezanoni.com.br\/2019\/wp-content\/uploads\/2021\/06\/ada1-300x169.jpg 300w, https:\/\/jorgezanoni.com.br\/2019\/wp-content\/uploads\/2021\/06\/ada1-1024x575.jpg 1024w, https:\/\/jorgezanoni.com.br\/2019\/wp-content\/uploads\/2021\/06\/ada1-768x431.jpg 768w, https:\/\/jorgezanoni.com.br\/2019\/wp-content\/uploads\/2021\/06\/ada1-696x391.jpg 696w, https:\/\/jorgezanoni.com.br\/2019\/wp-content\/uploads\/2021\/06\/ada1-1068x600.jpg 1068w, https:\/\/jorgezanoni.com.br\/2019\/wp-content\/uploads\/2021\/06\/ada1-748x420.jpg 748w\" sizes=\"auto, (max-width: 1280px) 100vw, 1280px\" \/><\/p>\n","protected":false},"excerpt":{"rendered":"<p>\u201cTodos esses princ\u00edpios elencados emanam do car\u00e1ter human\u00edstico da Carta Magna de 1.988, traduzindo na norma jur\u00eddica os anseios por um Pa\u00eds mais justo e igualit\u00e1rio.\u201d (ATR) S\u00e9rgio Barbosa (*) A busca pela qualifica\u00e7\u00e3o Acad\u00eamica se faz necess\u00e1ria\u00a0 para o desenvolvimento das atividades relacionadas com \u00e1reas afins aos interesses da TITULA\u00c7\u00c3O, bem como, tendo em [&hellip;]<\/p>\n","protected":false},"author":1,"featured_media":49049,"comment_status":"closed","ping_status":"open","sticky":false,"template":"","format":"standard","meta":{"footnotes":""},"categories":[122],"tags":[],"class_list":["post-49048","post","type-post","status-publish","format-standard","has-post-thumbnail","hentry","category-saudeeducacaoeconcurso"],"_links":{"self":[{"href":"https:\/\/jorgezanoni.com.br\/2019\/wp-json\/wp\/v2\/posts\/49048","targetHints":{"allow":["GET"]}}],"collection":[{"href":"https:\/\/jorgezanoni.com.br\/2019\/wp-json\/wp\/v2\/posts"}],"about":[{"href":"https:\/\/jorgezanoni.com.br\/2019\/wp-json\/wp\/v2\/types\/post"}],"author":[{"embeddable":true,"href":"https:\/\/jorgezanoni.com.br\/2019\/wp-json\/wp\/v2\/users\/1"}],"replies":[{"embeddable":true,"href":"https:\/\/jorgezanoni.com.br\/2019\/wp-json\/wp\/v2\/comments?post=49048"}],"version-history":[{"count":0,"href":"https:\/\/jorgezanoni.com.br\/2019\/wp-json\/wp\/v2\/posts\/49048\/revisions"}],"wp:featuredmedia":[{"embeddable":true,"href":"https:\/\/jorgezanoni.com.br\/2019\/wp-json\/wp\/v2\/media\/49049"}],"wp:attachment":[{"href":"https:\/\/jorgezanoni.com.br\/2019\/wp-json\/wp\/v2\/media?parent=49048"}],"wp:term":[{"taxonomy":"category","embeddable":true,"href":"https:\/\/jorgezanoni.com.br\/2019\/wp-json\/wp\/v2\/categories?post=49048"},{"taxonomy":"post_tag","embeddable":true,"href":"https:\/\/jorgezanoni.com.br\/2019\/wp-json\/wp\/v2\/tags?post=49048"}],"curies":[{"name":"wp","href":"https:\/\/api.w.org\/{rel}","templated":true}]}}