{"id":49045,"date":"2021-06-09T19:58:25","date_gmt":"2021-06-09T19:58:25","guid":{"rendered":"https:\/\/jorgezanoni.com.br\/2019\/?p=49045"},"modified":"2021-06-09T19:58:25","modified_gmt":"2021-06-09T19:58:25","slug":"ta-tudo-dominado-neste-pais-do-faz-de-conta-por-sergio-barbosa","status":"publish","type":"post","link":"https:\/\/jorgezanoni.com.br\/2019\/ta-tudo-dominado-neste-pais-do-faz-de-conta-por-sergio-barbosa\/","title":{"rendered":"T\u00e1 tudo dominado neste Pa\u00eds do faz de conta&#8230; (por S\u00e9rgio Barbosa)"},"content":{"rendered":"<p style=\"text-align: justify;\"><strong>T\u00e1 tudo dominado neste Pa\u00eds do faz de conta&#8230;<\/strong><\/p>\n<p style=\"text-align: justify;\"><strong><em>\u201cO discurso n\u00e3o \u00e9 simplesmente aquilo que traduz as lutas ou os sistemas de domina\u00e7\u00e3o, mas aquilo por que, pelo que se luta, o poder do qual nos queremos apoderar.\u201d (<\/em><\/strong><a href=\"https:\/\/www.pensador.com\/autor\/michel_foucault\/\"><strong><em>Michel Foucault<\/em><\/strong><\/a><strong><em>)<\/em><\/strong><strong><em>\u00a0<\/em><\/strong><\/p>\n<p style=\"text-align: justify;\"><strong><em>S\u00e9rgio Barbosa (*)<\/em><\/strong><\/p>\n<p style=\"text-align: justify;\">Nestas \u00faltimas semanas, talvez meses e at\u00e9 mesmo anos, isso \u00e9, se levar em conta o GOVERNO DO VAMPIRO, isso mesmo, aquele que foi um dos articuladores do GOLPE pra cima da DILMA com apoio das mais diversas \u00e1reas deste PA\u00cdS DO FAZ DE CONTA, entre as quais o PIG- Partido da Imprensa Golpista&#8230;<\/p>\n<p style=\"text-align: justify;\">Se bem que de GOLPE EM GOLPE os mesmos articuladores de sempre v\u00e3o enchendo os BOLSOS em nome dos seus interesses individual ou coletivo, haja vista as TROCAS de sempre que nunca s\u00e3o SIMB\u00d3LICAS&#8230;<\/p>\n<p style=\"text-align: justify;\">O CAOS INSTITUCIONALIZADO por este DESGOVERNO que continua criando situa\u00e7\u00f5es inusitadas por meio dos\/as MINISTROS mal intencionados e inoperantes para a COMUNIDADE em geral, deve levar este PA\u00cdS DO FAZ DE CONTA para o ABISMO DO OSTRACISMO em n\u00edvel GLOCAL, ou seja, do GLOBAL para o LOCAL em tempo de p\u00f3s-globaliza\u00e7\u00e3o ORGANIZACIONAL&#8230;<\/p>\n<p style=\"text-align: justify;\">O CEN\u00c1RIO continua mais TR\u00c1GICO do que nunca nestas \u00faltimas semanas, por\u00e9m, tais contradi\u00e7\u00f5es s\u00e3o RESULTADOS dos DESMANDOS deste GOVERNO que est\u00e1 AGONIZANDO em todas as \u00e1reas de atua\u00e7\u00e3o, por\u00e9m, continua querendo se manter de um jeito ou de outro sob o comando do COISO com suas COISAS&#8230;<\/p>\n<p style=\"text-align: justify;\">Os denominados RESULTADOS ECON\u00d4MICOS est\u00e3o demonstrando que NADA SE CRIA, todavia, TUDO SE COPIA ou pode-se dar o famoso JEITINHO nestes dados e tudo fica do mesmo jeito que era pra ser o que nunca foi&#8230;<\/p>\n<p style=\"text-align: justify;\">Entretanto, o DESCASO deste DESGOVERNO se faz presente em \u00e1reas priorit\u00e1rias para a POPULA\u00c7\u00c3O, assim, tudo indica que o MART\u00cdRIO deve continuar em nome dos INTERESSES daqueles\/as que continuam com a mesma PROPOSTA depois do GOLPE&#8230;<\/p>\n<p style=\"text-align: justify;\">As MEDIA\u00c7\u00d5ES entre os PARTIDOS POL\u00cdTICOS est\u00e3o sempre PATINANDO nas ACUSA\u00c7\u00d5ES de sempre contra isto ou aquilo, bem como, a maioria dos NOMES COLOCADOS pra an\u00e1lise est\u00e3o comprometidos com o SISTEMA ECON\u00d5MICO e sob a coordena\u00e7\u00e3o dos\/as PREDADORES\/AS do passado que est\u00e3o neste PRESENTE sem FUTURO&#8230;<\/p>\n<p style=\"text-align: justify;\">Torna-se necess\u00e1rio o desenvolvimento de uma AN\u00c1LISE DE CONJUNTURA sob diversas \u00f3ticas e considerando que s\u00f3 mesmo a REFLEX\u00c3O CR\u00cdTICA pode proporcionar uma aproxima\u00e7\u00e3o com NOVAS PERSPECTIVAS quanto ao PA\u00cdS DO FAZ DE CONTA depois das ELEI\u00c7\u00d5ES DE 2.022&#8230;<\/p>\n<p style=\"text-align: justify;\">Os resultados decorrentes da PANDEMIA est\u00e3o trazendo os PIORES RESULTADOS mediados pelas esferas afins aos interesses da ECONOMIA, por\u00e9m, na EDUCA\u00c7\u00c3O t\u00e1 TUDO DOMINADO pelas MENTES BOVINAS que continuam seguindo o TOQUE DO BERRANTE, tal qual na SA\u00daDE e outras \u00e1reas de interesse da COMUNIDADE&#8230;<\/p>\n<p style=\"text-align: justify;\">QUEM SOBREVIVER VAI SABER&#8230;<\/p>\n<p style=\"text-align: justify;\"><strong><em>_____________________________<\/em><\/strong><\/p>\n<p style=\"text-align: justify;\"><strong><em>(*) jornalista diplomado e professor universit\u00e1rio.<\/em><\/strong><\/p>\n<p style=\"text-align: justify;\"><strong><em>E-MAIL: barbosa.sebar@gmail.com<\/em><\/strong><\/p>\n","protected":false},"excerpt":{"rendered":"<p>T\u00e1 tudo dominado neste Pa\u00eds do faz de conta&#8230; \u201cO discurso n\u00e3o \u00e9 simplesmente aquilo que traduz as lutas ou os sistemas de domina\u00e7\u00e3o, mas aquilo por que, pelo que se luta, o poder do qual nos queremos apoderar.\u201d (Michel Foucault)\u00a0 S\u00e9rgio Barbosa (*) Nestas \u00faltimas semanas, talvez meses e at\u00e9 mesmo anos, isso \u00e9, [&hellip;]<\/p>\n","protected":false},"author":1,"featured_media":49046,"comment_status":"closed","ping_status":"open","sticky":false,"template":"","format":"standard","meta":{"footnotes":""},"categories":[175],"tags":[],"class_list":["post-49045","post","type-post","status-publish","format-standard","has-post-thumbnail","hentry","category-artigos"],"_links":{"self":[{"href":"https:\/\/jorgezanoni.com.br\/2019\/wp-json\/wp\/v2\/posts\/49045","targetHints":{"allow":["GET"]}}],"collection":[{"href":"https:\/\/jorgezanoni.com.br\/2019\/wp-json\/wp\/v2\/posts"}],"about":[{"href":"https:\/\/jorgezanoni.com.br\/2019\/wp-json\/wp\/v2\/types\/post"}],"author":[{"embeddable":true,"href":"https:\/\/jorgezanoni.com.br\/2019\/wp-json\/wp\/v2\/users\/1"}],"replies":[{"embeddable":true,"href":"https:\/\/jorgezanoni.com.br\/2019\/wp-json\/wp\/v2\/comments?post=49045"}],"version-history":[{"count":0,"href":"https:\/\/jorgezanoni.com.br\/2019\/wp-json\/wp\/v2\/posts\/49045\/revisions"}],"wp:featuredmedia":[{"embeddable":true,"href":"https:\/\/jorgezanoni.com.br\/2019\/wp-json\/wp\/v2\/media\/49046"}],"wp:attachment":[{"href":"https:\/\/jorgezanoni.com.br\/2019\/wp-json\/wp\/v2\/media?parent=49045"}],"wp:term":[{"taxonomy":"category","embeddable":true,"href":"https:\/\/jorgezanoni.com.br\/2019\/wp-json\/wp\/v2\/categories?post=49045"},{"taxonomy":"post_tag","embeddable":true,"href":"https:\/\/jorgezanoni.com.br\/2019\/wp-json\/wp\/v2\/tags?post=49045"}],"curies":[{"name":"wp","href":"https:\/\/api.w.org\/{rel}","templated":true}]}}