{"id":49037,"date":"2021-06-09T17:06:19","date_gmt":"2021-06-09T17:06:19","guid":{"rendered":"https:\/\/jorgezanoni.com.br\/2019\/?p=49037"},"modified":"2021-06-09T17:07:04","modified_gmt":"2021-06-09T17:07:04","slug":"dracena-tem-nova-secretaria-de-saude","status":"publish","type":"post","link":"https:\/\/jorgezanoni.com.br\/2019\/dracena-tem-nova-secretaria-de-saude\/","title":{"rendered":"Dracena tem nova Secret\u00e1ria de Sa\u00fade a partir de hoje"},"content":{"rendered":"<div class=\"ntc_resumo_noticia sw_lato_bold\" style=\"text-align: justify;\"><strong>A secret\u00e1ria Rosemary Magi Fonseca Souza deixa a fun\u00e7\u00e3o por motivos familiares; assume o cargo a enfermeira e farmac\u00eautica Cl\u00e1udia Luginick.<\/strong><\/div>\n<div><\/div>\n<div class=\"ntc_descricao_noticia\">\n<div class=\"ntc_cont_descricao_noticia sw_txteditor\">\n<p style=\"text-align: justify;\">Na manh\u00e3 desta quarta-feira, 9, o prefeito Andr\u00e9 Lemos reuniu sua equipe de governo para apresentar a nova secret\u00e1ria de Sa\u00fade Cl\u00e1udia Luginick. Ela passa a exercer a fun\u00e7\u00e3o a partir de amanh\u00e3, em substitui\u00e7\u00e3o a Rosemary Magi Fonseca Souza.<\/p>\n<p style=\"text-align: justify;\">Rose como \u00e9 carinhosamente conhecida deixa o cargo por motivos familiares. Agradeceu a equipe maravilhosa com quem trabalhou por quase meio ano. \u201cN\u00e3o tenho o que reclamar de ningu\u00e9m. Saio por motivos familiares\u201d, comentou emocionada Rose ao afirmar que estamos vivendo momentos dif\u00edceis, devido \u00e0 pandemia da covid 19. Ela perdeu o esposo Carlos Roberto de Souza, este ano, v\u00edtima da covid.<\/p>\n<p style=\"text-align: justify;\">O prefeito Andr\u00e9 agradeceu Rose pelo trabalho desenvolvido\u00a0e enalteceu a profissional capacitada que \u00e9.<\/p>\n<p style=\"text-align: justify;\">Andr\u00e9 comentou ainda com a equipe da Sa\u00fade que a miss\u00e3o est\u00e1 sendo pesada, mas que pretende entregar o que lhe foi confiado.<\/p>\n<p style=\"text-align: justify;\">O chefe do Executivo tamb\u00e9m reuniu todos os diretores e coordenadores que integram a Secretaria de Sa\u00fade para apresentar a secret\u00e1ria Cl\u00e1udia Luginick. Participaram deste momento, a secret\u00e1ria adjunta de Sa\u00fade Geni Pesin; as enfermeiras Meliane Pereira (diretora de aten\u00e7\u00e3o em sa\u00fade) e Marisa Ortiz (coordenadora do PAM e do CEMAC); o dentista Marco Colman (coordenador de Sa\u00fade Bucal); a assistente social Eliane Benati (diretora de administra\u00e7\u00e3o em sa\u00fade); Maykel dos Santos (coordenador da frota da Sa\u00fade); Maria Helena Pasqualeto (diretora de rela\u00e7\u00f5es s\u00f3cio institucionais); Aline Andrade (diretora de vigil\u00e2ncia em sa\u00fade); Marcos Jos\u00e9 Dias (diretor de planejamento em sa\u00fade).<\/p>\n<p style=\"text-align: justify;\"><strong>CONHE\u00c7A A NOVA SECRET\u00c1RIA<\/strong><\/p>\n<p style=\"text-align: justify;\">Cl\u00e1udia Mara M. Moreira G. Luginick \u00e9 moradora em Dracena e tem familiares em Monte Castelo. Ela esteve \u00e0 frente da Sa\u00fade montecastelense durante as \u00faltimas quatro gest\u00f5es municipais passadas.<\/p>\n<p style=\"text-align: justify;\">Cl\u00e1udia tem forma\u00e7\u00e3o acad\u00eamica em Enfermagem, sendo pela primeira turma da Unifadra\/Fundec e tamb\u00e9m em Farm\u00e1cia, pela FAI Adamantina. \u00c9 p\u00f3s-graduada em Urg\u00eancia e Emerg\u00eancia; Sa\u00fade do Adolescente, pelo S\u00edrio Liban\u00eas; Terapia Comunit\u00e1ria.<\/p>\n<p style=\"text-align: justify;\">Tem uma longa experi\u00eancia profissional atuando no SUS desde 2000; come\u00e7ou como agente comunit\u00e1ria; auxiliar de enfermagem; enfermeira; coordenadora de Sa\u00fade por seis anos e exercia a fun\u00e7\u00e3o de diretora de Sa\u00fade na Prefeitura de Monte Castelo.<\/p>\n<p style=\"text-align: justify;\">Ela agradeceu ao convite do prefeito Andr\u00e9 e se comprometeu em desempenhar a atividade da melhor maneira poss\u00edvel, enfrentando os desafios pela frente junto a toda equipe. \u00c9 casada e tem uma filha de 7 anos de idade.<\/p>\n<p><img loading=\"lazy\" decoding=\"async\" class=\"alignnone size-full wp-image-49039\" src=\"https:\/\/jorgezanoni.com.br\/2019\/wp-content\/uploads\/2021\/06\/saude1.jpg\" alt=\"\" width=\"800\" height=\"450\" srcset=\"https:\/\/jorgezanoni.com.br\/2019\/wp-content\/uploads\/2021\/06\/saude1.jpg 800w, https:\/\/jorgezanoni.com.br\/2019\/wp-content\/uploads\/2021\/06\/saude1-300x169.jpg 300w, https:\/\/jorgezanoni.com.br\/2019\/wp-content\/uploads\/2021\/06\/saude1-768x432.jpg 768w, https:\/\/jorgezanoni.com.br\/2019\/wp-content\/uploads\/2021\/06\/saude1-696x392.jpg 696w, https:\/\/jorgezanoni.com.br\/2019\/wp-content\/uploads\/2021\/06\/saude1-747x420.jpg 747w\" sizes=\"auto, (max-width: 800px) 100vw, 800px\" \/> <img loading=\"lazy\" decoding=\"async\" class=\"alignnone size-full wp-image-49040\" src=\"https:\/\/jorgezanoni.com.br\/2019\/wp-content\/uploads\/2021\/06\/saude2.jpg\" alt=\"\" width=\"800\" height=\"450\" srcset=\"https:\/\/jorgezanoni.com.br\/2019\/wp-content\/uploads\/2021\/06\/saude2.jpg 800w, https:\/\/jorgezanoni.com.br\/2019\/wp-content\/uploads\/2021\/06\/saude2-300x169.jpg 300w, https:\/\/jorgezanoni.com.br\/2019\/wp-content\/uploads\/2021\/06\/saude2-768x432.jpg 768w, https:\/\/jorgezanoni.com.br\/2019\/wp-content\/uploads\/2021\/06\/saude2-696x392.jpg 696w, https:\/\/jorgezanoni.com.br\/2019\/wp-content\/uploads\/2021\/06\/saude2-747x420.jpg 747w\" sizes=\"auto, (max-width: 800px) 100vw, 800px\" \/> <img loading=\"lazy\" decoding=\"async\" class=\"alignnone size-full wp-image-49041\" src=\"https:\/\/jorgezanoni.com.br\/2019\/wp-content\/uploads\/2021\/06\/saude3.jpg\" alt=\"\" width=\"800\" height=\"450\" srcset=\"https:\/\/jorgezanoni.com.br\/2019\/wp-content\/uploads\/2021\/06\/saude3.jpg 800w, https:\/\/jorgezanoni.com.br\/2019\/wp-content\/uploads\/2021\/06\/saude3-300x169.jpg 300w, https:\/\/jorgezanoni.com.br\/2019\/wp-content\/uploads\/2021\/06\/saude3-768x432.jpg 768w, https:\/\/jorgezanoni.com.br\/2019\/wp-content\/uploads\/2021\/06\/saude3-696x392.jpg 696w, https:\/\/jorgezanoni.com.br\/2019\/wp-content\/uploads\/2021\/06\/saude3-747x420.jpg 747w\" sizes=\"auto, (max-width: 800px) 100vw, 800px\" \/> <img loading=\"lazy\" decoding=\"async\" class=\"alignnone size-full wp-image-49042\" src=\"https:\/\/jorgezanoni.com.br\/2019\/wp-content\/uploads\/2021\/06\/saude4.jpg\" alt=\"\" width=\"800\" height=\"598\" srcset=\"https:\/\/jorgezanoni.com.br\/2019\/wp-content\/uploads\/2021\/06\/saude4.jpg 800w, https:\/\/jorgezanoni.com.br\/2019\/wp-content\/uploads\/2021\/06\/saude4-300x224.jpg 300w, https:\/\/jorgezanoni.com.br\/2019\/wp-content\/uploads\/2021\/06\/saude4-768x574.jpg 768w, https:\/\/jorgezanoni.com.br\/2019\/wp-content\/uploads\/2021\/06\/saude4-80x60.jpg 80w, https:\/\/jorgezanoni.com.br\/2019\/wp-content\/uploads\/2021\/06\/saude4-265x198.jpg 265w, https:\/\/jorgezanoni.com.br\/2019\/wp-content\/uploads\/2021\/06\/saude4-696x520.jpg 696w, https:\/\/jorgezanoni.com.br\/2019\/wp-content\/uploads\/2021\/06\/saude4-562x420.jpg 562w\" sizes=\"auto, (max-width: 800px) 100vw, 800px\" \/><\/p>\n<p style=\"text-align: justify;\">Fonte: Diretoria de Comunica\u00e7\u00e3o<\/p>\n<\/div>\n<\/div>\n","protected":false},"excerpt":{"rendered":"<p>A secret\u00e1ria Rosemary Magi Fonseca Souza deixa a fun\u00e7\u00e3o por motivos familiares; assume o cargo a enfermeira e farmac\u00eautica Cl\u00e1udia Luginick. Na manh\u00e3 desta quarta-feira, 9, o prefeito Andr\u00e9 Lemos reuniu sua equipe de governo para apresentar a nova secret\u00e1ria de Sa\u00fade Cl\u00e1udia Luginick. Ela passa a exercer a fun\u00e7\u00e3o a partir de amanh\u00e3, em [&hellip;]<\/p>\n","protected":false},"author":1,"featured_media":49038,"comment_status":"closed","ping_status":"open","sticky":false,"template":"","format":"standard","meta":{"footnotes":""},"categories":[179,184,110],"tags":[],"class_list":["post-49037","post","type-post","status-publish","format-standard","has-post-thumbnail","hentry","category-cidadeseregiao","category-dracena","category-noticiasdestaque"],"_links":{"self":[{"href":"https:\/\/jorgezanoni.com.br\/2019\/wp-json\/wp\/v2\/posts\/49037","targetHints":{"allow":["GET"]}}],"collection":[{"href":"https:\/\/jorgezanoni.com.br\/2019\/wp-json\/wp\/v2\/posts"}],"about":[{"href":"https:\/\/jorgezanoni.com.br\/2019\/wp-json\/wp\/v2\/types\/post"}],"author":[{"embeddable":true,"href":"https:\/\/jorgezanoni.com.br\/2019\/wp-json\/wp\/v2\/users\/1"}],"replies":[{"embeddable":true,"href":"https:\/\/jorgezanoni.com.br\/2019\/wp-json\/wp\/v2\/comments?post=49037"}],"version-history":[{"count":0,"href":"https:\/\/jorgezanoni.com.br\/2019\/wp-json\/wp\/v2\/posts\/49037\/revisions"}],"wp:featuredmedia":[{"embeddable":true,"href":"https:\/\/jorgezanoni.com.br\/2019\/wp-json\/wp\/v2\/media\/49038"}],"wp:attachment":[{"href":"https:\/\/jorgezanoni.com.br\/2019\/wp-json\/wp\/v2\/media?parent=49037"}],"wp:term":[{"taxonomy":"category","embeddable":true,"href":"https:\/\/jorgezanoni.com.br\/2019\/wp-json\/wp\/v2\/categories?post=49037"},{"taxonomy":"post_tag","embeddable":true,"href":"https:\/\/jorgezanoni.com.br\/2019\/wp-json\/wp\/v2\/tags?post=49037"}],"curies":[{"name":"wp","href":"https:\/\/api.w.org\/{rel}","templated":true}]}}