{"id":49014,"date":"2021-06-08T23:35:39","date_gmt":"2021-06-08T23:35:39","guid":{"rendered":"https:\/\/jorgezanoni.com.br\/2019\/?p=49014"},"modified":"2021-06-09T01:01:22","modified_gmt":"2021-06-09T01:01:22","slug":"garoto-morre-vitima-de-atropelamento-na-cidade-de-panorama","status":"publish","type":"post","link":"https:\/\/jorgezanoni.com.br\/2019\/garoto-morre-vitima-de-atropelamento-na-cidade-de-panorama\/","title":{"rendered":"Garoto morre v\u00edtima de atropelamento na cidade de Panorama"},"content":{"rendered":"<p style=\"text-align: justify;\">O pequeno Bruno de 8 anos, da foto foi a v\u00edtima fatal de atropelamento ocorrido agora \u00e0 noite na Rua Ivan Ign\u00e1cio da Silva no Bairro Nosso Teto. A princ\u00edpio seria um caminh\u00e3o envolvido no atropelamento. Motorista envolvido no acidente fugiu. Caminh\u00e3o cabine branca. Testemunha n\u00e3o soube dar mais detalhes do ve\u00edculo. Testemunha relata que Bruno estava na companhia de um amiguinho na hora do fato.<\/p>\n<p>Fonte: Panorama Noticia<\/p>\n","protected":false},"excerpt":{"rendered":"<p>O pequeno Bruno de 8 anos, da foto foi a v\u00edtima fatal de atropelamento ocorrido agora \u00e0 noite na Rua Ivan Ign\u00e1cio da Silva no Bairro Nosso Teto. A princ\u00edpio seria um caminh\u00e3o envolvido no atropelamento. Motorista envolvido no acidente fugiu. Caminh\u00e3o cabine branca. Testemunha n\u00e3o soube dar mais detalhes do ve\u00edculo. Testemunha relata que [&hellip;]<\/p>\n","protected":false},"author":1,"featured_media":49015,"comment_status":"closed","ping_status":"open","sticky":false,"template":"","format":"standard","meta":{"footnotes":""},"categories":[170,110],"tags":[],"class_list":["post-49014","post","type-post","status-publish","format-standard","has-post-thumbnail","hentry","category-acidentes","category-noticiasdestaque"],"_links":{"self":[{"href":"https:\/\/jorgezanoni.com.br\/2019\/wp-json\/wp\/v2\/posts\/49014","targetHints":{"allow":["GET"]}}],"collection":[{"href":"https:\/\/jorgezanoni.com.br\/2019\/wp-json\/wp\/v2\/posts"}],"about":[{"href":"https:\/\/jorgezanoni.com.br\/2019\/wp-json\/wp\/v2\/types\/post"}],"author":[{"embeddable":true,"href":"https:\/\/jorgezanoni.com.br\/2019\/wp-json\/wp\/v2\/users\/1"}],"replies":[{"embeddable":true,"href":"https:\/\/jorgezanoni.com.br\/2019\/wp-json\/wp\/v2\/comments?post=49014"}],"version-history":[{"count":0,"href":"https:\/\/jorgezanoni.com.br\/2019\/wp-json\/wp\/v2\/posts\/49014\/revisions"}],"wp:featuredmedia":[{"embeddable":true,"href":"https:\/\/jorgezanoni.com.br\/2019\/wp-json\/wp\/v2\/media\/49015"}],"wp:attachment":[{"href":"https:\/\/jorgezanoni.com.br\/2019\/wp-json\/wp\/v2\/media?parent=49014"}],"wp:term":[{"taxonomy":"category","embeddable":true,"href":"https:\/\/jorgezanoni.com.br\/2019\/wp-json\/wp\/v2\/categories?post=49014"},{"taxonomy":"post_tag","embeddable":true,"href":"https:\/\/jorgezanoni.com.br\/2019\/wp-json\/wp\/v2\/tags?post=49014"}],"curies":[{"name":"wp","href":"https:\/\/api.w.org\/{rel}","templated":true}]}}