{"id":49010,"date":"2021-06-08T22:06:50","date_gmt":"2021-06-08T22:06:50","guid":{"rendered":"https:\/\/jorgezanoni.com.br\/2019\/?p=49010"},"modified":"2021-06-08T22:09:03","modified_gmt":"2021-06-08T22:09:03","slug":"motorista-fica-ferido-apos-capotar-caminhao-na-rodovia-sp-294","status":"publish","type":"post","link":"https:\/\/jorgezanoni.com.br\/2019\/motorista-fica-ferido-apos-capotar-caminhao-na-rodovia-sp-294\/","title":{"rendered":"Motorista fica ferido ap\u00f3s capotar caminh\u00e3o na rodovia SP-294"},"content":{"rendered":"<p style=\"text-align: justify;\">O motorista de um caminh\u00e3o VW\/9.170 DRC com placas de Ara\u00e7atuba ficou ferido em decorr\u00eancia de um acidente ocorrido por volta das 15h05 desta ter\u00e7a-feira (8) no dispositivo de acesso ao Cemit\u00e9rio Municipal de Pacaembu na Rodovia Comandante Jo\u00e3o Ribeiro de Barros \u2013 (SP-294).<\/p>\n<p style=\"text-align: justify;\"><a href=\"https:\/\/i1.wp.com\/ifolharegional.com.br\/wp-content\/uploads\/2021\/06\/03.jpg?ssl=1\"><img loading=\"lazy\" decoding=\"async\" class=\"aligncenter size-full wp-image-39667\" src=\"https:\/\/i1.wp.com\/ifolharegional.com.br\/wp-content\/uploads\/2021\/06\/03.jpg?resize=600%2C399&amp;ssl=1\" sizes=\"auto, (max-width: 600px) 100vw, 600px\" srcset=\"https:\/\/i1.wp.com\/ifolharegional.com.br\/wp-content\/uploads\/2021\/06\/03.jpg?w=600&amp;ssl=1 600w, https:\/\/i1.wp.com\/ifolharegional.com.br\/wp-content\/uploads\/2021\/06\/03.jpg?resize=300%2C200&amp;ssl=1 300w\" alt=\"\" width=\"600\" height=\"399\" data-attachment-id=\"39667\" data-permalink=\"https:\/\/ifolharegional.com.br\/2021\/06\/08\/acidpac294rd\/03-221\/\" data-orig-file=\"https:\/\/i1.wp.com\/ifolharegional.com.br\/wp-content\/uploads\/2021\/06\/03.jpg?fit=600%2C399&amp;ssl=1\" data-orig-size=\"600,399\" data-comments-opened=\"0\" data-image-meta=\"{&quot;aperture&quot;:&quot;9&quot;,&quot;credit&quot;:&quot;&quot;,&quot;camera&quot;:&quot;NIKON D90&quot;,&quot;caption&quot;:&quot;&quot;,&quot;created_timestamp&quot;:&quot;1623081410&quot;,&quot;copyright&quot;:&quot;&quot;,&quot;focal_length&quot;:&quot;18&quot;,&quot;iso&quot;:&quot;2000&quot;,&quot;shutter_speed&quot;:&quot;0.003125&quot;,&quot;title&quot;:&quot;&quot;,&quot;orientation&quot;:&quot;1&quot;}\" data-image-title=\"03\" data-image-description=\"\" data-medium-file=\"https:\/\/i1.wp.com\/ifolharegional.com.br\/wp-content\/uploads\/2021\/06\/03.jpg?fit=300%2C200&amp;ssl=1\" data-large-file=\"https:\/\/i1.wp.com\/ifolharegional.com.br\/wp-content\/uploads\/2021\/06\/03.jpg?fit=600%2C399&amp;ssl=1\" \/><\/a>Segundo as primeiras informa\u00e7\u00f5es obtidas pela reportagem do jornal e site Folha Regional junto aos policiais militares que atenderam a ocorr\u00eancia, o condutor seguia pela rodovia no sentido Pacaembu\/Fl\u00f3rida Paulista, quando por motivos ainda desconhecidos, acabou invadindo o canteiro, chocou-se contra uma placa de sinaliza\u00e7\u00e3o e capotou por v\u00e1rias vezes at\u00e9 parar sobre o dispositivo.<\/p>\n<p style=\"text-align: justify;\"><a href=\"https:\/\/i2.wp.com\/ifolharegional.com.br\/wp-content\/uploads\/2021\/06\/01-1.jpg?ssl=1\"><img loading=\"lazy\" decoding=\"async\" class=\"aligncenter size-full wp-image-39668\" src=\"https:\/\/i2.wp.com\/ifolharegional.com.br\/wp-content\/uploads\/2021\/06\/01-1.jpg?resize=600%2C399&amp;ssl=1\" sizes=\"auto, (max-width: 600px) 100vw, 600px\" srcset=\"https:\/\/i2.wp.com\/ifolharegional.com.br\/wp-content\/uploads\/2021\/06\/01-1.jpg?w=600&amp;ssl=1 600w, https:\/\/i2.wp.com\/ifolharegional.com.br\/wp-content\/uploads\/2021\/06\/01-1.jpg?resize=300%2C200&amp;ssl=1 300w\" alt=\"\" width=\"600\" height=\"399\" data-attachment-id=\"39668\" data-permalink=\"https:\/\/ifolharegional.com.br\/2021\/06\/08\/acidpac294rd\/01-341\/\" data-orig-file=\"https:\/\/i2.wp.com\/ifolharegional.com.br\/wp-content\/uploads\/2021\/06\/01-1.jpg?fit=600%2C399&amp;ssl=1\" data-orig-size=\"600,399\" data-comments-opened=\"0\" data-image-meta=\"{&quot;aperture&quot;:&quot;10&quot;,&quot;credit&quot;:&quot;&quot;,&quot;camera&quot;:&quot;NIKON D90&quot;,&quot;caption&quot;:&quot;&quot;,&quot;created_timestamp&quot;:&quot;1623081001&quot;,&quot;copyright&quot;:&quot;&quot;,&quot;focal_length&quot;:&quot;26&quot;,&quot;iso&quot;:&quot;2000&quot;,&quot;shutter_speed&quot;:&quot;0.0025&quot;,&quot;title&quot;:&quot;&quot;,&quot;orientation&quot;:&quot;1&quot;}\" data-image-title=\"01\" data-image-description=\"\" data-medium-file=\"https:\/\/i2.wp.com\/ifolharegional.com.br\/wp-content\/uploads\/2021\/06\/01-1.jpg?fit=300%2C200&amp;ssl=1\" data-large-file=\"https:\/\/i2.wp.com\/ifolharegional.com.br\/wp-content\/uploads\/2021\/06\/01-1.jpg?fit=600%2C399&amp;ssl=1\" \/><\/a>Bastante machucado, o motorista recebeu os primeiros cuidados da Pol\u00edcia Militar. Chovia no momento da ocorr\u00eancia e os policiais improvisaram a cobertura do corpo da v\u00edtima e ainda utilizaram uma esp\u00e9cie de capa para proteg\u00ea-lo da \u00e1gua.<\/p>\n<p><a href=\"https:\/\/i0.wp.com\/ifolharegional.com.br\/wp-content\/uploads\/2021\/06\/04.jpg?ssl=1\"><img loading=\"lazy\" decoding=\"async\" class=\"aligncenter size-full wp-image-39669\" src=\"https:\/\/i0.wp.com\/ifolharegional.com.br\/wp-content\/uploads\/2021\/06\/04.jpg?resize=600%2C399&amp;ssl=1\" sizes=\"auto, (max-width: 600px) 100vw, 600px\" srcset=\"https:\/\/i0.wp.com\/ifolharegional.com.br\/wp-content\/uploads\/2021\/06\/04.jpg?w=600&amp;ssl=1 600w, https:\/\/i0.wp.com\/ifolharegional.com.br\/wp-content\/uploads\/2021\/06\/04.jpg?resize=300%2C200&amp;ssl=1 300w\" alt=\"\" width=\"600\" height=\"399\" data-attachment-id=\"39669\" data-permalink=\"https:\/\/ifolharegional.com.br\/2021\/06\/08\/acidpac294rd\/04-199\/\" data-orig-file=\"https:\/\/i0.wp.com\/ifolharegional.com.br\/wp-content\/uploads\/2021\/06\/04.jpg?fit=600%2C399&amp;ssl=1\" data-orig-size=\"600,399\" data-comments-opened=\"0\" data-image-meta=\"{&quot;aperture&quot;:&quot;9&quot;,&quot;credit&quot;:&quot;&quot;,&quot;camera&quot;:&quot;NIKON D90&quot;,&quot;caption&quot;:&quot;&quot;,&quot;created_timestamp&quot;:&quot;1623081481&quot;,&quot;copyright&quot;:&quot;&quot;,&quot;focal_length&quot;:&quot;105&quot;,&quot;iso&quot;:&quot;2000&quot;,&quot;shutter_speed&quot;:&quot;0.005&quot;,&quot;title&quot;:&quot;&quot;,&quot;orientation&quot;:&quot;1&quot;}\" data-image-title=\"04\" data-image-description=\"\" data-medium-file=\"https:\/\/i0.wp.com\/ifolharegional.com.br\/wp-content\/uploads\/2021\/06\/04.jpg?fit=300%2C200&amp;ssl=1\" data-large-file=\"https:\/\/i0.wp.com\/ifolharegional.com.br\/wp-content\/uploads\/2021\/06\/04.jpg?fit=600%2C399&amp;ssl=1\" data-recalc-dims=\"1\" \/><\/a>Com a chegada das equipes do Corpo de Bombeiros e do resgate da concession\u00e1ria que administra a rodovia, o homem recebeu os primeiros socorros, foi estabilizado e seguiu em uma ambul\u00e2ncia de resgate para a Santa Casa de Pacaembu, onde permaneceu sob os cuidados m\u00e9dicos.<\/p>\n<p style=\"text-align: justify;\"><a href=\"https:\/\/i2.wp.com\/ifolharegional.com.br\/wp-content\/uploads\/2021\/06\/08.jpg?ssl=1\"><img loading=\"lazy\" decoding=\"async\" class=\"aligncenter size-full wp-image-39670\" src=\"https:\/\/i2.wp.com\/ifolharegional.com.br\/wp-content\/uploads\/2021\/06\/08.jpg?resize=600%2C409&amp;ssl=1\" sizes=\"auto, (max-width: 600px) 100vw, 600px\" srcset=\"https:\/\/i2.wp.com\/ifolharegional.com.br\/wp-content\/uploads\/2021\/06\/08.jpg?w=600&amp;ssl=1 600w, https:\/\/i2.wp.com\/ifolharegional.com.br\/wp-content\/uploads\/2021\/06\/08.jpg?resize=300%2C205&amp;ssl=1 300w\" alt=\"\" width=\"600\" height=\"409\" data-attachment-id=\"39670\" data-permalink=\"https:\/\/ifolharegional.com.br\/2021\/06\/08\/acidpac294rd\/08-84\/\" data-orig-file=\"https:\/\/i2.wp.com\/ifolharegional.com.br\/wp-content\/uploads\/2021\/06\/08.jpg?fit=600%2C409&amp;ssl=1\" data-orig-size=\"600,409\" data-comments-opened=\"0\" data-image-meta=\"{&quot;aperture&quot;:&quot;7.1&quot;,&quot;credit&quot;:&quot;&quot;,&quot;camera&quot;:&quot;NIKON D90&quot;,&quot;caption&quot;:&quot;&quot;,&quot;created_timestamp&quot;:&quot;1623081651&quot;,&quot;copyright&quot;:&quot;&quot;,&quot;focal_length&quot;:&quot;62&quot;,&quot;iso&quot;:&quot;2000&quot;,&quot;shutter_speed&quot;:&quot;0.00125&quot;,&quot;title&quot;:&quot;&quot;,&quot;orientation&quot;:&quot;1&quot;}\" data-image-title=\"08\" data-image-description=\"\" data-medium-file=\"https:\/\/i2.wp.com\/ifolharegional.com.br\/wp-content\/uploads\/2021\/06\/08.jpg?fit=300%2C205&amp;ssl=1\" data-large-file=\"https:\/\/i2.wp.com\/ifolharegional.com.br\/wp-content\/uploads\/2021\/06\/08.jpg?fit=600%2C409&amp;ssl=1\" data-recalc-dims=\"1\" \/><\/a>O caminh\u00e3o ficou bastante danificado. A Per\u00edcia Cient\u00edfica foi acionada e compareceu ao local para a coleta de dados e imagens que v\u00e3o auxiliar nos trabalhos de identifica\u00e7\u00e3o das causas do acidente.<\/p>\n<p style=\"text-align: justify;\"><a href=\"https:\/\/i2.wp.com\/ifolharegional.com.br\/wp-content\/uploads\/2021\/06\/06.jpg?ssl=1\"><img loading=\"lazy\" decoding=\"async\" class=\"aligncenter size-full wp-image-39671\" src=\"https:\/\/i2.wp.com\/ifolharegional.com.br\/wp-content\/uploads\/2021\/06\/06.jpg?resize=600%2C399&amp;ssl=1\" sizes=\"auto, (max-width: 600px) 100vw, 600px\" srcset=\"https:\/\/i2.wp.com\/ifolharegional.com.br\/wp-content\/uploads\/2021\/06\/06.jpg?w=600&amp;ssl=1 600w, https:\/\/i2.wp.com\/ifolharegional.com.br\/wp-content\/uploads\/2021\/06\/06.jpg?resize=300%2C200&amp;ssl=1 300w\" alt=\"\" width=\"600\" height=\"399\" data-attachment-id=\"39671\" data-permalink=\"https:\/\/ifolharegional.com.br\/2021\/06\/08\/acidpac294rd\/06-122\/\" data-orig-file=\"https:\/\/i2.wp.com\/ifolharegional.com.br\/wp-content\/uploads\/2021\/06\/06.jpg?fit=600%2C399&amp;ssl=1\" data-orig-size=\"600,399\" data-comments-opened=\"0\" data-image-meta=\"{&quot;aperture&quot;:&quot;9&quot;,&quot;credit&quot;:&quot;&quot;,&quot;camera&quot;:&quot;NIKON D90&quot;,&quot;caption&quot;:&quot;&quot;,&quot;created_timestamp&quot;:&quot;1623081616&quot;,&quot;copyright&quot;:&quot;&quot;,&quot;focal_length&quot;:&quot;18&quot;,&quot;iso&quot;:&quot;2000&quot;,&quot;shutter_speed&quot;:&quot;0.005&quot;,&quot;title&quot;:&quot;&quot;,&quot;orientation&quot;:&quot;1&quot;}\" data-image-title=\"06\" data-image-description=\"\" data-medium-file=\"https:\/\/i2.wp.com\/ifolharegional.com.br\/wp-content\/uploads\/2021\/06\/06.jpg?fit=300%2C200&amp;ssl=1\" data-large-file=\"https:\/\/i2.wp.com\/ifolharegional.com.br\/wp-content\/uploads\/2021\/06\/06.jpg?fit=600%2C399&amp;ssl=1\" data-recalc-dims=\"1\" \/><\/a>A Pol\u00edcia Militar Rodovi\u00e1ria compareceu ao local dos fatos e registrou a ocorr\u00eancia.<\/p>\n<p style=\"text-align: justify;\">Fonte: Folha Regional \/ Fotos: Diego Fernandes<\/p>\n","protected":false},"excerpt":{"rendered":"<p>O motorista de um caminh\u00e3o VW\/9.170 DRC com placas de Ara\u00e7atuba ficou ferido em decorr\u00eancia de um acidente ocorrido por volta das 15h05 desta ter\u00e7a-feira (8) no dispositivo de acesso ao Cemit\u00e9rio Municipal de Pacaembu na Rodovia Comandante Jo\u00e3o Ribeiro de Barros \u2013 (SP-294). Segundo as primeiras informa\u00e7\u00f5es obtidas pela reportagem do jornal e site [&hellip;]<\/p>\n","protected":false},"author":1,"featured_media":49011,"comment_status":"closed","ping_status":"open","sticky":false,"template":"","format":"standard","meta":{"footnotes":""},"categories":[170,110],"tags":[],"class_list":["post-49010","post","type-post","status-publish","format-standard","has-post-thumbnail","hentry","category-acidentes","category-noticiasdestaque"],"_links":{"self":[{"href":"https:\/\/jorgezanoni.com.br\/2019\/wp-json\/wp\/v2\/posts\/49010","targetHints":{"allow":["GET"]}}],"collection":[{"href":"https:\/\/jorgezanoni.com.br\/2019\/wp-json\/wp\/v2\/posts"}],"about":[{"href":"https:\/\/jorgezanoni.com.br\/2019\/wp-json\/wp\/v2\/types\/post"}],"author":[{"embeddable":true,"href":"https:\/\/jorgezanoni.com.br\/2019\/wp-json\/wp\/v2\/users\/1"}],"replies":[{"embeddable":true,"href":"https:\/\/jorgezanoni.com.br\/2019\/wp-json\/wp\/v2\/comments?post=49010"}],"version-history":[{"count":0,"href":"https:\/\/jorgezanoni.com.br\/2019\/wp-json\/wp\/v2\/posts\/49010\/revisions"}],"wp:featuredmedia":[{"embeddable":true,"href":"https:\/\/jorgezanoni.com.br\/2019\/wp-json\/wp\/v2\/media\/49011"}],"wp:attachment":[{"href":"https:\/\/jorgezanoni.com.br\/2019\/wp-json\/wp\/v2\/media?parent=49010"}],"wp:term":[{"taxonomy":"category","embeddable":true,"href":"https:\/\/jorgezanoni.com.br\/2019\/wp-json\/wp\/v2\/categories?post=49010"},{"taxonomy":"post_tag","embeddable":true,"href":"https:\/\/jorgezanoni.com.br\/2019\/wp-json\/wp\/v2\/tags?post=49010"}],"curies":[{"name":"wp","href":"https:\/\/api.w.org\/{rel}","templated":true}]}}