{"id":49007,"date":"2021-06-08T21:51:00","date_gmt":"2021-06-08T21:51:00","guid":{"rendered":"https:\/\/jorgezanoni.com.br\/2019\/?p=49007"},"modified":"2021-06-08T21:51:00","modified_gmt":"2021-06-08T21:51:00","slug":"liminar-da-justica-suspende-a-sessao-de-julgamento-da-vereadora-sara-scarabelli","status":"publish","type":"post","link":"https:\/\/jorgezanoni.com.br\/2019\/liminar-da-justica-suspende-a-sessao-de-julgamento-da-vereadora-sara-scarabelli\/","title":{"rendered":"Liminar da Justi\u00e7a Suspende a Sess\u00e3o de Julgamento da Vereadora Sara Scarabelli"},"content":{"rendered":"<h3 style=\"text-align: justify;\"><strong>Sess\u00e3o aconteceria amanh\u00e3 (9) \u00e0s 14:00 Horas.<\/strong><\/h3>\n<p style=\"font-weight: 400; text-align: justify;\"><strong>Processo Digital n\u00ba: 1001158-25.2021.8.26.0168<\/strong><\/p>\n<p style=\"font-weight: 400; text-align: justify;\"><strong>Classe &#8211; Assunto Mandado de Seguran\u00e7a C\u00edvel &#8211; Garantias Constitucionais<\/strong><\/p>\n<p style=\"font-weight: 400; text-align: justify;\"><strong>Impetrante: Sara dos Santos Scarabelli Souza<\/strong><\/p>\n<p style=\"font-weight: 400; text-align: justify;\"><strong>Impetrado: Claudinei Millan Pessoa<\/strong><\/p>\n<p style=\"font-weight: 400; text-align: justify;\"><strong>Juiz(a) de Direito: Dr(a). MARCUS FRAZ\u00c3O FROTA<\/strong><\/p>\n<p style=\"font-weight: 400; text-align: justify;\"><strong>Vistos.<\/strong><\/p>\n<p style=\"font-weight: 400; text-align: justify;\"><strong>Fls. 243\/244: Trata-se de pedido formulado pela impetrante, requerendo a suspens\u00e3o da Sess\u00e3o Extraordin\u00e1ria de Julgamento do Processo de Cessa\u00e7\u00e3o de Mandato, designada para o dia 09\/06\/2021.<\/strong><\/p>\n<p style=\"font-weight: 400; text-align: justify;\"><strong>Pois bem.<\/strong><\/p>\n<p style=\"font-weight: 400; text-align: justify;\"><strong>Nos termos dos artigos 1\u00ba, \u201ccaput\u201d, e 7\u00ba, III, da Lei 12.016\/09, s\u00e3o requisitos para a concess\u00e3o da medida liminar em mandado de seguran\u00e7a: a) fundamento relevante, que se configura quando os elementos dos autos apontam para a necessidade de prote\u00e7\u00e3o a direito l\u00edquido e certo, n\u00e3o amparado por habeas corpus ou habeas data, sempre que, ilegalmente ou com abuso de poder, qualquer pessoa f\u00edsica ou jur\u00eddica sofrer viola\u00e7\u00e3o ou houver justo receio de sofr\u00ea-la por parte de autoridade, seja de que categoria for e sejam quais forem as fun\u00e7\u00f5es que exer\u00e7a; b) necessidade de se resguardar a efetividade do processo e da tutela pleiteada.<\/strong><\/p>\n<p style=\"font-weight: 400; text-align: justify;\"><strong>No caso em esp\u00e9cie, h\u00e1 relev\u00e2ncia na fundamenta\u00e7\u00e3o.<\/strong><\/p>\n<p style=\"font-weight: 400; text-align: justify;\"><strong>De fato, pela leitura do artigo 6\u00ba, \u00a7 2\u00ba da Lei Complementar n\u00ba 017 de 22 de abril de 1993, verifica-se a plausibilidade do pedido, sendo temer\u00e1ria a realiza\u00e7\u00e3o da sess\u00e3o antes da decis\u00e3o definitiva sobre o m\u00e9rito discutido.<\/strong><\/p>\n<p style=\"font-weight: 400; text-align: justify;\"><strong>Veja-se o dispositivo legal municipal que regulamenta a legitimidade ativa para pedido de cassa\u00e7\u00e3o de parlamentar por quebra de decoro:<\/strong><\/p>\n<p style=\"font-weight: 400; text-align: justify;\"><strong>\u201cArtigo 6\u00ba &#8211; O Prefeito, o Vice-Prefeito e os Vereadores ter\u00e3o seus mandatos cassados pelo Plen\u00e1rio da C\u00e2mara Municipal, por voto secreto e por maioria de dois ter\u00e7os.<\/strong><\/p>\n<p style=\"font-weight: 400; text-align: justify;\"><strong>(&#8230;)<\/strong><\/p>\n<ul style=\"text-align: justify;\">\n<li style=\"font-weight: 400;\"><strong> 2\u00ba &#8211; O Vereador poder\u00e1 ser denunciado:<\/strong><\/li>\n<\/ul>\n<p style=\"font-weight: 400; text-align: justify;\"><strong>I- pela Mesa;<\/strong><\/p>\n<p style=\"font-weight: 400; text-align: justify;\"><strong>II- por Partido Pol\u00edtico representado na C\u00e2mara Municipal\u201d.<\/strong><\/p>\n<p style=\"font-weight: 400; text-align: justify;\"><strong>Ao que consta nos autos, em an\u00e1lise prelibat\u00f3ria, a representa\u00e7\u00e3o em face da impetrante partiu de vereador isoladamente, e n\u00e3o da Mesa da C\u00e2mara de Vereadores ou de Partido Pol\u00edtico com representa\u00e7\u00e3o, violando, portanto, a pr\u00f3pria legisla\u00e7\u00e3o regimental da augusta Casa de Leis de Dracena sobre o tema.<\/strong><\/p>\n<p style=\"font-weight: 400; text-align: justify;\"><strong>De mesmo modo, n\u00e3o h\u00e1 not\u00edcia nos autos de que tal ilegalidade procedimental quanto a legitimidade ativa da representa\u00e7\u00e3o tenha sido sanada a posteriori. N\u00e3o h\u00e1 nos autos qualquer ratifica\u00e7\u00e3o da representa\u00e7\u00e3o origin\u00e1ria por qualquer Partido Pol\u00edtico com representa\u00e7\u00e3o ou pela Mesa. Desse modo, em an\u00e1lise inicial, o v\u00edcio procedimental persiste.<\/strong><\/p>\n<p style=\"font-weight: 400; text-align: justify;\"><strong>Tampouco h\u00e1 not\u00edcia nos autos de que o Plen\u00e1rio da C\u00e2mara dos Vereadores tenha votado formalmente neste caso ou em situa\u00e7\u00e3o semelhante anterior acerca da legalidade da interpreta\u00e7\u00e3o extensiva\/ampliativa dada ao menciondo dispositivo que versa sobre a legitimidade ativa nas representa\u00e7\u00f5es por quebra de decoro, o que afasta a alega\u00e7\u00e3o de quest\u00e3o interna corporis.<\/strong><\/p>\n<p style=\"font-weight: 400; text-align: justify;\"><strong>Desse modo, h\u00e1 plausibilidade no alegado risco de dano irrepar\u00e1vel evocado pela impetrante na realiza\u00e7\u00e3o da sess\u00e3o sem a aprecia\u00e7\u00e3o do m\u00e9rito do presente, eis que a mencionada quest\u00e3o procedimental \u00e9 prejudicial a vota\u00e7\u00e3o do m\u00e9rito da quebra de decoro.<\/strong><\/p>\n<p style=\"font-weight: 400; text-align: justify;\"><strong>\u00c9 mister frisar que n\u00e3o se trata de intromiss\u00e3o do Poder Judici\u00e1rio em assuntos internos de outros Poderes da Rep\u00fablica, merecendo total credibilidade e respeito os atos em geral emanados pela C\u00e2mara de Vereadores de Dracena. Entretanto, cabe ao Poder Judici\u00e1rio zelar pela legalidade dos atos administrativos. E o presente ato, de car\u00e1ter sancionat\u00f3rio, que pode gerar a cassa\u00e7\u00e3o de um mandato concedido pelo povo, guarda ainda maior relev\u00e2ncia no que pertence a observ\u00e2ncia da legitimidade ativa prevista no regimento interno para a formula\u00e7\u00e3o da representa\u00e7\u00e3o. O controle de legalidade e resguardo dos princ\u00edpios e garantias constitucionais pelo Poder Judici\u00e1rio visa justamente zelar pelo equil\u00edbrio entre os poderes e da pacifica\u00e7\u00e3o social.<\/strong><\/p>\n<p style=\"font-weight: 400; text-align: justify;\"><strong>Vale o antigo brocardo de que em procedimentos\/processos sancionat\u00f3rios, o respeito ao devido processo legal \u00e9 garantia e n\u00e3o mera formalidade.<\/strong><\/p>\n<p style=\"font-weight: 400; text-align: justify;\"><strong>Acrescente-se que sequer a pessoa jur\u00eddica a qual a autoridade coatora est\u00e1 vinculada se manifestou nos autos, denotando ainda ser prematura a realiza\u00e7\u00e3o da sess\u00e3o antes de sua manifesta\u00e7\u00e3o formal sobre o tema.<\/strong><strong>\u00a0<\/strong><\/p>\n<p style=\"font-weight: 400; text-align: justify;\"><strong>N\u00e3o h\u00e1 preju\u00edzo aos trabalhos da comiss\u00e3o processante eis que j\u00e1 foram colhidos todos os elementos de informa\u00e7\u00e3o e instru\u00e7\u00e3o sobre os fatos que lastreiam o pedido de cassa\u00e7\u00e3o por quebra de decoro, estando pendente t\u00e3o somente o julgamento do feito pelos pares da impetrante.<\/strong><\/p>\n<p style=\"font-weight: 400; text-align: justify;\"><strong>Conclui-se que h\u00e1 risco de dano irrepar\u00e1vel ou de dif\u00edcil repara\u00e7\u00e3o \u00e0 impetrante, diante do prosseguimento da sess\u00e3o p\u00fablica de julgamento, com eventual cassa\u00e7\u00e3o do mandato da vereadora processada, antes de senten\u00e7a no presente mandado de seguran\u00e7a (art. 7.\u00ba, inc. III,\u00a0<\/strong><strong>da Lei 12.016\/09).<\/strong><\/p>\n<p style=\"font-weight: 400; text-align: justify;\"><strong>Assim, presentes os requisitos legais, CONCEDO a medida liminar postulada para SUSPENDER A SESS\u00c3O EXTRAORDIN\u00c1RIA DE JULGAMENTO DO PROCESSO DE CASSA\u00c7\u00c3O DO MANDATO da impetrante, da C\u00c2MARA MUNICIPAL DE DRACENA, designada para o dia 09\/06\/2021, \u00e0s 14h00, at\u00e9 a oportuna prola\u00e7\u00e3o da senten\u00e7a no presente Mandado de Seguran\u00e7a.<\/strong><\/p>\n<p style=\"font-weight: 400; text-align: justify;\"><strong>Proceda a z. serventia, a intima\u00e7\u00e3o do impetrado via email (fls. 245). Sem preju\u00edzo, servir\u00e1 a presente decis\u00e3o, por c\u00f3pia digitada, como OF\u00cdCIO, a ser encaminhado pela impetrante.<\/strong><\/p>\n<p style=\"font-weight: 400; text-align: justify;\"><strong>Intimem-se com urg\u00eancia.<\/strong><\/p>\n<p style=\"font-weight: 400; text-align: justify;\"><strong>Dracena, 08 de junho de 2021<\/strong><\/p>\n","protected":false},"excerpt":{"rendered":"<p>Sess\u00e3o aconteceria amanh\u00e3 (9) \u00e0s 14:00 Horas. Processo Digital n\u00ba: 1001158-25.2021.8.26.0168 Classe &#8211; Assunto Mandado de Seguran\u00e7a C\u00edvel &#8211; Garantias Constitucionais Impetrante: Sara dos Santos Scarabelli Souza Impetrado: Claudinei Millan Pessoa Juiz(a) de Direito: Dr(a). MARCUS FRAZ\u00c3O FROTA Vistos. Fls. 243\/244: Trata-se de pedido formulado pela impetrante, requerendo a suspens\u00e3o da Sess\u00e3o Extraordin\u00e1ria de Julgamento [&hellip;]<\/p>\n","protected":false},"author":1,"featured_media":49008,"comment_status":"closed","ping_status":"open","sticky":false,"template":"","format":"standard","meta":{"footnotes":""},"categories":[120,110,116],"tags":[],"class_list":["post-49007","post","type-post","status-publish","format-standard","has-post-thumbnail","hentry","category-justicahabitacaotecnologia","category-noticiasdestaque","category-politicaeeconomia"],"_links":{"self":[{"href":"https:\/\/jorgezanoni.com.br\/2019\/wp-json\/wp\/v2\/posts\/49007","targetHints":{"allow":["GET"]}}],"collection":[{"href":"https:\/\/jorgezanoni.com.br\/2019\/wp-json\/wp\/v2\/posts"}],"about":[{"href":"https:\/\/jorgezanoni.com.br\/2019\/wp-json\/wp\/v2\/types\/post"}],"author":[{"embeddable":true,"href":"https:\/\/jorgezanoni.com.br\/2019\/wp-json\/wp\/v2\/users\/1"}],"replies":[{"embeddable":true,"href":"https:\/\/jorgezanoni.com.br\/2019\/wp-json\/wp\/v2\/comments?post=49007"}],"version-history":[{"count":0,"href":"https:\/\/jorgezanoni.com.br\/2019\/wp-json\/wp\/v2\/posts\/49007\/revisions"}],"wp:featuredmedia":[{"embeddable":true,"href":"https:\/\/jorgezanoni.com.br\/2019\/wp-json\/wp\/v2\/media\/49008"}],"wp:attachment":[{"href":"https:\/\/jorgezanoni.com.br\/2019\/wp-json\/wp\/v2\/media?parent=49007"}],"wp:term":[{"taxonomy":"category","embeddable":true,"href":"https:\/\/jorgezanoni.com.br\/2019\/wp-json\/wp\/v2\/categories?post=49007"},{"taxonomy":"post_tag","embeddable":true,"href":"https:\/\/jorgezanoni.com.br\/2019\/wp-json\/wp\/v2\/tags?post=49007"}],"curies":[{"name":"wp","href":"https:\/\/api.w.org\/{rel}","templated":true}]}}