{"id":48993,"date":"2021-06-08T17:46:41","date_gmt":"2021-06-08T17:46:41","guid":{"rendered":"https:\/\/jorgezanoni.com.br\/2019\/?p=48993"},"modified":"2021-06-08T17:46:41","modified_gmt":"2021-06-08T17:46:41","slug":"trecho-da-rua-aristides-zanoni-tem-alteracao-de-mao-de-direcao-em-dracena","status":"publish","type":"post","link":"https:\/\/jorgezanoni.com.br\/2019\/trecho-da-rua-aristides-zanoni-tem-alteracao-de-mao-de-direcao-em-dracena\/","title":{"rendered":"Trecho da Rua Aristides Zanoni tem altera\u00e7\u00e3o de m\u00e3o de dire\u00e7\u00e3o em Dracena"},"content":{"rendered":"<div class=\"kvgmc6g5 cxmmr5t8 oygrvhab hcukyx3x c1et5uql ii04i59q\">\n<div dir=\"auto\" style=\"text-align: justify;\">Secretaria de Infraestrutura e Assuntos Vi\u00e1rios alerta condutores de ve\u00edculos que agora podem prosseguir em m\u00e3o dupla pela Aristides Zanoni at\u00e9 a Rua das Primaveras, sentido bairro-centro<\/div>\n<\/div>\n<div class=\"o9v6fnle cxmmr5t8 oygrvhab hcukyx3x c1et5uql ii04i59q\" style=\"text-align: justify;\">\n<div dir=\"auto\">A Secretaria de Infraestrutura e Assuntos Vi\u00e1rios promoveu altera\u00e7\u00e3o na m\u00e3o de dire\u00e7\u00e3o na Rua Aristides Zanoni. Agora os condutores de ve\u00edculos poder\u00e3o prosseguir em m\u00e3o dupla at\u00e9 a Rua das Primaveras sentido bairro-centro. Antes, era permitida apenas a m\u00e3o \u00fanica de dire\u00e7\u00e3o no sentido centro-bairro.<\/div>\n<\/div>\n<div class=\"o9v6fnle cxmmr5t8 oygrvhab hcukyx3x c1et5uql ii04i59q\">\n<div dir=\"auto\" style=\"text-align: justify;\">A administra\u00e7\u00e3o municipal alerta aos condutores de ve\u00edculos a ficarem atentos \u00e0 mudan\u00e7a e respeitarem a sinaliza\u00e7\u00e3o.<\/div>\n<div dir=\"auto\"><\/div>\n<div dir=\"auto\"><img loading=\"lazy\" decoding=\"async\" class=\"alignnone size-full wp-image-48994\" src=\"https:\/\/jorgezanoni.com.br\/2019\/wp-content\/uploads\/2021\/06\/pai.jpg\" alt=\"\" width=\"511\" height=\"579\" srcset=\"https:\/\/jorgezanoni.com.br\/2019\/wp-content\/uploads\/2021\/06\/pai.jpg 511w, https:\/\/jorgezanoni.com.br\/2019\/wp-content\/uploads\/2021\/06\/pai-265x300.jpg 265w, https:\/\/jorgezanoni.com.br\/2019\/wp-content\/uploads\/2021\/06\/pai-371x420.jpg 371w\" sizes=\"auto, (max-width: 511px) 100vw, 511px\" \/> <img loading=\"lazy\" decoding=\"async\" class=\"alignnone size-full wp-image-48995\" src=\"https:\/\/jorgezanoni.com.br\/2019\/wp-content\/uploads\/2021\/06\/Pai1.jpg\" alt=\"\" width=\"600\" height=\"800\" srcset=\"https:\/\/jorgezanoni.com.br\/2019\/wp-content\/uploads\/2021\/06\/Pai1.jpg 600w, https:\/\/jorgezanoni.com.br\/2019\/wp-content\/uploads\/2021\/06\/Pai1-225x300.jpg 225w, https:\/\/jorgezanoni.com.br\/2019\/wp-content\/uploads\/2021\/06\/Pai1-315x420.jpg 315w\" sizes=\"auto, (max-width: 600px) 100vw, 600px\" \/> <img loading=\"lazy\" decoding=\"async\" class=\"alignnone size-full wp-image-48997\" src=\"https:\/\/jorgezanoni.com.br\/2019\/wp-content\/uploads\/2021\/06\/pai3.jpg\" alt=\"\" width=\"600\" height=\"800\" srcset=\"https:\/\/jorgezanoni.com.br\/2019\/wp-content\/uploads\/2021\/06\/pai3.jpg 600w, https:\/\/jorgezanoni.com.br\/2019\/wp-content\/uploads\/2021\/06\/pai3-225x300.jpg 225w, https:\/\/jorgezanoni.com.br\/2019\/wp-content\/uploads\/2021\/06\/pai3-315x420.jpg 315w\" sizes=\"auto, (max-width: 600px) 100vw, 600px\" \/><\/div>\n<div dir=\"auto\"><\/div>\n<\/div>\n<div dir=\"auto\">Fonte: Diretoria de Comunica\u00e7\u00e3o<\/div>\n","protected":false},"excerpt":{"rendered":"<p>Secretaria de Infraestrutura e Assuntos Vi\u00e1rios alerta condutores de ve\u00edculos que agora podem prosseguir em m\u00e3o dupla pela Aristides Zanoni at\u00e9 a Rua das Primaveras, sentido bairro-centro A Secretaria de Infraestrutura e Assuntos Vi\u00e1rios promoveu altera\u00e7\u00e3o na m\u00e3o de dire\u00e7\u00e3o na Rua Aristides Zanoni. Agora os condutores de ve\u00edculos poder\u00e3o prosseguir em m\u00e3o dupla at\u00e9 [&hellip;]<\/p>\n","protected":false},"author":1,"featured_media":48998,"comment_status":"closed","ping_status":"open","sticky":false,"template":"","format":"standard","meta":{"footnotes":""},"categories":[179,184,110],"tags":[],"class_list":["post-48993","post","type-post","status-publish","format-standard","has-post-thumbnail","hentry","category-cidadeseregiao","category-dracena","category-noticiasdestaque"],"_links":{"self":[{"href":"https:\/\/jorgezanoni.com.br\/2019\/wp-json\/wp\/v2\/posts\/48993","targetHints":{"allow":["GET"]}}],"collection":[{"href":"https:\/\/jorgezanoni.com.br\/2019\/wp-json\/wp\/v2\/posts"}],"about":[{"href":"https:\/\/jorgezanoni.com.br\/2019\/wp-json\/wp\/v2\/types\/post"}],"author":[{"embeddable":true,"href":"https:\/\/jorgezanoni.com.br\/2019\/wp-json\/wp\/v2\/users\/1"}],"replies":[{"embeddable":true,"href":"https:\/\/jorgezanoni.com.br\/2019\/wp-json\/wp\/v2\/comments?post=48993"}],"version-history":[{"count":0,"href":"https:\/\/jorgezanoni.com.br\/2019\/wp-json\/wp\/v2\/posts\/48993\/revisions"}],"wp:featuredmedia":[{"embeddable":true,"href":"https:\/\/jorgezanoni.com.br\/2019\/wp-json\/wp\/v2\/media\/48998"}],"wp:attachment":[{"href":"https:\/\/jorgezanoni.com.br\/2019\/wp-json\/wp\/v2\/media?parent=48993"}],"wp:term":[{"taxonomy":"category","embeddable":true,"href":"https:\/\/jorgezanoni.com.br\/2019\/wp-json\/wp\/v2\/categories?post=48993"},{"taxonomy":"post_tag","embeddable":true,"href":"https:\/\/jorgezanoni.com.br\/2019\/wp-json\/wp\/v2\/tags?post=48993"}],"curies":[{"name":"wp","href":"https:\/\/api.w.org\/{rel}","templated":true}]}}