{"id":48990,"date":"2021-06-08T17:18:29","date_gmt":"2021-06-08T17:18:29","guid":{"rendered":"https:\/\/jorgezanoni.com.br\/2019\/?p=48990"},"modified":"2021-06-08T17:18:29","modified_gmt":"2021-06-08T17:18:29","slug":"novo-decreto-municipal-aborda-atendimento-de-lotericas-bancos-mercados-e-supermercados","status":"publish","type":"post","link":"https:\/\/jorgezanoni.com.br\/2019\/novo-decreto-municipal-aborda-atendimento-de-lotericas-bancos-mercados-e-supermercados\/","title":{"rendered":"Novo Decreto Municipal aborda atendimento de Lot\u00e9ricas, Bancos, Mercados e Supermercados"},"content":{"rendered":"<div class=\"kvgmc6g5 cxmmr5t8 oygrvhab hcukyx3x c1et5uql ii04i59q\">\n<div dir=\"auto\" style=\"text-align: justify;\">DECRETO N\u00ba 7.440 &#8211; DE 08 DE JUNHO DE 2021.<\/div>\n<\/div>\n<div class=\"o9v6fnle cxmmr5t8 oygrvhab hcukyx3x c1et5uql ii04i59q\" style=\"text-align: justify;\">\n<div dir=\"auto\">Disp\u00f5e sobre o acr\u00e9scimo do artigo 6\u00ba do Decreto Municipal n.\u00ba 7439, de 02 de junho de 2021, conforme especifica.<\/div>\n<\/div>\n<div class=\"o9v6fnle cxmmr5t8 oygrvhab hcukyx3x c1et5uql ii04i59q\" style=\"text-align: justify;\">\n<div dir=\"auto\">ANDR\u00c9 KOZAN LEMOS, Prefeito Municipal de Dracena, Estado de S\u00e3o Paulo, no ato de suas compet\u00eancias estabelecidas pela Lei Org\u00e2nica do Munic\u00edpio de Dracena;<\/div>\n<\/div>\n<div class=\"o9v6fnle cxmmr5t8 oygrvhab hcukyx3x c1et5uql ii04i59q\" style=\"text-align: justify;\">\n<div dir=\"auto\">D E C R E T A:<\/div>\n<\/div>\n<div class=\"o9v6fnle cxmmr5t8 oygrvhab hcukyx3x c1et5uql ii04i59q\" style=\"text-align: justify;\">\n<div dir=\"auto\">Art. 1\u00ba. Ao decreto Municipal n.\u00ba 7.439, de 02 de junho de 2021, fica acrescido o artigo 6\u00aa e seus incisos, que passam a vigorar com a seguinte reda\u00e7\u00e3o:<\/div>\n<div dir=\"auto\">\u201cArt. 6\u00ba &#8211; Para o funcionamento de bancos, lot\u00e9ricas, supermercados, mercados e cong\u00eaneres, no Munic\u00edpio de Dracena, destinados ao abastecimento, em especial, de g\u00eaneros aliment\u00edcios, atividades consideradas como essenciais, nesse per\u00edodo de crise na sa\u00fade p\u00fablica, decorrente do novo coronav\u00edrus (COVID-19), e como medida de redu\u00e7\u00e3o de circula\u00e7\u00e3o e aglomera\u00e7\u00e3o de pessoas, s\u00e3o exigidas a observ\u00e2ncia e cumprimento, por parte dos estabelecimentos, das seguintes regras, no que couber:<\/div>\n<\/div>\n<div class=\"o9v6fnle cxmmr5t8 oygrvhab hcukyx3x c1et5uql ii04i59q\" style=\"text-align: justify;\">\n<div dir=\"auto\">I &#8211; limitar o acesso ao estabelecimento do n\u00famero m\u00e1ximo de pessoas de acordo com a quantidade de caixas dispon\u00edveis, sendo permitido o ingresso de 5 (cinco) clientes para cada caixa em opera\u00e7\u00e3o, podendo o acesso ser controlado por meio de disponibiliza\u00e7\u00e3o de senhas.<\/div>\n<div dir=\"auto\">II \u2013 Estando no limite de ocupa\u00e7\u00e3o do estabelecimento, uma nova pessoa s\u00f3 poder\u00e1 entrar \u00e0 medida que houver a sa\u00edda de outra pessoa do estabelecimento.<\/div>\n<div dir=\"auto\">III \u2013 limitar e controlar a entrada de clientes, sendo que o estabelecimento cuidar\u00e1 para que apenas 1 (uma) pessoa, por vez, desacompanhada, ingresse em seu interior, salvo quando se tratar de situa\u00e7\u00e3o de pessoas que precisem de aux\u00edlio, sendo responsabilidade do estabelecimento fazer o controle de entrada e\u00a0sa\u00edda, para que n\u00e3o haja aglomera\u00e7\u00f5es e para que seja mantido dist\u00e2ncia m\u00ednima de 1,5 m entre as pessoas.<\/div>\n<div dir=\"auto\">V \u2013 utiliza\u00e7\u00e3o de marca\u00e7\u00f5es ou faixas para assegurar a dist\u00e2ncia m\u00ednima de 1,5 m entre clientes, quando for o caso de forma\u00e7\u00e3o de fila de espera para acesso ao estabelecimento, sendo que essa dist\u00e2ncia dever\u00e1 ser entre os clientes na fila e tamb\u00e9m entre as pr\u00f3prias filas, quando existir mais de uma.<\/div>\n<div dir=\"auto\">V \u2013 Permitir o ingresso e perman\u00eancia de quem estiver usando m\u00e1scara de prote\u00e7\u00e3o de forma adequada.<\/div>\n<div dir=\"auto\">VI \u2013 proceder com a higieniza\u00e7\u00e3o dos carrinhos e cestas de compras, imediatamente antes e depois do contato com o cliente.<\/div>\n<div dir=\"auto\">VII \u2013 Execu\u00e7\u00e3o da desinfec\u00e7\u00e3o frequente, com uso de \u00e1lcool 70%, de superf\u00edcies e objetos como balc\u00f5es, bancadas, balan\u00e7as, ma\u00e7anetas, corrim\u00e3os, m\u00e1quinas de cart\u00e3o e outros itens tocados com frequ\u00eancia no estabelecimento.\u201d<\/div>\n<div dir=\"auto\">Art. 2\u00ba &#8211; Este Decreto entrar\u00e1 em vigor na data de sua publica\u00e7\u00e3o.<\/div>\n<\/div>\n<div class=\"o9v6fnle cxmmr5t8 oygrvhab hcukyx3x c1et5uql ii04i59q\" style=\"text-align: justify;\">\n<div dir=\"auto\">Gabinete do Prefeito Municipal<\/div>\n<div dir=\"auto\">Dracena, 08 de junho de 2021.<\/div>\n<\/div>\n<div class=\"o9v6fnle cxmmr5t8 oygrvhab hcukyx3x c1et5uql ii04i59q\" style=\"text-align: justify;\">\n<div dir=\"auto\">ANDR\u00c9 KOZAN LEMOS<\/div>\n<div dir=\"auto\">Prefeito Municipal<\/div>\n<\/div>\n<div class=\"o9v6fnle cxmmr5t8 oygrvhab hcukyx3x c1et5uql ii04i59q\" style=\"text-align: justify;\">\n<div dir=\"auto\">Registrado e publicado por afixa\u00e7\u00e3o, no lugar p\u00fablico do costume<\/div>\n<div dir=\"auto\">desta Prefeitura e no Di\u00e1rio Oficial do Munic\u00edpio. Dracena, data supra.<\/div>\n<\/div>\n<div class=\"o9v6fnle cxmmr5t8 oygrvhab hcukyx3x c1et5uql ii04i59q\">\n<div dir=\"auto\" style=\"text-align: justify;\">MARLI BISCAINO BOTELHO AFFONSO<\/div>\n<div dir=\"auto\" style=\"text-align: justify;\">Secret\u00e1ria de Assuntos Jur\u00eddicos<\/div>\n<\/div>\n","protected":false},"excerpt":{"rendered":"<p>DECRETO N\u00ba 7.440 &#8211; DE 08 DE JUNHO DE 2021. Disp\u00f5e sobre o acr\u00e9scimo do artigo 6\u00ba do Decreto Municipal n.\u00ba 7439, de 02 de junho de 2021, conforme especifica. ANDR\u00c9 KOZAN LEMOS, Prefeito Municipal de Dracena, Estado de S\u00e3o Paulo, no ato de suas compet\u00eancias estabelecidas pela Lei Org\u00e2nica do Munic\u00edpio de Dracena; D [&hellip;]<\/p>\n","protected":false},"author":1,"featured_media":48991,"comment_status":"closed","ping_status":"open","sticky":false,"template":"","format":"standard","meta":{"footnotes":""},"categories":[179,184,110],"tags":[],"class_list":["post-48990","post","type-post","status-publish","format-standard","has-post-thumbnail","hentry","category-cidadeseregiao","category-dracena","category-noticiasdestaque"],"_links":{"self":[{"href":"https:\/\/jorgezanoni.com.br\/2019\/wp-json\/wp\/v2\/posts\/48990","targetHints":{"allow":["GET"]}}],"collection":[{"href":"https:\/\/jorgezanoni.com.br\/2019\/wp-json\/wp\/v2\/posts"}],"about":[{"href":"https:\/\/jorgezanoni.com.br\/2019\/wp-json\/wp\/v2\/types\/post"}],"author":[{"embeddable":true,"href":"https:\/\/jorgezanoni.com.br\/2019\/wp-json\/wp\/v2\/users\/1"}],"replies":[{"embeddable":true,"href":"https:\/\/jorgezanoni.com.br\/2019\/wp-json\/wp\/v2\/comments?post=48990"}],"version-history":[{"count":0,"href":"https:\/\/jorgezanoni.com.br\/2019\/wp-json\/wp\/v2\/posts\/48990\/revisions"}],"wp:featuredmedia":[{"embeddable":true,"href":"https:\/\/jorgezanoni.com.br\/2019\/wp-json\/wp\/v2\/media\/48991"}],"wp:attachment":[{"href":"https:\/\/jorgezanoni.com.br\/2019\/wp-json\/wp\/v2\/media?parent=48990"}],"wp:term":[{"taxonomy":"category","embeddable":true,"href":"https:\/\/jorgezanoni.com.br\/2019\/wp-json\/wp\/v2\/categories?post=48990"},{"taxonomy":"post_tag","embeddable":true,"href":"https:\/\/jorgezanoni.com.br\/2019\/wp-json\/wp\/v2\/tags?post=48990"}],"curies":[{"name":"wp","href":"https:\/\/api.w.org\/{rel}","templated":true}]}}