{"id":4899,"date":"2019-08-30T02:16:23","date_gmt":"2019-08-30T02:16:23","guid":{"rendered":"https:\/\/jorgezanoni.com.br\/2019\/?p=4899"},"modified":"2019-08-30T02:16:23","modified_gmt":"2019-08-30T02:16:23","slug":"caso-de-roubo-a-pizzaria-investigado-pela-policia-civil-resultam-para-os-autores-pena-de-prisao-superior-a-mais-de-10-anos-em-dracena","status":"publish","type":"post","link":"https:\/\/jorgezanoni.com.br\/2019\/caso-de-roubo-a-pizzaria-investigado-pela-policia-civil-resultam-para-os-autores-pena-de-prisao-superior-a-mais-de-10-anos-em-dracena\/","title":{"rendered":"Caso de roubo a pizzaria investigado pela Pol\u00edcia Civil, resultam para os autores pena de pris\u00e3o superior a mais de 10 anos, em Dracena."},"content":{"rendered":"<p style=\"text-align: justify;\">JUSTI\u00c7A FEITA: Caso de roubo a pizzaria investigado pela Pol\u00edcia Civil, resultam para os autores pena de pris\u00e3o superior a mais de 10 anos, em Dracena.<\/p>\n<p><img loading=\"lazy\" decoding=\"async\" class=\"alignnone size-full wp-image-4900\" src=\"https:\/\/jorgezanoni.com.br\/2019\/wp-content\/uploads\/2019\/08\/pizza1.jpg\" alt=\"\" width=\"556\" height=\"443\" srcset=\"https:\/\/jorgezanoni.com.br\/2019\/wp-content\/uploads\/2019\/08\/pizza1.jpg 556w, https:\/\/jorgezanoni.com.br\/2019\/wp-content\/uploads\/2019\/08\/pizza1-300x239.jpg 300w, https:\/\/jorgezanoni.com.br\/2019\/wp-content\/uploads\/2019\/08\/pizza1-527x420.jpg 527w\" sizes=\"auto, (max-width: 556px) 100vw, 556px\" \/><\/p>\n<p style=\"text-align: justify;\">A Pol\u00edcia Civil, por interm\u00e9dio das Unidades Especializadas &#8211; Delegacia de Pol\u00edcia de Investiga\u00e7\u00f5es Gerais e Delegacia de Pol\u00edcia de Investiga\u00e7\u00e3o Sobre Entorpecentes, divulga nesta quinta-feira (29), que dois indiv\u00edduos presos relacionado a ocorr\u00eancia de roubo a uma pizzaria em Dracena, ocorrido no m\u00eas de fevereiro deste ano, foram condenados ontem pelas Justi\u00e7a da Comarca de Dracena. As foram estabelecidas pena de pris\u00e3o de 13 e 14 anos em regime inicial fechado.<\/p>\n<p style=\"text-align: justify;\"><img loading=\"lazy\" decoding=\"async\" class=\"alignnone size-full wp-image-4901\" src=\"https:\/\/jorgezanoni.com.br\/2019\/wp-content\/uploads\/2019\/08\/pizza2.jpg\" alt=\"\" width=\"1280\" height=\"854\" srcset=\"https:\/\/jorgezanoni.com.br\/2019\/wp-content\/uploads\/2019\/08\/pizza2.jpg 1280w, https:\/\/jorgezanoni.com.br\/2019\/wp-content\/uploads\/2019\/08\/pizza2-300x200.jpg 300w, https:\/\/jorgezanoni.com.br\/2019\/wp-content\/uploads\/2019\/08\/pizza2-768x512.jpg 768w, https:\/\/jorgezanoni.com.br\/2019\/wp-content\/uploads\/2019\/08\/pizza2-1024x683.jpg 1024w, https:\/\/jorgezanoni.com.br\/2019\/wp-content\/uploads\/2019\/08\/pizza2-696x464.jpg 696w, https:\/\/jorgezanoni.com.br\/2019\/wp-content\/uploads\/2019\/08\/pizza2-1068x713.jpg 1068w, https:\/\/jorgezanoni.com.br\/2019\/wp-content\/uploads\/2019\/08\/pizza2-630x420.jpg 630w\" sizes=\"auto, (max-width: 1280px) 100vw, 1280px\" \/><br \/>\nO ROUBO: O caso aconteceu no dia 14\/2\/2019, por volta de 23 horas, quando dois homens invadiram um estabelecimento comercial, no bairro S\u00e3o Crist\u00f3v\u00e3o, em Dracena, e mediante emprego de arma de fogo intimidaram e subjugaram o propriet\u00e1rio do estabelecimento, subtraindo a quantia de cerca 1200 reais do caixa. Em seguida empreenderam fuga, ambos os indiv\u00edduos estavam com rosto encobertos.<br \/>\nA INVESTIGA\u00c7\u00c3O: T\u00e3o logo, o fato chegou ao conhecimento das Unidades Especializadas, seus agentes iniciaram os trabalhos visando o esclarecimento do crime e a identifica\u00e7\u00e3o dos poss\u00edveis autores, utilizando todos os m\u00e9todos investigativos dispon\u00edveis, contando com o apoio do Centro de intelig\u00eancia Policial, da Delegacia Seccional de Pol\u00edcia de Dracena. A Policia Civil, no decorrer do inqu\u00e9rito pol\u00edcia, conseguiu reunir provas que foram ess\u00eancias e fundamentais para o oferecimento da den\u00fancia do Minist\u00e9rio P\u00fablico e a posterior condena\u00e7\u00e3o dos autores pela Justi\u00e7a.<br \/>\nForam identificados os dois homens, um ajudante de pintor e um desempregado, ambos de 25 anos de idades e, moradores de Dracena. Na condena\u00e7\u00e3o de ontem o ajudante de pintor foi condenado a 14 anos e 8 meses, e o desempregado a 13 anos e um m\u00eas. Eles tamb\u00e9m, ainda, ser\u00e3o julgados em outro caso roubo acontecido numa petiscaria, ocorrido no dia 8\/3\/2019.<\/p>\n<p>Fonte: Com. Social Pol\u00edcia Civil<\/p>\n","protected":false},"excerpt":{"rendered":"<p>JUSTI\u00c7A FEITA: Caso de roubo a pizzaria investigado pela Pol\u00edcia Civil, resultam para os autores pena de pris\u00e3o superior a mais de 10 anos, em Dracena. A Pol\u00edcia Civil, por interm\u00e9dio das Unidades Especializadas &#8211; Delegacia de Pol\u00edcia de Investiga\u00e7\u00f5es Gerais e Delegacia de Pol\u00edcia de Investiga\u00e7\u00e3o Sobre Entorpecentes, divulga nesta quinta-feira (29), que dois [&hellip;]<\/p>\n","protected":false},"author":1,"featured_media":4902,"comment_status":"closed","ping_status":"open","sticky":false,"template":"","format":"standard","meta":{"footnotes":""},"categories":[110,2],"tags":[],"class_list":["post-4899","post","type-post","status-publish","format-standard","has-post-thumbnail","hentry","category-noticiasdestaque","category-policial"],"_links":{"self":[{"href":"https:\/\/jorgezanoni.com.br\/2019\/wp-json\/wp\/v2\/posts\/4899","targetHints":{"allow":["GET"]}}],"collection":[{"href":"https:\/\/jorgezanoni.com.br\/2019\/wp-json\/wp\/v2\/posts"}],"about":[{"href":"https:\/\/jorgezanoni.com.br\/2019\/wp-json\/wp\/v2\/types\/post"}],"author":[{"embeddable":true,"href":"https:\/\/jorgezanoni.com.br\/2019\/wp-json\/wp\/v2\/users\/1"}],"replies":[{"embeddable":true,"href":"https:\/\/jorgezanoni.com.br\/2019\/wp-json\/wp\/v2\/comments?post=4899"}],"version-history":[{"count":0,"href":"https:\/\/jorgezanoni.com.br\/2019\/wp-json\/wp\/v2\/posts\/4899\/revisions"}],"wp:featuredmedia":[{"embeddable":true,"href":"https:\/\/jorgezanoni.com.br\/2019\/wp-json\/wp\/v2\/media\/4902"}],"wp:attachment":[{"href":"https:\/\/jorgezanoni.com.br\/2019\/wp-json\/wp\/v2\/media?parent=4899"}],"wp:term":[{"taxonomy":"category","embeddable":true,"href":"https:\/\/jorgezanoni.com.br\/2019\/wp-json\/wp\/v2\/categories?post=4899"},{"taxonomy":"post_tag","embeddable":true,"href":"https:\/\/jorgezanoni.com.br\/2019\/wp-json\/wp\/v2\/tags?post=4899"}],"curies":[{"name":"wp","href":"https:\/\/api.w.org\/{rel}","templated":true}]}}