{"id":48973,"date":"2021-06-08T13:55:48","date_gmt":"2021-06-08T13:55:48","guid":{"rendered":"https:\/\/jorgezanoni.com.br\/2019\/?p=48973"},"modified":"2021-06-08T13:55:48","modified_gmt":"2021-06-08T13:55:48","slug":"vereador-melao-presidente-da-camara-de-dracena-foi-transferido-durante-a-madrugada","status":"publish","type":"post","link":"https:\/\/jorgezanoni.com.br\/2019\/vereador-melao-presidente-da-camara-de-dracena-foi-transferido-durante-a-madrugada\/","title":{"rendered":"Vereador Mel\u00e3o Presidente da C\u00e2mara de Dracena foi transferido durante a madrugada"},"content":{"rendered":"<p style=\"text-align: justify;\">O vereador Claudinei Millan Pessoa (Mel\u00e3o), Presidente da C\u00e2mara Municipal de Dracena, foi transferido por volta das 05:00 da manh\u00e3 desta ter\u00e7a-feira (8), para a capital paulista.<\/p>\n<p style=\"text-align: justify;\">Em v\u00f4o fretado que contou com a colabora\u00e7\u00e3o da popula\u00e7\u00e3o dracenense, o avi\u00e3o decolou para S\u00e3o Paulo onde Mel\u00e3o seria levado para o Hospital Dom Alvarenga.<\/p>\n<p style=\"text-align: justify;\">O Vereador havia testado posivitivo para a COVID-19 no dia 24 de maio e acabou internado na UTI da Santa Casa de Dracena desde o \u00faltimo dia 29.<\/p>\n<p style=\"text-align: justify;\">O Site JZ est\u00e1 na torcida para que o conhecido Mel\u00e3o se recupere logo e volte ao conv\u00edvo dos familiares e amigos.<\/p>\n<p style=\"text-align: justify;\">Jorge Zanoni<\/p>\n<p style=\"text-align: justify;\">Foto de Internauta<\/p>\n<div class=\"kvgmc6g5 cxmmr5t8 oygrvhab hcukyx3x c1et5uql ii04i59q\" style=\"text-align: justify;\"><\/div>\n<div class=\"o9v6fnle cxmmr5t8 oygrvhab hcukyx3x c1et5uql ii04i59q\" style=\"text-align: justify;\">\n<div dir=\"auto\"><\/div>\n<\/div>\n<div class=\"o9v6fnle cxmmr5t8 oygrvhab hcukyx3x c1et5uql ii04i59q\">\n<div dir=\"auto\" style=\"text-align: justify;\"><\/div>\n<\/div>\n","protected":false},"excerpt":{"rendered":"<p>O vereador Claudinei Millan Pessoa (Mel\u00e3o), Presidente da C\u00e2mara Municipal de Dracena, foi transferido por volta das 05:00 da manh\u00e3 desta ter\u00e7a-feira (8), para a capital paulista. Em v\u00f4o fretado que contou com a colabora\u00e7\u00e3o da popula\u00e7\u00e3o dracenense, o avi\u00e3o decolou para S\u00e3o Paulo onde Mel\u00e3o seria levado para o Hospital Dom Alvarenga. O Vereador [&hellip;]<\/p>\n","protected":false},"author":1,"featured_media":48974,"comment_status":"closed","ping_status":"open","sticky":false,"template":"","format":"standard","meta":{"footnotes":""},"categories":[110,116],"tags":[],"class_list":["post-48973","post","type-post","status-publish","format-standard","has-post-thumbnail","hentry","category-noticiasdestaque","category-politicaeeconomia"],"_links":{"self":[{"href":"https:\/\/jorgezanoni.com.br\/2019\/wp-json\/wp\/v2\/posts\/48973","targetHints":{"allow":["GET"]}}],"collection":[{"href":"https:\/\/jorgezanoni.com.br\/2019\/wp-json\/wp\/v2\/posts"}],"about":[{"href":"https:\/\/jorgezanoni.com.br\/2019\/wp-json\/wp\/v2\/types\/post"}],"author":[{"embeddable":true,"href":"https:\/\/jorgezanoni.com.br\/2019\/wp-json\/wp\/v2\/users\/1"}],"replies":[{"embeddable":true,"href":"https:\/\/jorgezanoni.com.br\/2019\/wp-json\/wp\/v2\/comments?post=48973"}],"version-history":[{"count":0,"href":"https:\/\/jorgezanoni.com.br\/2019\/wp-json\/wp\/v2\/posts\/48973\/revisions"}],"wp:featuredmedia":[{"embeddable":true,"href":"https:\/\/jorgezanoni.com.br\/2019\/wp-json\/wp\/v2\/media\/48974"}],"wp:attachment":[{"href":"https:\/\/jorgezanoni.com.br\/2019\/wp-json\/wp\/v2\/media?parent=48973"}],"wp:term":[{"taxonomy":"category","embeddable":true,"href":"https:\/\/jorgezanoni.com.br\/2019\/wp-json\/wp\/v2\/categories?post=48973"},{"taxonomy":"post_tag","embeddable":true,"href":"https:\/\/jorgezanoni.com.br\/2019\/wp-json\/wp\/v2\/tags?post=48973"}],"curies":[{"name":"wp","href":"https:\/\/api.w.org\/{rel}","templated":true}]}}