{"id":48970,"date":"2021-06-08T13:01:05","date_gmt":"2021-06-08T13:01:05","guid":{"rendered":"https:\/\/jorgezanoni.com.br\/2019\/?p=48970"},"modified":"2021-06-08T13:01:05","modified_gmt":"2021-06-08T13:01:05","slug":"a-articulacao-da-teoria-com-a-pratica-na-formacao-em-psicologia","status":"publish","type":"post","link":"https:\/\/jorgezanoni.com.br\/2019\/a-articulacao-da-teoria-com-a-pratica-na-formacao-em-psicologia\/","title":{"rendered":"A articula\u00e7\u00e3o da teoria com a pr\u00e1tica na forma\u00e7\u00e3o em Psicologia"},"content":{"rendered":"<div dir=\"ltr\" style=\"text-align: justify;\"><span style=\"font-size: large;\">O departamento de Psicologia da Unifadra, preocupado com a articula\u00e7\u00e3o da teoria com a pr\u00e1tica na forma\u00e7\u00e3o do psic\u00f3logo, por meio de seu corpo docente e de parcerias com profissionais da \u00e1rea, vem construindo espa\u00e7os e reflex\u00f5es sobre a atua\u00e7\u00e3o do psic\u00f3logo em diferentes contextos.<\/span><\/p>\n<p><span style=\"font-size: large;\">Neste sentido, promoveu em maio, sob coordena\u00e7\u00e3o da Prof. Esp. F\u00e1tima Simone Silva Pereira Consoni, dois encontros entre acad\u00eamicos e profissionais atuantes na regi\u00e3o.<\/span><\/p>\n<p><span style=\"font-size: large;\">No dia 19 de maio, a psic\u00f3loga\u00a0<\/span>Grasielle<span style=\"font-size: large;\">\u00a0Santana visitou o 3\u00ba termo do curso de Psicologia e \u00a0conversou a respeito de seu trabalho na \u00e1rea social, que vai ao encontro dos conte\u00fados estudados na disciplina Psicologia Social. O tema abordado foi &#8220;Psicologia Social: subjetividade e territorialidade&#8221; e provocou a reflex\u00e3o e a discuss\u00e3o sobre as pr\u00e1ticas desenvolvidas pelo psic\u00f3logo voltadas \u00e0 promo\u00e7\u00e3o de melhores condi\u00e7\u00f5es de vida para as pessoas inseridas em uma determinada comunidade.<\/span><\/p>\n<p><span style=\"font-size: large;\">A Psicologia Social busca compreender as mazelas sociais, possibilitando espa\u00e7o para que o sujeito reflita sobre seu papel e construa novas formas de enfrentar as quest\u00f5es sociais que contribuem para o desenvolvimento e a materializa\u00e7\u00e3o da cidadania. Desta forma, o trabalho do psic\u00f3logo com a popula\u00e7\u00e3o em situa\u00e7\u00e3o de vulnerabilidade social \u00e9 de fundamental import\u00e2ncia, pois envolve atuar de acordo com os Direitos Humanos, lutando pelos direitos e qualidade de vida das pessoas no combate das severas desigualdades sociais, assim como compreender suas causas e impactos.<\/span><\/p>\n<p><span style=\"font-size: large;\">No dia 25 de maio, a psic\u00f3loga Aparecida Pavani Pascoaloto esteve com os acad\u00eamicos do 7\u00ba termo de Psicologia para discutir sobre a &#8220;Pr\u00e1tica profissional na \u00e1rea cl\u00ednica dentro do enfoque cognitivo-comportamental&#8221;.<\/span><\/p>\n<p><span style=\"font-size: large;\">O trabalho cl\u00ednico do psic\u00f3logo envolve escutar o paciente, acolher e, a partir da\u00ed, desenvolver interven\u00e7\u00f5es que o orientem em busca de al\u00edvio emocional. Isto ajuda a pessoa a se conhecer melhor e, por consequ\u00eancia, a lidar com seus anseios, \u00a0ang\u00fastias e dificuldades de forma mais saud\u00e1vel e funcional.<\/span><\/p>\n<p><span style=\"font-size: large;\">A profissional abordou procedimentos e interven\u00e7\u00f5es que v\u00eam sendo trabalhadas na \u00e1rea cl\u00ednica com crian\u00e7as, adolescentes e adultos dentro da abordagem cognitivo-comportamental &#8211; considerada uma abordagem diretiva, breve e focada no problema atual do paciente.<\/span><\/p>\n<p><span style=\"font-size: large;\">Segundo a coordenadora do curso de\u00a0<\/span>Psicologia, Profa.<span style=\"font-size: large;\">\u00a0Ma. Andr\u00e9a Frizo de Carvalho Barbosa, &#8220;os encontros foram momentos de reflex\u00f5es e constru\u00e7\u00f5es de novos conhecimentos para os acad\u00eamicos do curso de Psicologia&#8221;, destacando ainda que as duas psic\u00f3logas convidadas foram acad\u00eamicas do curso na Unifadra. &#8220;Muito nos orgulha que profissionais formados pela institui\u00e7\u00e3o estejam fazendo trabalhos de grande relev\u00e2ncia na comunidade e contribuindo para a forma\u00e7\u00e3o de novos profissionais&#8221;, completou a coordenadora.<\/span><\/p>\n<p><span style=\"font-size: large;\">A dire\u00e7\u00e3o acad\u00eamica e a coordena\u00e7\u00e3o do curso agradecem as convidadas pela importante contribui\u00e7\u00e3o no processo formativo de novos psic\u00f3logos. Segundo o diretor acad\u00eamico\u00a0<\/span>Prof. Dr.<span style=\"font-size: large;\">\u00a0Enio Garbelini, &#8220;atividades como esta ampliam o entendimento do aluno e correlacionam aspectos do universo acad\u00eamico \u00e0 realidade profissional, tornando-se uma refer\u00eancia sobre como se desenvolve a atua\u00e7\u00e3o do psic\u00f3logo em \u00e1reas mais espec\u00edficas&#8221;.<\/span><\/div>\n<div dir=\"ltr\" style=\"text-align: justify;\"><span style=\"font-size: large;\">\u00a0<\/span><\/div>\n<div style=\"text-align: justify;\"><span style=\"font-size: large;\"><u>(ANEXO<\/u>:\u00a0Em destaque, as psic\u00f3logas Aparecida Pavani Pascoaloto e Grasielle Santana)<\/span><\/div>\n<div><\/div>\n<div>Kenia Gomes<br \/>\nAssistente de Comunica\u00e7\u00e3o &#8211; Fundec<br \/>\nFunda\u00e7\u00e3o Dracenense de Educa\u00e7\u00e3o e Cultura<\/div>\n","protected":false},"excerpt":{"rendered":"<p>O departamento de Psicologia da Unifadra, preocupado com a articula\u00e7\u00e3o da teoria com a pr\u00e1tica na forma\u00e7\u00e3o do psic\u00f3logo, por meio de seu corpo docente e de parcerias com profissionais da \u00e1rea, vem construindo espa\u00e7os e reflex\u00f5es sobre a atua\u00e7\u00e3o do psic\u00f3logo em diferentes contextos. Neste sentido, promoveu em maio, sob coordena\u00e7\u00e3o da Prof. Esp. [&hellip;]<\/p>\n","protected":false},"author":1,"featured_media":48971,"comment_status":"closed","ping_status":"open","sticky":false,"template":"","format":"standard","meta":{"footnotes":""},"categories":[122],"tags":[],"class_list":["post-48970","post","type-post","status-publish","format-standard","has-post-thumbnail","hentry","category-saudeeducacaoeconcurso"],"_links":{"self":[{"href":"https:\/\/jorgezanoni.com.br\/2019\/wp-json\/wp\/v2\/posts\/48970","targetHints":{"allow":["GET"]}}],"collection":[{"href":"https:\/\/jorgezanoni.com.br\/2019\/wp-json\/wp\/v2\/posts"}],"about":[{"href":"https:\/\/jorgezanoni.com.br\/2019\/wp-json\/wp\/v2\/types\/post"}],"author":[{"embeddable":true,"href":"https:\/\/jorgezanoni.com.br\/2019\/wp-json\/wp\/v2\/users\/1"}],"replies":[{"embeddable":true,"href":"https:\/\/jorgezanoni.com.br\/2019\/wp-json\/wp\/v2\/comments?post=48970"}],"version-history":[{"count":0,"href":"https:\/\/jorgezanoni.com.br\/2019\/wp-json\/wp\/v2\/posts\/48970\/revisions"}],"wp:featuredmedia":[{"embeddable":true,"href":"https:\/\/jorgezanoni.com.br\/2019\/wp-json\/wp\/v2\/media\/48971"}],"wp:attachment":[{"href":"https:\/\/jorgezanoni.com.br\/2019\/wp-json\/wp\/v2\/media?parent=48970"}],"wp:term":[{"taxonomy":"category","embeddable":true,"href":"https:\/\/jorgezanoni.com.br\/2019\/wp-json\/wp\/v2\/categories?post=48970"},{"taxonomy":"post_tag","embeddable":true,"href":"https:\/\/jorgezanoni.com.br\/2019\/wp-json\/wp\/v2\/tags?post=48970"}],"curies":[{"name":"wp","href":"https:\/\/api.w.org\/{rel}","templated":true}]}}