{"id":48949,"date":"2021-06-07T22:12:52","date_gmt":"2021-06-07T22:12:52","guid":{"rendered":"https:\/\/jorgezanoni.com.br\/2019\/?p=48949"},"modified":"2021-06-07T22:12:52","modified_gmt":"2021-06-07T22:12:52","slug":"ministerio-publico-recomenda-a-prefeitura-decretacao-de-lockdown-em-presidente-prudente-por-pelo-menos-15-dias","status":"publish","type":"post","link":"https:\/\/jorgezanoni.com.br\/2019\/ministerio-publico-recomenda-a-prefeitura-decretacao-de-lockdown-em-presidente-prudente-por-pelo-menos-15-dias\/","title":{"rendered":"Minist\u00e9rio P\u00fablico recomenda \u00e0 Prefeitura decreta\u00e7\u00e3o de lockdown em Presidente Prudente por pelo menos 15 dias"},"content":{"rendered":"<h2 class=\"content-head__subtitle\" style=\"text-align: justify;\"><strong>Motivo \u00e9 a atual situa\u00e7\u00e3o da regi\u00e3o, em especial do munic\u00edpio, com rela\u00e7\u00e3o a pandemia do novo coronav\u00edrus. Poder Executivo informou que vai analisar o teor do documento em conjunto com os membros do grupo de enfrentamento \u00e0 Covid-19 e representantes da sociedade civil.<\/strong><\/h2>\n<div class=\"mc-column content-text active-extra-styles \" style=\"text-align: justify;\" data-block-type=\"unstyled\" data-block-weight=\"61\" data-block-id=\"2\">\n<p class=\"content-text__container \" data-track-category=\"Link no Texto\" data-track-links=\"\">O Minist\u00e9rio P\u00fablico do Estado de S\u00e3o Paulo (MPE-SP), atrav\u00e9s do promotor de Justi\u00e7a Marcelo Creste, recomendou ao prefeito de\u00a0<a href=\"https:\/\/g1.globo.com\/sp\/presidente-prudente-regiao\/cidade\/presidente-prudente\/\">Presidente Prudente (SP)<\/a>, Ed Thomas (PSB), nesta segunda-feira (7), a decreta\u00e7\u00e3o de\u00a0<em>lockdown<\/em>\u00a0no munic\u00edpio por pelo menos 15 dias. O motivo para a recomenda\u00e7\u00e3o \u00e9 a atual situa\u00e7\u00e3o da regi\u00e3o, em especial do munic\u00edpio, com rela\u00e7\u00e3o a pandemia de Covid-19.<\/p>\n<\/div>\n<div class=\"wall protected-content\">\n<div class=\"mc-column content-text active-extra-styles\" style=\"text-align: justify;\" data-block-type=\"raw\" data-block-weight=\"50\" data-block-id=\"3\">\n<blockquote class=\"content-blockquote theme-border-color-primary-before\"><p>\u201cPelo presente, recomendo a vossa excel\u00eancia que seja decretado verdadeiro lockdown no munic\u00edpio de Presidente Prudente por pelo menos 15 dias, atingindo n\u00e3o s\u00f3 atividades n\u00e3o essenciais, mas tamb\u00e9m as atividades essenciais, ainda que com menor grau de restri\u00e7\u00e3o, tal como feito em Portugal e na Inglaterra\u201d, declarou o promotor.<\/p><\/blockquote>\n<\/div>\n<div class=\"mc-column content-text active-extra-styles \" style=\"text-align: justify;\" data-block-type=\"unstyled\" data-block-weight=\"26\" data-block-id=\"4\">\n<p class=\"content-text__container \" data-track-category=\"Link no Texto\" data-track-links=\"\">No documento enviado ao chefe do Poder Executivo, Creste ainda recomenda que seja articulado com os demais prefeitos da regi\u00e3o para que o\u00a0<em>lockdown\u00a0<\/em>seja regional.<\/p>\n<\/div>\n<div class=\"mc-column content-text active-extra-styles\" style=\"text-align: justify;\" data-block-type=\"raw\" data-block-weight=\"4\" data-block-id=\"5\">\n<div class=\"content-intertitle\">\n<h2>N\u00fameros n\u00e3o retratam realidade<\/h2>\n<\/div>\n<\/div>\n<div class=\"mc-column content-text active-extra-styles \" style=\"text-align: justify;\" data-block-type=\"unstyled\" data-block-weight=\"45\" data-block-id=\"6\">\n<p class=\"content-text__container \" data-track-category=\"Link no Texto\" data-track-links=\"\">O promotor aponta que h\u00e1 tempos o Departamento Regional de Sa\u00fade 11 (DRS 11) apresenta taxa de ocupa\u00e7\u00e3o regional de Unidade de Terapia Intensiva (UTI) Covid muito acima de 90% e indica informa\u00e7\u00f5es do Censo Covid desta segunda-feira, com dados compilados at\u00e9 este domingo (6).<\/p>\n<\/div>\n<div class=\"mc-column content-text active-extra-styles \" style=\"text-align: justify;\" data-block-type=\"unstyled\" data-block-weight=\"28\" data-block-id=\"7\">\n<p class=\"content-text__container \" data-track-category=\"Link no Texto\" data-track-links=\"\">Segundo o of\u00edcio, o DRS de Presidente Prudente possui 161 leitos de UTI Covid, sendo que 156 deles j\u00e1 est\u00e3o ocupados, o que representa uma ocupa\u00e7\u00e3o de 96,9%.<\/p>\n<\/div>\n<div class=\"mc-column content-text active-extra-styles \" style=\"text-align: justify;\" data-block-type=\"unstyled\" data-block-weight=\"26\" data-block-id=\"9\">\n<p class=\"content-text__container \" data-track-category=\"Link no Texto\" data-track-links=\"\">\u201cEmbora aponte taxa de ocupa\u00e7\u00e3o regional de leito UTI Covid de 96,9%, esse n\u00famero na verdade \u00e9 bem superior e n\u00e3o retrata a realidade\u201d, afirma Creste.<\/p>\n<\/div>\n<div class=\"mc-column content-text active-extra-styles \" style=\"text-align: justify;\" data-block-type=\"unstyled\" data-block-weight=\"43\" data-block-id=\"10\">\n<p class=\"content-text__container \" data-track-category=\"Link no Texto\" data-track-links=\"\">O promotor cita no documento que a quantidade real de leito UTI Covid do Hospital Regional de Presidente Prudente \u00e9 40, mas, atualmente, est\u00e1 com 45 pessoas internadas em UTI. Isso indica na verdade uma taxa de ocupa\u00e7\u00e3o de 112,5%, segundo a recomenda\u00e7\u00e3o.<\/p>\n<\/div>\n<div class=\"mc-column content-text active-extra-styles \" style=\"text-align: justify;\" data-block-type=\"unstyled\" data-block-weight=\"36\" data-block-id=\"11\">\n<p class=\"content-text__container \" data-track-category=\"Link no Texto\" data-track-links=\"\">Creste diz ainda que, igualmente, a quantidade real de leito UTI Covid da Santa Casa de Presidente Prudente \u00e9 30, mas est\u00e1 com 36 pessoas internadas, o que representa taxa real de ocupa\u00e7\u00e3o de 120%.<\/p>\n<\/div>\n<div class=\"mc-column content-text active-extra-styles \" style=\"text-align: justify;\" data-block-type=\"unstyled\" data-block-weight=\"30\" data-block-id=\"12\">\n<p class=\"content-text__container \" data-track-category=\"Link no Texto\" data-track-links=\"\">Na rede privada, o Hospital Iamada tem 11 pessoas internadas em leito UTI Covid, mas a quantidade real de leitos \u00e9 10. Isso implica taxa real de ocupa\u00e7\u00e3o de 110%.<\/p>\n<\/div>\n<div class=\"mc-column content-text active-extra-styles \" style=\"text-align: justify;\" data-block-type=\"unstyled\" data-block-weight=\"27\" data-block-id=\"13\">\n<p class=\"content-text__container \" data-track-category=\"Link no Texto\" data-track-links=\"\">O representante do MPE tamb\u00e9m afirma que ao se analisar a situa\u00e7\u00e3o dos leitos de suporte ventilat\u00f3rio da regi\u00e3o, verifica-se que a situa\u00e7\u00e3o \u00e9 ainda mais grave.<\/p>\n<\/div>\n<div class=\"mc-column content-text active-extra-styles \" style=\"text-align: justify;\" data-block-type=\"unstyled\" data-block-weight=\"33\" data-block-id=\"14\">\n<p class=\"content-text__container \" data-track-category=\"Link no Texto\" data-track-links=\"\">Conforme o Censo Covid desta segunda-feira, o DRS de Presidente Prudente tem 23 leitos de suporte ventilat\u00f3rio para Covid-19, sendo que 19 est\u00e3o ocupados, o que representa uma taxa de 82,6% de ocupa\u00e7\u00e3o.<\/p>\n<\/div>\n<div class=\"mc-column content-text active-extra-styles\" style=\"text-align: justify;\" data-block-type=\"raw\" data-block-weight=\"92\" data-block-id=\"15\">\n<blockquote class=\"content-blockquote theme-border-color-primary-before\"><p>\u201cNa verdade,\u00a0<em>data venia<\/em>, leito de suporte ventilat\u00f3rio \u00e9 mais uma jabuticaba brasileira, pois representa a falta de leito UTI Covid. Infelizmente, a capacidade de atendimento hospitalar da regi\u00e3o em leito UTI est\u00e1 esgotada. Tamb\u00e9m est\u00e1 esgotada a capacidade da rede p\u00fablica municipal de atender casos graves de Covid-19 nas suas unidades de urg\u00eancia e emerg\u00eancia. Isto \u00e9 revelado pelo Boletim CROSS de 07\/06\/2021, que aponta que, na data de hoje, 27 pessoas aguardam em toda DRS XI transfer\u00eancia para leito UTI Covid, das quais 05 em estado grav\u00edssimo\u201d, declara o promotor.<\/p><\/blockquote>\n<\/div>\n<div class=\"mc-column content-text active-extra-styles \" style=\"text-align: justify;\" data-block-type=\"unstyled\" data-block-weight=\"50\" data-block-id=\"16\">\n<p class=\"content-text__container \" data-track-category=\"Link no Texto\" data-track-links=\"\">Creste ainda afirma no of\u00edcio ao prefeito que a procura por atendimento m\u00e9dico por sintomas da Covid-19 tem aumentado em muito nos equipamentos de sa\u00fade do munic\u00edpio, tanto privados como p\u00fablicos, o que serve para indicar a alta taxa de transmiss\u00e3o no territ\u00f3rio, bem superior \u00e0 apontada nos relat\u00f3rios oficiais.<\/p>\n<\/div>\n<div class=\"mc-column content-text active-extra-styles \" style=\"text-align: justify;\" data-block-type=\"unstyled\" data-block-weight=\"26\" data-block-id=\"18\">\n<p class=\"content-text__container \" data-track-category=\"Link no Texto\" data-track-links=\"\">\u201cAgrava-se a situa\u00e7\u00e3o quando se constata que, por v\u00e1rias semanas epidemiol\u00f3gicas, o n\u00famero de novas interna\u00e7\u00f5es \u00e9 bem superior ao n\u00famero de altas\u201d, afirma o promotor.<\/p>\n<\/div>\n<div class=\"row medium-uncollapsed content-media content-photo\" style=\"text-align: justify;\" data-block-type=\"backstage-photo\" data-block-id=\"19\">\n<div class=\"mc-column content-media__container\">\n<div class=\"content-media-container glb-skeleton-box\">\n<figure class=\"content-media-figure\"><img decoding=\"async\" class=\"i-amphtml-fill-content i-amphtml-replaced-content\" src=\"https:\/\/s2.glbimg.com\/LWZ6qiTaVABATRs5rigO70LwlA8=\/0x0:1700x1065\/984x0\/smart\/filters:strip_icc()\/i.s3.glbimg.com\/v1\/AUTH_59edd422c0c84a879bd37670ae4f538a\/internal_photos\/bs\/2020\/l\/z\/bkqYapQJab1ZAgMaH38g\/2020-06-02t000000z-421216691-rc2z0h9d1f8j-rtrmadp-3-health-coronavirus-spain-pensions.jpg\" sizes=\"(max-width: 1366px) 648px, 100vw\" srcset=\"https:\/\/s2.glbimg.com\/fVNXX9GX5jujjtRBIWtuqEbZ2S4=\/0x0:1700x1065\/1000x0\/smart\/filters:strip_icc()\/i.s3.glbimg.com\/v1\/AUTH_59edd422c0c84a879bd37670ae4f538a\/internal_photos\/bs\/2020\/l\/z\/bkqYapQJab1ZAgMaH38g\/2020-06-02t000000z-421216691-rc2z0h9d1f8j-rtrmadp-3-health-coronavirus-spain-pensions.jpg 1000w, https:\/\/s2.glbimg.com\/LWZ6qiTaVABATRs5rigO70LwlA8=\/0x0:1700x1065\/984x0\/smart\/filters:strip_icc()\/i.s3.glbimg.com\/v1\/AUTH_59edd422c0c84a879bd37670ae4f538a\/internal_photos\/bs\/2020\/l\/z\/bkqYapQJab1ZAgMaH38g\/2020-06-02t000000z-421216691-rc2z0h9d1f8j-rtrmadp-3-health-coronavirus-spain-pensions.jpg 984w, https:\/\/s2.glbimg.com\/sgusca9e7nfsk5XH6hsNOWZLw40=\/0x0:1700x1065\/640x0\/smart\/filters:strip_icc()\/i.s3.glbimg.com\/v1\/AUTH_59edd422c0c84a879bd37670ae4f538a\/internal_photos\/bs\/2020\/l\/z\/bkqYapQJab1ZAgMaH38g\/2020-06-02t000000z-421216691-rc2z0h9d1f8j-rtrmadp-3-health-coronavirus-spain-pensions.jpg 640w, https:\/\/s2.glbimg.com\/Bgu8n477mhXws77nJTpzEPNvaDQ=\/0x0:1700x1065\/600x0\/smart\/filters:strip_icc()\/i.s3.glbimg.com\/v1\/AUTH_59edd422c0c84a879bd37670ae4f538a\/internal_photos\/bs\/2020\/l\/z\/bkqYapQJab1ZAgMaH38g\/2020-06-02t000000z-421216691-rc2z0h9d1f8j-rtrmadp-3-health-coronavirus-spain-pensions.jpg 600w\" alt=\"Promotor alerta sobre poss\u00edvel aumento de mortes em Presidente Prudente \u2014 Foto: Reuters\/Susana Vera \" \/><\/figure>\n<\/div>\n<p class=\"content-media__description \">Promotor alerta sobre poss\u00edvel aumento de mortes em Presidente Prudente \u2014 Foto: Reuters\/Susana Vera<\/p>\n<\/div>\n<\/div>\n<div class=\"mc-column content-text active-extra-styles\" style=\"text-align: justify;\" data-block-type=\"raw\" data-block-weight=\"6\" data-block-id=\"20\">\n<div class=\"content-intertitle\">\n<h2>Poss\u00edvel aumento no n\u00famero de mortes<\/h2>\n<\/div>\n<\/div>\n<div class=\"mc-column content-text active-extra-styles \" style=\"text-align: justify;\" data-block-type=\"unstyled\" data-block-weight=\"33\" data-block-id=\"21\">\n<p class=\"content-text__container \" data-track-category=\"Link no Texto\" data-track-links=\"\">O representante do MPE declara no documento enviado ao Poder Executivo prudentino que a aus\u00eancia do fechamento total, aliada ao esgotamento do sistema de sa\u00fade, pode levar ao aumento do n\u00famero de mortes.<\/p>\n<\/div>\n<div class=\"mc-column content-text active-extra-styles\" style=\"text-align: justify;\" data-block-type=\"raw\" data-block-weight=\"38\" data-block-id=\"22\">\n<blockquote class=\"content-blockquote theme-border-color-primary-before\"><p>\u201cA aus\u00eancia de verdadeiro\u00a0<em>lockdown<\/em>, aliada ao esgotamento da capacidade de resposta do sistema, que, segundo noticiado, n\u00e3o mais tem capacidade de expans\u00e3o, levar\u00e1, invariavelmente, ao aumento do n\u00famero de mortes, v\u00e1rias delas em situa\u00e7\u00e3o de indignidade humana\u201d.<\/p><\/blockquote>\n<\/div>\n<div class=\"mc-column content-text active-extra-styles \" style=\"text-align: justify;\" data-block-type=\"unstyled\" data-block-weight=\"21\" data-block-id=\"23\">\n<p class=\"content-text__container \" data-track-category=\"Link no Texto\" data-track-links=\"\">Creste pontua que \u201ca regi\u00e3o de Presidente Prudente, infelizmente, apresenta um dos piores \u00edndices epidemiol\u00f3gicos do Estado de S\u00e3o Paulo\u201d.<\/p>\n<\/div>\n<div class=\"mc-column content-text active-extra-styles \" style=\"text-align: justify;\" data-block-type=\"unstyled\" data-block-weight=\"41\" data-block-id=\"24\">\n<p class=\"content-text__container \" data-track-category=\"Link no Texto\" data-track-links=\"\">O promotor lembra que, atualmente, a regi\u00e3o \u00e9 dominada pela variante P1 do coronav\u00edrus, que, segundo alguns estudiosos, \u00e9 mais transmiss\u00edvel e mais agressiva, provavelmente respons\u00e1vel pela maior letalidade em UTI, independentemente de idade do paciente e da presen\u00e7a de comorbidades.<\/p>\n<\/div>\n<div class=\"mc-column content-text active-extra-styles \" style=\"text-align: justify;\" data-block-type=\"unstyled\" data-block-weight=\"33\" data-block-id=\"25\">\n<p class=\"content-text__container \" data-track-category=\"Link no Texto\" data-track-links=\"\">Com base em dados do Grupo de Vigil\u00e2ncia Epidemiol\u00f3gica (GVE), Creste afirma que \u201cde fato, a letalidade da Regi\u00e3o da DRS XI \u00e9 alta, comparada com outros pa\u00edses e com o pr\u00f3prio Brasil\u201d.<\/p>\n<\/div>\n<div class=\"mc-column content-text active-extra-styles \" style=\"text-align: justify;\" data-block-type=\"unstyled\" data-block-weight=\"8\" data-block-id=\"26\">\n<p class=\"content-text__container \" data-track-category=\"Link no Texto\" data-track-links=\"\">Segundo o documento, os dados de letalidade s\u00e3o:<\/p>\n<\/div>\n<div class=\"mc-column content-text active-extra-styles\" style=\"text-align: justify;\" data-block-type=\"raw\" data-block-weight=\"16\" data-block-id=\"28\">\n<ul class=\"content-unordered-list\">\n<li><span class=\"highlight highlighted\">DRS 11 \u2013 3,1<\/span><\/li>\n<li><span class=\"highlight highlighted\">Estado de S\u00e3o Paulo \u2013 3,4<\/span><\/li>\n<li><span class=\"highlight highlighted\">Brasil \u2013 2,8<\/span><\/li>\n<li><span class=\"highlight highlighted\">Mundo \u2013 2,1<\/span><\/li>\n<\/ul>\n<\/div>\n<div class=\"mc-column content-text active-extra-styles \" style=\"text-align: justify;\" data-block-type=\"unstyled\" data-block-weight=\"43\" data-block-id=\"29\">\n<p class=\"content-text__container \" data-track-category=\"Link no Texto\" data-track-links=\"\">\u201cE talvez pela maior presen\u00e7a da variante P1, aliada a outros fatores, como, por exemplo, defici\u00eancia da capacidade de resposta do sistema hospitalar, em especial no crit\u00e9rio tempo, \u00e9 que assistimos atualmente aumento consider\u00e1vel dos \u00f3bitos de pessoas mais jovens\u201d, declara o promotor.<\/p>\n<\/div>\n<div class=\"mc-column content-text active-extra-styles\" style=\"text-align: justify;\" data-block-type=\"raw\" data-block-weight=\"2\" data-block-id=\"30\">\n<div class=\"content-intertitle\">\n<h2>Verdadeiro\u00a0<em>lockdown<\/em><\/h2>\n<\/div>\n<\/div>\n<div class=\"mc-column content-text active-extra-styles \" style=\"text-align: justify;\" data-block-type=\"unstyled\" data-block-weight=\"30\" data-block-id=\"31\">\n<p class=\"content-text__container \" data-track-category=\"Link no Texto\" data-track-links=\"\">O promotor Marcelo Creste afirma que, pelas raz\u00f5es e informa\u00e7\u00f5es apresentadas no documento \u00e9 que se recomenda ao prefeito Ed Thomas que o &#8220;verdadeiro\u00a0<em>lockdown<\/em>&#8221; seja decretado em Presidente Prudente.<\/p>\n<\/div>\n<div class=\"mc-column content-text active-extra-styles \" style=\"text-align: justify;\" data-block-type=\"unstyled\" data-block-weight=\"57\" data-block-id=\"32\">\n<p class=\"content-text__container \" data-track-category=\"Link no Texto\" data-track-links=\"\">\u201cSobre o\u00a0<em>lockdown<\/em>, talvez pela polariza\u00e7\u00e3o pol\u00edtica que tomou conta do pa\u00eds, muitos apontaram a sua inefic\u00e1cia. Mas, na verdade, nunca tivemos um verdadeiro lockdown, mas sim restri\u00e7\u00f5es de atividade, com pouca efici\u00eancia epidemiol\u00f3gica e baixa efetividade social. Da\u00ed porque um lockdown mal feito e executado realmente ter\u00e1 problemas de efic\u00e1cia e de efetividade\u201d, explica o promotor.<\/p>\n<\/div>\n<div class=\"mc-column content-text active-extra-styles \" style=\"text-align: justify;\" data-block-type=\"unstyled\" data-block-weight=\"26\" data-block-id=\"33\">\n<p class=\"content-text__container \" data-track-category=\"Link no Texto\" data-track-links=\"\">Caso a decis\u00e3o de Ed Thomas seja a de acatar a recomenda\u00e7\u00e3o, o representante do MPE aponta a ado\u00e7\u00e3o de algumas medidas como necess\u00e1rias. S\u00e3o elas:<\/p>\n<\/div>\n<div class=\"mc-column content-text active-extra-styles\" style=\"text-align: justify;\" data-block-type=\"raw\" data-block-weight=\"96\" data-block-id=\"34\">\n<ul class=\"content-unordered-list\">\n<li><span class=\"highlight highlighted\">explicar \u00e0 sociedade a situa\u00e7\u00e3o epidemiol\u00f3gica da regi\u00e3o e do munic\u00edpio, em especial com os dados da (in) capacidade de resposta do sistema hospitalar;<\/span><\/li>\n<li><span class=\"highlight highlighted\">explicar o\u00a0<\/span><span class=\"highlight highlighted\"><em>lockdown\u00a0<\/em><\/span><span class=\"highlight highlighted\">e o que se pretende com ele e que, quanto maior for a coes\u00e3o social, mais breve ser\u00e1;<\/span><\/li>\n<li><span class=\"highlight highlighted\">estabelecer forte resposta social \u00e0s pessoas mais vulner\u00e1veis;<\/span><\/li>\n<li><span class=\"highlight highlighted\">implantar processo mais amplo de testagem e de rastreamento de contatos, inclusive para verificar a real queda da Rt e, assim, no momento certo, fazer o devido relaxamento da medida;<\/span><\/li>\n<li><span class=\"highlight highlighted\">articular com os demais prefeitos da regi\u00e3o para que a medida seja regional.<\/span><\/li>\n<\/ul>\n<\/div>\n<div class=\"mc-column content-text active-extra-styles\" style=\"text-align: justify;\" data-block-type=\"raw\" data-block-weight=\"1\" data-block-id=\"35\">\n<div class=\"content-intertitle\">\n<h2>Prefeitura<\/h2>\n<\/div>\n<\/div>\n<div class=\"mc-column content-text active-extra-styles \" style=\"text-align: justify;\" data-block-type=\"unstyled\" data-block-weight=\"22\" data-block-id=\"36\">\n<p class=\"content-text__container \" data-track-category=\"Link no Texto\" data-track-links=\"\">O\u00a0<strong>G1\u00a0<\/strong>solicitou um posicionamento sobre a recomenda\u00e7\u00e3o do MPE para a Prefeitura de Presidente Prudente, que respondeu atrav\u00e9s da seguinte nota:<\/p>\n<\/div>\n<div class=\"mc-column content-text active-extra-styles \" data-block-type=\"unstyled\" data-block-weight=\"57\" data-block-id=\"37\">\n<p class=\"content-text__container \" style=\"text-align: justify;\" data-track-category=\"Link no Texto\" data-track-links=\"\"><em>&#8220;A Prefeitura de Presidente Prudente informa que ir\u00e1 analisar o teor da recomenda\u00e7\u00e3o do MP, em conjunto com os membros do grupo executivo de trabalho e enfrentamento \u00e0 Covid-19. Tamb\u00e9m ser\u00e3o convidados representantes de diversos segmentos da sociedade civil para contribuir com as discuss\u00f5es, j\u00e1 que se trata de um tema de interesse de toda a sociedade&#8221;.<\/em><\/p>\n<p style=\"text-align: justify;\" data-track-category=\"Link no Texto\" data-track-links=\"\">Fonte: G1<\/p>\n<\/div>\n<div class=\"content-ads content-ads--reveal\" data-block-type=\"ads\" data-block-id=\"38\">\n<div id=\"banner_materia__e89bfb90-2a6a-475f-b2c9-c9185ee5adbd\" class=\"tag-manager-publicidade-container mc-has-reveal mc-has-ad-lazyload tag-manager-publicidade-banner_materia__e89bfb90-2a6a-475f-b2c9-c9185ee5adbd tag-manager-publicidade-container--carregado tag-manager-publicidade-container--visivel\" data-id=\"banner_materia__e89bfb90-2a6a-475f-b2c9-c9185ee5adbd\" data-req=\"true\" data-google-query-id=\"CPaujeHEhvECFaAwuQYdqaICSw\" data-cid=\"138349819975\" data-lid=\"5690529261\"><\/div>\n<\/div>\n<\/div>\n","protected":false},"excerpt":{"rendered":"<p>Motivo \u00e9 a atual situa\u00e7\u00e3o da regi\u00e3o, em especial do munic\u00edpio, com rela\u00e7\u00e3o a pandemia do novo coronav\u00edrus. Poder Executivo informou que vai analisar o teor do documento em conjunto com os membros do grupo de enfrentamento \u00e0 Covid-19 e representantes da sociedade civil. O Minist\u00e9rio P\u00fablico do Estado de S\u00e3o Paulo (MPE-SP), atrav\u00e9s do [&hellip;]<\/p>\n","protected":false},"author":1,"featured_media":48950,"comment_status":"closed","ping_status":"open","sticky":false,"template":"","format":"standard","meta":{"footnotes":""},"categories":[110,116],"tags":[],"class_list":["post-48949","post","type-post","status-publish","format-standard","has-post-thumbnail","hentry","category-noticiasdestaque","category-politicaeeconomia"],"_links":{"self":[{"href":"https:\/\/jorgezanoni.com.br\/2019\/wp-json\/wp\/v2\/posts\/48949","targetHints":{"allow":["GET"]}}],"collection":[{"href":"https:\/\/jorgezanoni.com.br\/2019\/wp-json\/wp\/v2\/posts"}],"about":[{"href":"https:\/\/jorgezanoni.com.br\/2019\/wp-json\/wp\/v2\/types\/post"}],"author":[{"embeddable":true,"href":"https:\/\/jorgezanoni.com.br\/2019\/wp-json\/wp\/v2\/users\/1"}],"replies":[{"embeddable":true,"href":"https:\/\/jorgezanoni.com.br\/2019\/wp-json\/wp\/v2\/comments?post=48949"}],"version-history":[{"count":0,"href":"https:\/\/jorgezanoni.com.br\/2019\/wp-json\/wp\/v2\/posts\/48949\/revisions"}],"wp:featuredmedia":[{"embeddable":true,"href":"https:\/\/jorgezanoni.com.br\/2019\/wp-json\/wp\/v2\/media\/48950"}],"wp:attachment":[{"href":"https:\/\/jorgezanoni.com.br\/2019\/wp-json\/wp\/v2\/media?parent=48949"}],"wp:term":[{"taxonomy":"category","embeddable":true,"href":"https:\/\/jorgezanoni.com.br\/2019\/wp-json\/wp\/v2\/categories?post=48949"},{"taxonomy":"post_tag","embeddable":true,"href":"https:\/\/jorgezanoni.com.br\/2019\/wp-json\/wp\/v2\/tags?post=48949"}],"curies":[{"name":"wp","href":"https:\/\/api.w.org\/{rel}","templated":true}]}}