{"id":4894,"date":"2019-08-30T02:05:06","date_gmt":"2019-08-30T02:05:06","guid":{"rendered":"https:\/\/jorgezanoni.com.br\/2019\/?p=4894"},"modified":"2019-08-30T02:05:06","modified_gmt":"2019-08-30T02:05:06","slug":"policia-civil-realiza-mais-um-ciclo-do-curso-de-especializacao-em-tecnicas-de-abordagem-policial-em-dracena","status":"publish","type":"post","link":"https:\/\/jorgezanoni.com.br\/2019\/policia-civil-realiza-mais-um-ciclo-do-curso-de-especializacao-em-tecnicas-de-abordagem-policial-em-dracena\/","title":{"rendered":"Policia Civil realiza mais um ciclo do curso de especializa\u00e7\u00e3o em t\u00e9cnicas de abordagem policial em Dracena"},"content":{"rendered":"<p style=\"text-align: justify;\"><strong>T\u00c9CNICAS DE ABORDAGEM POLICIAL: Policia Civil realiza mais um ciclo do curso de especializa\u00e7\u00e3o em t\u00e9cnicas de abordagem policial em Dracena<\/strong>.<\/p>\n<p><img loading=\"lazy\" decoding=\"async\" class=\"alignnone size-full wp-image-4895\" src=\"https:\/\/jorgezanoni.com.br\/2019\/wp-content\/uploads\/2019\/08\/tecnica1.jpg\" alt=\"\" width=\"1280\" height=\"622\" srcset=\"https:\/\/jorgezanoni.com.br\/2019\/wp-content\/uploads\/2019\/08\/tecnica1.jpg 1280w, https:\/\/jorgezanoni.com.br\/2019\/wp-content\/uploads\/2019\/08\/tecnica1-300x146.jpg 300w, https:\/\/jorgezanoni.com.br\/2019\/wp-content\/uploads\/2019\/08\/tecnica1-768x373.jpg 768w, https:\/\/jorgezanoni.com.br\/2019\/wp-content\/uploads\/2019\/08\/tecnica1-1024x498.jpg 1024w, https:\/\/jorgezanoni.com.br\/2019\/wp-content\/uploads\/2019\/08\/tecnica1-696x338.jpg 696w, https:\/\/jorgezanoni.com.br\/2019\/wp-content\/uploads\/2019\/08\/tecnica1-1068x519.jpg 1068w, https:\/\/jorgezanoni.com.br\/2019\/wp-content\/uploads\/2019\/08\/tecnica1-864x420.jpg 864w\" sizes=\"auto, (max-width: 1280px) 100vw, 1280px\" \/><\/p>\n<p style=\"text-align: justify;\">A Pol\u00edcia Civil, por interm\u00e9dio da Secretaria de Coordena\u00e7\u00e3o e Controle do Interior da Academia de Pol\u00edcia de S\u00e3o Paulo, com instrutores da Unidade de Ensino e Pesquisa (UEP) de Presidente Prudente, est\u00e3o ministrando mais um clico do Curso de Especializa\u00e7\u00e3o em T\u00e9cnicas de Abordagem Policial, em Dracena.<br \/>\nO curso com dura\u00e7\u00e3o de dois dias, quinta-feira (29) e sexta-feira (30), \u00e9 composto por aulas te\u00f3ricas ministradas no audit\u00f3rio da Delegacia Seccional de Pol\u00edcia de Dracena e, aulas pr\u00e1ticas com simula\u00e7\u00e3o a abordagem de pessoas e ve\u00edculos que ser\u00e3o aplicadas num clube de tiro, na \u00e1rea rural de Dracena.<br \/>\nAo todo 20 policiais civis, da \u00e1rea do Deinter-8, est\u00e3o matriculados aptos para frequentarem a turma 4\/2019, sendo que ao final ser\u00e3o contemplados com certificado de conclus\u00e3o de curso da Academia Pol\u00edcia de S\u00e3o Paulo.<\/p>\n<p><img loading=\"lazy\" decoding=\"async\" class=\"alignnone size-full wp-image-4896\" src=\"https:\/\/jorgezanoni.com.br\/2019\/wp-content\/uploads\/2019\/08\/tecnica.jpg\" alt=\"\" width=\"1280\" height=\"642\" srcset=\"https:\/\/jorgezanoni.com.br\/2019\/wp-content\/uploads\/2019\/08\/tecnica.jpg 1280w, https:\/\/jorgezanoni.com.br\/2019\/wp-content\/uploads\/2019\/08\/tecnica-300x150.jpg 300w, https:\/\/jorgezanoni.com.br\/2019\/wp-content\/uploads\/2019\/08\/tecnica-768x385.jpg 768w, https:\/\/jorgezanoni.com.br\/2019\/wp-content\/uploads\/2019\/08\/tecnica-1024x514.jpg 1024w, https:\/\/jorgezanoni.com.br\/2019\/wp-content\/uploads\/2019\/08\/tecnica-696x349.jpg 696w, https:\/\/jorgezanoni.com.br\/2019\/wp-content\/uploads\/2019\/08\/tecnica-1068x536.jpg 1068w, https:\/\/jorgezanoni.com.br\/2019\/wp-content\/uploads\/2019\/08\/tecnica-837x420.jpg 837w\" sizes=\"auto, (max-width: 1280px) 100vw, 1280px\" \/><\/p>\n<p>Fonte: Com. Social Pol\u00edcia Civil<\/p>\n","protected":false},"excerpt":{"rendered":"<p>T\u00c9CNICAS DE ABORDAGEM POLICIAL: Policia Civil realiza mais um ciclo do curso de especializa\u00e7\u00e3o em t\u00e9cnicas de abordagem policial em Dracena. A Pol\u00edcia Civil, por interm\u00e9dio da Secretaria de Coordena\u00e7\u00e3o e Controle do Interior da Academia de Pol\u00edcia de S\u00e3o Paulo, com instrutores da Unidade de Ensino e Pesquisa (UEP) de Presidente Prudente, est\u00e3o ministrando [&hellip;]<\/p>\n","protected":false},"author":1,"featured_media":4897,"comment_status":"closed","ping_status":"open","sticky":false,"template":"","format":"standard","meta":{"footnotes":""},"categories":[110,2],"tags":[],"class_list":["post-4894","post","type-post","status-publish","format-standard","has-post-thumbnail","hentry","category-noticiasdestaque","category-policial"],"_links":{"self":[{"href":"https:\/\/jorgezanoni.com.br\/2019\/wp-json\/wp\/v2\/posts\/4894","targetHints":{"allow":["GET"]}}],"collection":[{"href":"https:\/\/jorgezanoni.com.br\/2019\/wp-json\/wp\/v2\/posts"}],"about":[{"href":"https:\/\/jorgezanoni.com.br\/2019\/wp-json\/wp\/v2\/types\/post"}],"author":[{"embeddable":true,"href":"https:\/\/jorgezanoni.com.br\/2019\/wp-json\/wp\/v2\/users\/1"}],"replies":[{"embeddable":true,"href":"https:\/\/jorgezanoni.com.br\/2019\/wp-json\/wp\/v2\/comments?post=4894"}],"version-history":[{"count":0,"href":"https:\/\/jorgezanoni.com.br\/2019\/wp-json\/wp\/v2\/posts\/4894\/revisions"}],"wp:featuredmedia":[{"embeddable":true,"href":"https:\/\/jorgezanoni.com.br\/2019\/wp-json\/wp\/v2\/media\/4897"}],"wp:attachment":[{"href":"https:\/\/jorgezanoni.com.br\/2019\/wp-json\/wp\/v2\/media?parent=4894"}],"wp:term":[{"taxonomy":"category","embeddable":true,"href":"https:\/\/jorgezanoni.com.br\/2019\/wp-json\/wp\/v2\/categories?post=4894"},{"taxonomy":"post_tag","embeddable":true,"href":"https:\/\/jorgezanoni.com.br\/2019\/wp-json\/wp\/v2\/tags?post=4894"}],"curies":[{"name":"wp","href":"https:\/\/api.w.org\/{rel}","templated":true}]}}