{"id":48926,"date":"2021-06-06T23:31:19","date_gmt":"2021-06-06T23:31:19","guid":{"rendered":"https:\/\/jorgezanoni.com.br\/2019\/?p=48926"},"modified":"2021-06-06T23:31:19","modified_gmt":"2021-06-06T23:31:19","slug":"moradores-reclamam-de-grande-quantidade-de-pernilongos-em-bairro-de-dracena","status":"publish","type":"post","link":"https:\/\/jorgezanoni.com.br\/2019\/moradores-reclamam-de-grande-quantidade-de-pernilongos-em-bairro-de-dracena\/","title":{"rendered":"Moradores reclamam de grande quantidade de pernilongos em Bairro de Dracena"},"content":{"rendered":"<p style=\"text-align: justify;\">Moradores do Jardim Bortolato em Dracena, est\u00e3o reclamando da grande quantidade de Pernilongos existentes no Bairro.<\/p>\n<p style=\"text-align: justify;\">Pelas imagens enviadas \u00e9 poss\u00edvel observar que o sono dos moradores est\u00e1 comprometido.<\/p>\n<p style=\"text-align: justify;\">Pedem para que os respons\u00e1veis pelo setor passem para\u00a0 dar uma aten\u00e7\u00e3o especial para aquela regi\u00e3o da cidade.<\/p>\n<p><img loading=\"lazy\" decoding=\"async\" class=\"alignnone size-full wp-image-48929\" src=\"https:\/\/jorgezanoni.com.br\/2019\/wp-content\/uploads\/2021\/06\/Perni1.jpg\" alt=\"\" width=\"774\" height=\"596\" srcset=\"https:\/\/jorgezanoni.com.br\/2019\/wp-content\/uploads\/2021\/06\/Perni1.jpg 774w, https:\/\/jorgezanoni.com.br\/2019\/wp-content\/uploads\/2021\/06\/Perni1-300x231.jpg 300w, https:\/\/jorgezanoni.com.br\/2019\/wp-content\/uploads\/2021\/06\/Perni1-768x591.jpg 768w, https:\/\/jorgezanoni.com.br\/2019\/wp-content\/uploads\/2021\/06\/Perni1-696x536.jpg 696w, https:\/\/jorgezanoni.com.br\/2019\/wp-content\/uploads\/2021\/06\/Perni1-545x420.jpg 545w\" sizes=\"auto, (max-width: 774px) 100vw, 774px\" \/><\/p>\n<p style=\"text-align: justify;\">Jorge Zanoni<\/p>\n<p style=\"text-align: justify;\">Fotos de Internauta<\/p>\n","protected":false},"excerpt":{"rendered":"<p>Moradores do Jardim Bortolato em Dracena, est\u00e3o reclamando da grande quantidade de Pernilongos existentes no Bairro. Pelas imagens enviadas \u00e9 poss\u00edvel observar que o sono dos moradores est\u00e1 comprometido. Pedem para que os respons\u00e1veis pelo setor passem para\u00a0 dar uma aten\u00e7\u00e3o especial para aquela regi\u00e3o da cidade. Jorge Zanoni Fotos de Internauta<\/p>\n","protected":false},"author":1,"featured_media":48928,"comment_status":"closed","ping_status":"open","sticky":false,"template":"","format":"standard","meta":{"footnotes":""},"categories":[179,184,110],"tags":[],"class_list":["post-48926","post","type-post","status-publish","format-standard","has-post-thumbnail","hentry","category-cidadeseregiao","category-dracena","category-noticiasdestaque"],"_links":{"self":[{"href":"https:\/\/jorgezanoni.com.br\/2019\/wp-json\/wp\/v2\/posts\/48926","targetHints":{"allow":["GET"]}}],"collection":[{"href":"https:\/\/jorgezanoni.com.br\/2019\/wp-json\/wp\/v2\/posts"}],"about":[{"href":"https:\/\/jorgezanoni.com.br\/2019\/wp-json\/wp\/v2\/types\/post"}],"author":[{"embeddable":true,"href":"https:\/\/jorgezanoni.com.br\/2019\/wp-json\/wp\/v2\/users\/1"}],"replies":[{"embeddable":true,"href":"https:\/\/jorgezanoni.com.br\/2019\/wp-json\/wp\/v2\/comments?post=48926"}],"version-history":[{"count":0,"href":"https:\/\/jorgezanoni.com.br\/2019\/wp-json\/wp\/v2\/posts\/48926\/revisions"}],"wp:featuredmedia":[{"embeddable":true,"href":"https:\/\/jorgezanoni.com.br\/2019\/wp-json\/wp\/v2\/media\/48928"}],"wp:attachment":[{"href":"https:\/\/jorgezanoni.com.br\/2019\/wp-json\/wp\/v2\/media?parent=48926"}],"wp:term":[{"taxonomy":"category","embeddable":true,"href":"https:\/\/jorgezanoni.com.br\/2019\/wp-json\/wp\/v2\/categories?post=48926"},{"taxonomy":"post_tag","embeddable":true,"href":"https:\/\/jorgezanoni.com.br\/2019\/wp-json\/wp\/v2\/tags?post=48926"}],"curies":[{"name":"wp","href":"https:\/\/api.w.org\/{rel}","templated":true}]}}